{"id":4188,"date":"2017-07-04T14:23:49","date_gmt":"2017-07-04T14:23:49","guid":{"rendered":"https:\/\/centros.uepb.edu.br\/ccbsa\/?p=4188"},"modified":"2017-07-04T14:35:50","modified_gmt":"2017-07-04T14:35:50","slug":"21o-encontro-nacional-de-estudantes-de-arquivologia-tem-inicio-no-campus-v-da-uepb-com-mais-de-200-participantes","status":"publish","type":"post","link":"https:\/\/centros.uepb.edu.br\/ccbsa\/21o-encontro-nacional-de-estudantes-de-arquivologia-tem-inicio-no-campus-v-da-uepb-com-mais-de-200-participantes\/","title":{"rendered":"21\u00ba Encontro Nacional de Estudantes de Arquivologia tem in\u00edcio no Campus V da UEPB com mais de 200 participantes"},"content":{"rendered":"<p><a href=\"https:\/\/centros.uepb.edu.br\/ccbsa\/files\/2017\/07\/DSC06949.jpg\"><img loading=\"lazy\" decoding=\"async\" class=\"aligncenter size-full wp-image-4189 img-responsive\" src=\"https:\/\/centros.uepb.edu.br\/ccbsa\/files\/2017\/07\/DSC06949.jpg\" alt=\"\" width=\"840\" height=\"471\" srcset=\"https:\/\/centros.uepb.edu.br\/ccbsa\/files\/2017\/07\/DSC06949.jpg 840w, https:\/\/centros.uepb.edu.br\/ccbsa\/files\/2017\/07\/DSC06949-300x168.jpg 300w, https:\/\/centros.uepb.edu.br\/ccbsa\/files\/2017\/07\/DSC06949-768x431.jpg 768w, https:\/\/centros.uepb.edu.br\/ccbsa\/files\/2017\/07\/DSC06949-370x207.jpg 370w\" sizes=\"auto, (max-width: 840px) 100vw, 840px\" \/><\/a><\/p>\n<p>Entre a emo\u00e7\u00e3o de reunir viv\u00eancias de todo o pa\u00eds em torno das mesmas discuss\u00f5es e a reflex\u00e3o sobre os rumos da forma\u00e7\u00e3o profissional e a necessidade de fortalecimento da \u00e1rea, teve in\u00edcio na noite desta segunda-feira (3), no Centro Cultural Ariano Suassuna do Tribunal de Contas do Estado da Para\u00edba, a 21\u00aa edi\u00e7\u00e3o do Encontro Nacional dos Estudantes de Arquivologia, que ser\u00e1 realizado at\u00e9 o dia 7 de julho, no Campus V da Universidade Estadual da Para\u00edba, em Jo\u00e3o Pessoa.<\/p>\n<p>O evento conta com a participa\u00e7\u00e3o de duzentos estudantes da Para\u00edba, Bahia, Esp\u00edrito Santo, Santa Catarina, Par\u00e1, Rio de Janeiro, S\u00e3o Paulo, Bras\u00edlia e Paran\u00e1, que acompanham os minicursos, palestras, oficinas, exposi\u00e7\u00f5es de trabalhos, rodas de di\u00e1logo, atividades esportivas e culturais que integram a programa\u00e7\u00e3o do 21\u00ba ENEARQ.<\/p>\n<p><a href=\"https:\/\/centros.uepb.edu.br\/ccbsa\/files\/2017\/07\/DSC06916.jpg\"><img loading=\"lazy\" decoding=\"async\" class=\"aligncenter size-full wp-image-4190 img-responsive\" src=\"https:\/\/centros.uepb.edu.br\/ccbsa\/files\/2017\/07\/DSC06916.jpg\" alt=\"\" width=\"840\" height=\"454\" srcset=\"https:\/\/centros.uepb.edu.br\/ccbsa\/files\/2017\/07\/DSC06916.jpg 840w, https:\/\/centros.uepb.edu.br\/ccbsa\/files\/2017\/07\/DSC06916-300x162.jpg 300w, https:\/\/centros.uepb.edu.br\/ccbsa\/files\/2017\/07\/DSC06916-768x415.jpg 768w, https:\/\/centros.uepb.edu.br\/ccbsa\/files\/2017\/07\/DSC06916-370x200.jpg 370w\" sizes=\"auto, (max-width: 840px) 100vw, 840px\" \/><\/a><\/p>\n<p>Para recepcionar os participantes do evento na noite de abertura, o Grupo de Tradi\u00e7\u00f5es Populares da UEPB, Acau\u00e3 da Serra, apresentou parte do espet\u00e1culo \u201cCores, ritmos e tradi\u00e7\u00f5es\u201d, com uma amostra de m\u00fasicas e dan\u00e7as nordestinas, tais como: Bai\u00e3o, Xote, Araruna e Quadrilha. De acordo com o diretor do Acau\u00e3 da Serra, Agnaldo Barbosa, o grupo, que \u00e9 composto por 49 integrantes, passou um ano preparando o novo n\u00famero que tamb\u00e9m deve ser apresentado em festivais pelo Brasil e exterior. Segundo ele o grupo viaja de 23 de julho a 10 de agosto para participar de festivais em Nova Petr\u00f3polis, Rio Grande do Sul; Quinta do Sol, Paran\u00e1 e Ol\u00edmpia, S\u00e3o Paulo.<\/p>\n<p>A mesa de abertura do evento contou com a participa\u00e7\u00e3o do pro-reitor Jos\u00e9 Cristov\u00e3o Andrade, na ocasi\u00e3o representando o reitor da UEPB, professor Rangel J\u00fanior; a diretora do Centro de Ci\u00eancias Biol\u00f3gicas e Sociais Aplicadas, Jacqueline Echeverr\u00eda Barrancos; a coordenadora do curso de Arquivologia Esmeralda Porf\u00edrio de Sales; a presidente da Associa\u00e7\u00e3o dos Arquivistas da Para\u00edba, R\u00e9gia F\u00e9lix; a vereadora Sandra Marrocos; a presidente da comiss\u00e3o organizadora do 21\u00ba ENEARQ e membro da Executiva Nacional dos Estudantes de Arquivologia (ENEA), Yara Andrade e o representante do Centro Acad\u00eamico Briggida Louren\u00e7o e integrante da comiss\u00e3o organizadora do evento, Junio Felipe.<\/p>\n<p>Em sua fala, o pro-reitor de Cultura, Cristov\u00e3o Andrade, destacou a import\u00e2ncia do ENEARQ para evidenciar o papel das universidades na forma\u00e7\u00e3o de profissionais comprometidos com o desenvolvimento do pa\u00eds e dos estados.<\/p>\n<p><a href=\"https:\/\/centros.uepb.edu.br\/ccbsa\/files\/2017\/07\/DSC06960.jpg\"><img loading=\"lazy\" decoding=\"async\" class=\"aligncenter size-full wp-image-4191 img-responsive\" src=\"https:\/\/centros.uepb.edu.br\/ccbsa\/files\/2017\/07\/DSC06960.jpg\" alt=\"\" width=\"840\" height=\"471\" srcset=\"https:\/\/centros.uepb.edu.br\/ccbsa\/files\/2017\/07\/DSC06960.jpg 840w, https:\/\/centros.uepb.edu.br\/ccbsa\/files\/2017\/07\/DSC06960-300x168.jpg 300w, https:\/\/centros.uepb.edu.br\/ccbsa\/files\/2017\/07\/DSC06960-768x431.jpg 768w, https:\/\/centros.uepb.edu.br\/ccbsa\/files\/2017\/07\/DSC06960-370x207.jpg 370w\" sizes=\"auto, (max-width: 840px) 100vw, 840px\" \/><\/a><\/p>\n<p>\u201cEsse encontro acontece no momento em que as universidades discutem a import\u00e2ncia dos investimentos p\u00fablicos para a forma\u00e7\u00e3o profissional. E mais uma vez a UEPB mostra que ela \u00e9 importante, \u00e9 forte, estando \u00e0 frente da organiza\u00e7\u00e3o de um evento com essa magnitude. Iniciativas como essa oxigenam nossas a\u00e7\u00f5es e trazem um novo f\u00f4lego para encararmos os desafios que se apresentam e mostrarmos \u00e0 sociedade o nosso papel\u201d, avaliou o pro-reitor.<\/p>\n<p>A diretora do CCBSA, professora Jacqueline Barrancos, enalteceu a escolha apropriada do tema do evento. \u201cO ENEARQ \u00e9 uma oportunidade relevante para o avan\u00e7o do conhecimento, tendo em vista que a Arquivologia tem trilhado algumas dificuldades mas, que agora se consolida. E a escolha da tem\u00e1tica relacionada ao Empreendedorismo e Associativismo \u00e9 pertinente pois, apresenta aos estudantes um outro horizonte, outro \u00e2ngulo para pensar em termos de mercado de trabalho, de oportunidades\u201d, analisa a diretora.<\/p>\n<p>Para a coordenadora do curso de Arquivologia, Esmeralda Porf\u00edrio de Sales, \u201cem sua terceira edi\u00e7\u00e3o do ENEARQ realizada no estado, a Para\u00edba sedia discuss\u00f5es renovadas e inseridas em novos contextos, num panorama da Arquivologia diferenciado, tendo em vista que em 2011, quando pela primeira vez o ENEARQ foi sediado na UEPB, havia um quantitativo menor de cursos em todo o pa\u00eds e uma conjuntura tecnol\u00f3gica e profissional diferente do que vivenciamos hoje\u201d, reflete a docente.<\/p>\n<p>Em sua fala de abertura oficial do ENEARQ, a estudante Yara Andrade, agradeceu o envolvimento dos estudantes e docentes que colaboraram com a realiza\u00e7\u00e3o do evento, lembrou da contribui\u00e7\u00e3o do grupo de patrocinadores do 21\u00ba ENEARQ, em especial o apoio da UEPB para realiza\u00e7\u00e3o das atividades, e recordou o momento da escolha do tema do evento, que segundo ela, foi pensado para refletir os anseios da classe estudantil da Arquivologia, que, embora re\u00fana jovens das mais variadas \u00e1reas e culturas, tendem a encontrar-se diante das mesmas dificuldades e reflex\u00f5es ao seguir carreira profissional. Na ocasi\u00e3o, a estudante anunciou a premia\u00e7\u00e3o surpresa &#8220;Amigo do ENEARQ&#8221; destinada a docentes que mais colaboraram para que o evento se realizasse. Foram laureados a coordenadora do curso de Arquivologia, Esmeralda Sales, a diretora do CCBSA, Jacqueline Barrancos e o professor Josemar Henrique de Melo.<\/p>\n<p><a href=\"https:\/\/centros.uepb.edu.br\/ccbsa\/files\/2017\/07\/DSC07015.jpg\"><img loading=\"lazy\" decoding=\"async\" class=\"aligncenter size-full wp-image-4192 img-responsive\" src=\"https:\/\/centros.uepb.edu.br\/ccbsa\/files\/2017\/07\/DSC07015.jpg\" alt=\"\" width=\"840\" height=\"471\" srcset=\"https:\/\/centros.uepb.edu.br\/ccbsa\/files\/2017\/07\/DSC07015.jpg 840w, https:\/\/centros.uepb.edu.br\/ccbsa\/files\/2017\/07\/DSC07015-300x168.jpg 300w, https:\/\/centros.uepb.edu.br\/ccbsa\/files\/2017\/07\/DSC07015-768x431.jpg 768w, https:\/\/centros.uepb.edu.br\/ccbsa\/files\/2017\/07\/DSC07015-370x207.jpg 370w\" sizes=\"auto, (max-width: 840px) 100vw, 840px\" \/><\/a><\/p>\n<p>A confer\u00eancia de abertura \u201cArquivista e Associativismo: algumas reflex\u00f5es\u201d, foi proferida pela docente da Universidade de Bras\u00edlia Katia Isabelli Barros e Melo, que \u00e9 doutora em Arquivos e Bibliotecas pela Universidade Carlos III, de Madrid. Na oportunidade, a docente trouxe para o evento uma reflex\u00e3o que foi suscitada em sua tese de doutorado, publicada em livro, discutindo a tr\u00edade composta pelos cursos de forma\u00e7\u00e3o em Arquivologia, os coletivos profissionais e o mercado laboral, a rela\u00e7\u00e3o destes com o arquivista. A docente ressaltou a necessidade de serem possibilitadas discuss\u00f5es com essa tem\u00e1tica a fim de despertar os estudantes e profissionais para a import\u00e2ncia das iniciativas que trazem visibilidade e fortalecimento para categoria, tais como as associa\u00e7\u00f5es.<\/p>\n<p>\u201cEu ministro uma disciplina sobre a visibilidade do profissional, que \u00e9 com base na minha tese e, em meus estudos, eu percebi que nos grandes congressos e eventos da \u00e1rea os estudos e as reflex\u00f5es est\u00e3o muito voltadas ao arquivo e \u00e0 praxis profissional, deixando de lado o profissional arquivista, quem \u00e9, o que ele faz, a import\u00e2ncia do trabalho dele para a sociedade. Ent\u00e3o, momentos como esse, quando se traz uma discuss\u00e3o que est\u00e1 voltada ao arquivista, \u00e0s possibilidades profissionais e \u00e0s perspectivas de fortalecimento a partir do associativismo, \u00e9 algo de grande valia\u201d, explica a conferencista.<\/p>\n<p><strong>Programa\u00e7\u00e3o<\/strong><\/p>\n<p>Com o tema \u201cAssociativismo e empreendedorismo: aspectos na forma\u00e7\u00e3o do arquivista\u201d o 21\u00ba ENEARQ re\u00fane discentes, docentes, pesquisadores e profissionais de Arquivologia e \u00e1reas afins, de todo o pa\u00eds, para discutir quest\u00f5es relacionadas ao cen\u00e1rio arquiv\u00edstico da atualidade, tais como: a gest\u00e3o de documentos digitais, gest\u00e3o de carreira, empreendedorismo, direitos trabalhistas, a conjuntura nacional e seu reflexo na arquivologia, dentre outros.<\/p>\n<p>Al\u00e9m da programa\u00e7\u00e3o acad\u00eamica o evento contar\u00e1 com a 8\u00aa edi\u00e7\u00e3o da COPARQ, competi\u00e7\u00e3o esportiva tradicional entre os participantes do Encontro Nacional de Estudantes de Arquivologia, que ser\u00e1 realizada no dia 6 de julho, no Gin\u00e1sio do Campus V. A iniciativa tem o objetivo de promover a integra\u00e7\u00e3o e socializa\u00e7\u00e3o atrav\u00e9s do esporte entre diferentes universidades, evidenciando a import\u00e2ncia da pr\u00e1tica do Futsal para a qualidade de vida dos participantes do evento.<\/p>\n<p>Os trabalhos aprovados para exposi\u00e7\u00e3o ser\u00e3o apresentados nas modalidades de resumo expandido e monografia, nos eixos tem\u00e1ticos: a arquivologia e sua dimens\u00e3o acad\u00eamica; gest\u00e3o arquiv\u00edstica na constru\u00e7\u00e3o da articula\u00e7\u00e3o social; patrim\u00f4nio, mem\u00f3ria e informa\u00e7\u00e3o; a Tecnologia da Informa\u00e7\u00e3o e o empreendedorismo: alternativas no mercado de trabalho arquiv\u00edstico.<\/p>\n<p><strong>Hist\u00f3rico<\/strong><\/p>\n<p>O Encontro Nacional dos Estudantes de Arquivologia (ENEARQ) \u00e9 organizado pela Executiva Nacional dos Estudantes de Arquivologia (ENEA) com a participa\u00e7\u00e3o dos Centros e Diret\u00f3rios Acad\u00eamicos de Arquivologia das universidades brasileiras. Realizado desde 1997, trata-se de um evento consolidado e conhecido nacionalmente com a finalidade de intera\u00e7\u00e3o e promo\u00e7\u00e3o de debates, entre graduandos e graduados que podem expor assuntos vivenciados cotidianamente nas suas institui\u00e7\u00f5es de ensino e em seus ambientes de trabalho, contribuindo assim para sua forma\u00e7\u00e3o acad\u00eamica, profissional, pol\u00edtica e cultural.<\/p>\n<p>Esse ano \u00e9 a terceira vez que o evento \u00e9 realizado em Jo\u00e3o Pessoa, tendo ocorrido em 2011 na UEPB e em 2014 na UFPB. Nesta edi\u00e7\u00e3o, o evento \u00e9 realizado com o apoio do Curso de Arquivologia da UEPB, Centro Acad\u00eamico Briggida Louren\u00e7o, dire\u00e7\u00e3o do Centro de Ci\u00eancias Biol\u00f3gicas Sociais Aplicadas \u2013 CCBSA e Associa\u00e7\u00e3o dos Arquivistas da Para\u00edba \u2013 AAPB. Foram patrocinadores do evento a UEPB, EDUEPB, AAPB, Editora UFPB, Funda\u00e7\u00e3o Casa de Jos\u00e9 Am\u00e9rico, Arquivo Afonso Pereira, C\u00e3mara Municipal de Jo\u00e3o Pessoa, Dore, F&amp;A Eventos, Isis, Pedro Pereira de Sousa Neto Advogados, Mercadinho Pague Menos, S\u00e3o Braz, Pixelvivo Solu\u00e7\u00f5es Web, 9Bravos, Passe Vip e Governo do Estado da Para\u00edba.<\/p>\n<p>Outras informa\u00e7\u00f5es:\u00a0<a href=\"http:\/\/enearq2017.com.br\/\">http:\/\/enearq2017.com.br\/<\/a><\/p>\n","protected":false},"excerpt":{"rendered":"<p>Entre a emo\u00e7\u00e3o de reunir viv\u00eancias de todo o pa\u00eds em torno das mesmas discuss\u00f5es e a reflex\u00e3o sobre os rumos da forma\u00e7\u00e3o profissional e a necessidade de fortalecimento da \u00e1rea, teve in\u00edcio na noite desta segunda-feira (3), no Centro Cultural Ariano Suassuna do Tribunal de Contas do Estado da Para\u00edba, a 21\u00aa edi\u00e7\u00e3o do <a class=\"leiamais\" href=\"https:\/\/centros.uepb.edu.br\/ccbsa\/21o-encontro-nacional-de-estudantes-de-arquivologia-tem-inicio-no-campus-v-da-uepb-com-mais-de-200-participantes\/\">Leia Mais&#8230;<\/a><\/p>\n","protected":false},"author":8,"featured_media":4189,"comment_status":"closed","ping_status":"closed","sticky":false,"template":"","format":"standard","meta":{"footnotes":""},"categories":[3,11],"tags":[],"class_list":["post-4188","post","type-post","status-publish","format-standard","has-post-thumbnail","hentry","category-noticias","category-noticias-destaque-img"],"jetpack_featured_media_url":"https:\/\/centros.uepb.edu.br\/ccbsa\/files\/2017\/07\/DSC06949.jpg","_links":{"self":[{"href":"https:\/\/centros.uepb.edu.br\/ccbsa\/wp-json\/wp\/v2\/posts\/4188","targetHints":{"allow":["GET"]}}],"collection":[{"href":"https:\/\/centros.uepb.edu.br\/ccbsa\/wp-json\/wp\/v2\/posts"}],"about":[{"href":"https:\/\/centros.uepb.edu.br\/ccbsa\/wp-json\/wp\/v2\/types\/post"}],"author":[{"embeddable":true,"href":"https:\/\/centros.uepb.edu.br\/ccbsa\/wp-json\/wp\/v2\/users\/8"}],"replies":[{"embeddable":true,"href":"https:\/\/centros.uepb.edu.br\/ccbsa\/wp-json\/wp\/v2\/comments?post=4188"}],"version-history":[{"count":0,"href":"https:\/\/centros.uepb.edu.br\/ccbsa\/wp-json\/wp\/v2\/posts\/4188\/revisions"}],"wp:featuredmedia":[{"embeddable":true,"href":"https:\/\/centros.uepb.edu.br\/ccbsa\/wp-json\/wp\/v2\/media\/4189"}],"wp:attachment":[{"href":"https:\/\/centros.uepb.edu.br\/ccbsa\/wp-json\/wp\/v2\/media?parent=4188"}],"wp:term":[{"taxonomy":"category","embeddable":true,"href":"https:\/\/centros.uepb.edu.br\/ccbsa\/wp-json\/wp\/v2\/categories?post=4188"},{"taxonomy":"post_tag","embeddable":true,"href":"https:\/\/centros.uepb.edu.br\/ccbsa\/wp-json\/wp\/v2\/tags?post=4188"}],"curies":[{"name":"wp","href":"https:\/\/api.w.org\/{rel}","templated":true}]}}