{"id":4182,"date":"2017-06-26T15:08:52","date_gmt":"2017-06-26T15:08:52","guid":{"rendered":"https:\/\/centros.uepb.edu.br\/ccbsa\/?p=4182"},"modified":"2017-06-29T12:31:35","modified_gmt":"2017-06-29T12:31:35","slug":"estao-abertas-as-inscricoes-para-o-encontro-nacional-de-estudantes-de-arquivologia-que-sera-realizado-de-3-a-7-de-julho","status":"publish","type":"post","link":"https:\/\/centros.uepb.edu.br\/ccbsa\/estao-abertas-as-inscricoes-para-o-encontro-nacional-de-estudantes-de-arquivologia-que-sera-realizado-de-3-a-7-de-julho\/","title":{"rendered":"Est\u00e3o abertas as inscri\u00e7\u00f5es para o Encontro Nacional de Estudantes de Arquivologia que ser\u00e1 realizado de 3 a 7 de julho"},"content":{"rendered":"<p><a href=\"https:\/\/centros.uepb.edu.br\/ccbsa\/files\/2017\/06\/LOGO_SITE_UEPB_006-01.jpg\"><img loading=\"lazy\" decoding=\"async\" class=\"aligncenter size-full wp-image-4172 img-responsive\" src=\"https:\/\/centros.uepb.edu.br\/ccbsa\/files\/2017\/06\/LOGO_SITE_UEPB_006-01.jpg\" alt=\"\" width=\"840\" height=\"454\" srcset=\"https:\/\/centros.uepb.edu.br\/ccbsa\/files\/2017\/06\/LOGO_SITE_UEPB_006-01.jpg 840w, https:\/\/centros.uepb.edu.br\/ccbsa\/files\/2017\/06\/LOGO_SITE_UEPB_006-01-300x162.jpg 300w, https:\/\/centros.uepb.edu.br\/ccbsa\/files\/2017\/06\/LOGO_SITE_UEPB_006-01-768x415.jpg 768w, https:\/\/centros.uepb.edu.br\/ccbsa\/files\/2017\/06\/LOGO_SITE_UEPB_006-01-370x200.jpg 370w\" sizes=\"auto, (max-width: 840px) 100vw, 840px\" \/><\/a><\/p>\n<p>Minicursos, palestras, oficinas, exposi\u00e7\u00f5es de trabalhos, rodas de di\u00e1logo, atividades esportivas e culturais, s\u00e3o algumas das iniciativas que integram a programa\u00e7\u00e3o do 21\u00ba Encontro Nacional dos Estudantes de Arquivologia, que ser\u00e1 realizado de 3 a 7 de julho, no Campus V da Universidade Estadual da Para\u00edba, em Jo\u00e3o Pessoa.<\/p>\n<p>A solenidade de abertura do evento ser\u00e1 dia 3 de julho, \u00e0s 17h30, no Centro Cultural Ariano Suassuna do Tribunal de Contas do Estado da Para\u00edba, localizado \u00e0 Rua Professor Geraldo Von Sohsten, Jaguaribe. Na ocasi\u00e3o ser\u00e1 apresentada uma discuss\u00e3o sobre \u201cArquivista e Associativismo: algumas reflex\u00f5es\u201d, com a participa\u00e7\u00e3o da docente da Universidade de Bras\u00edlia Katia Barros e Melo. Doutora em Documenta\u00e7\u00e3o pela Universidad Carlos III de Madrid a palestrante tamb\u00e9m integra o Conselho Editorial da Revista Cen\u00e1rio Arquiv\u00edstico e a Associa\u00e7\u00e3o Brasiliense de Arquivologia.<\/p>\n<p>Com o tema \u201cAssociativismo e empreendedorismo: aspectos na forma\u00e7\u00e3o do arquivista\u201d o evento re\u00fane discentes, docentes, pesquisadores e profissionais de Arquivologia e \u00e1reas afins, de todo o pa\u00eds, para discutir quest\u00f5es relacionadas ao cen\u00e1rio arquiv\u00edstico da atualidade, tais como: a gest\u00e3o de documentos digitais, gest\u00e3o de carreira, empreendedorismo, direitos trabalhistas, a conjuntura nacional e seu reflexo na arquivologia, dentre outros.<\/p>\n<p>Al\u00e9m da programa\u00e7\u00e3o acad\u00eamica o evento contar\u00e1 com a 8\u00aa edi\u00e7\u00e3o da COPARQ, competi\u00e7\u00e3o esportiva tradicional entre os participantes do Encontro Nacional de Estudantes de Arquivologia, que ser\u00e1 realizada no dia 6 de julho, no Gin\u00e1sio do Campus V. A iniciativa tem o objetivo de promover a integra\u00e7\u00e3o e socializa\u00e7\u00e3o atrav\u00e9s do esporte entre diferentes universidades, evidenciando a import\u00e2ncia da pr\u00e1tica do Futsal para a qualidade de vida dos participantes do evento.<\/p>\n<p>Os trabalhos aprovados para exposi\u00e7\u00e3o ser\u00e3o apresentados nas modalidades de resumo expandido e monografia, nos eixos tem\u00e1ticos: a arquivologia e sua dimens\u00e3o acad\u00eamica; gest\u00e3o arquiv\u00edstica na constru\u00e7\u00e3o da articula\u00e7\u00e3o social; patrim\u00f4nio, mem\u00f3ria e informa\u00e7\u00e3o; a Tecnologia da Informa\u00e7\u00e3o e o empreendedorismo: alternativas no mercado de trabalho arquiv\u00edstico.<\/p>\n<p>As inscri\u00e7\u00f5es s\u00e3o realizadas at\u00e9 o 3 de julho pela Internet ou presencialmente, nos pacotes \u201cArmaria\u201d e \u201cOxente\u201d, que d\u00e3o direito \u00e0 participa\u00e7\u00e3o nas atividades cient\u00edficas e culturais e COPARQ, com a op\u00e7\u00e3o de incluir alimenta\u00e7\u00e3o e alojamento. Estudantes da Para\u00edba podem realizar a inscri\u00e7\u00e3o do evento com desconto.<\/p>\n<p><strong>Hist\u00f3rico<\/strong><\/p>\n<p>O Encontro Nacional dos Estudantes de Arquivologia (ENEARQ) \u00e9 organizado pela Executiva Nacional dos Estudantes de Arquivologia (ENEA) com a participa\u00e7\u00e3o dos Centros e Diret\u00f3rios Acad\u00eamicos de Arquivologia das universidades brasileiras. Realizado desde 1997, trata-se de um evento consolidado e conhecido nacionalmente com a finalidade de intera\u00e7\u00e3o e promo\u00e7\u00e3o de debates, entre graduandos e graduados que podem expor assuntos vivenciados cotidianamente nas suas institui\u00e7\u00f5es de ensino e em seus ambientes de trabalho, contribuindo assim para sua forma\u00e7\u00e3o acad\u00eamica, profissional, pol\u00edtica e cultural.<\/p>\n<p>Em 2017 ser\u00e1 a terceira vez que o evento \u00e9 realizado em Jo\u00e3o Pessoa, tendo ocorrido em 2011 na UEPB e em 2014 na UFPB. Neste ano, o evento \u00e9 realizado com o apoio do Centro Acad\u00eamico Briggida Louren\u00e7o, dire\u00e7\u00e3o do Centro de Ci\u00eancias Biol\u00f3gicas Sociais Aplicadas \u2013 CCBSA e Associa\u00e7\u00e3o dos Arquivistas da Para\u00edba \u2013 AAPB.<\/p>\n<p>Outras informa\u00e7\u00f5es: <a href=\"http:\/\/enearq2017.com.br\/\">http:\/\/enearq2017.com.br\/<\/a><\/p>\n","protected":false},"excerpt":{"rendered":"<p>Minicursos, palestras, oficinas, exposi\u00e7\u00f5es de trabalhos, rodas de di\u00e1logo, atividades esportivas e culturais, s\u00e3o algumas das iniciativas que integram a programa\u00e7\u00e3o do 21\u00ba Encontro Nacional dos Estudantes de Arquivologia, que ser\u00e1 realizado de 3 a 7 de julho, no Campus V da Universidade Estadual da Para\u00edba, em Jo\u00e3o Pessoa. A solenidade de abertura do evento <a class=\"leiamais\" href=\"https:\/\/centros.uepb.edu.br\/ccbsa\/estao-abertas-as-inscricoes-para-o-encontro-nacional-de-estudantes-de-arquivologia-que-sera-realizado-de-3-a-7-de-julho\/\">Leia Mais&#8230;<\/a><\/p>\n","protected":false},"author":8,"featured_media":4172,"comment_status":"closed","ping_status":"closed","sticky":false,"template":"","format":"standard","meta":{"footnotes":""},"categories":[3,11],"tags":[],"class_list":["post-4182","post","type-post","status-publish","format-standard","has-post-thumbnail","hentry","category-noticias","category-noticias-destaque-img"],"jetpack_featured_media_url":"https:\/\/centros.uepb.edu.br\/ccbsa\/files\/2017\/06\/LOGO_SITE_UEPB_006-01.jpg","_links":{"self":[{"href":"https:\/\/centros.uepb.edu.br\/ccbsa\/wp-json\/wp\/v2\/posts\/4182","targetHints":{"allow":["GET"]}}],"collection":[{"href":"https:\/\/centros.uepb.edu.br\/ccbsa\/wp-json\/wp\/v2\/posts"}],"about":[{"href":"https:\/\/centros.uepb.edu.br\/ccbsa\/wp-json\/wp\/v2\/types\/post"}],"author":[{"embeddable":true,"href":"https:\/\/centros.uepb.edu.br\/ccbsa\/wp-json\/wp\/v2\/users\/8"}],"replies":[{"embeddable":true,"href":"https:\/\/centros.uepb.edu.br\/ccbsa\/wp-json\/wp\/v2\/comments?post=4182"}],"version-history":[{"count":0,"href":"https:\/\/centros.uepb.edu.br\/ccbsa\/wp-json\/wp\/v2\/posts\/4182\/revisions"}],"wp:featuredmedia":[{"embeddable":true,"href":"https:\/\/centros.uepb.edu.br\/ccbsa\/wp-json\/wp\/v2\/media\/4172"}],"wp:attachment":[{"href":"https:\/\/centros.uepb.edu.br\/ccbsa\/wp-json\/wp\/v2\/media?parent=4182"}],"wp:term":[{"taxonomy":"category","embeddable":true,"href":"https:\/\/centros.uepb.edu.br\/ccbsa\/wp-json\/wp\/v2\/categories?post=4182"},{"taxonomy":"post_tag","embeddable":true,"href":"https:\/\/centros.uepb.edu.br\/ccbsa\/wp-json\/wp\/v2\/tags?post=4182"}],"curies":[{"name":"wp","href":"https:\/\/api.w.org\/{rel}","templated":true}]}}