{"id":418,"date":"2013-07-10T11:27:18","date_gmt":"2013-07-10T11:27:18","guid":{"rendered":"\/ccbsa\/?p=418"},"modified":"2013-07-10T11:28:20","modified_gmt":"2013-07-10T11:28:20","slug":"direcao-do-ccbsa-informa-sobre-suspensao-do-expediente-nesta-quinta-feira-11-seguindo-paralisacao-nacional","status":"publish","type":"post","link":"https:\/\/centros.uepb.edu.br\/ccbsa\/direcao-do-ccbsa-informa-sobre-suspensao-do-expediente-nesta-quinta-feira-11-seguindo-paralisacao-nacional\/","title":{"rendered":"Dire\u00e7\u00e3o do CCBSA informa sobre suspens\u00e3o do expediente nesta quinta-feira (11)"},"content":{"rendered":"<p>Em virtude da convoca\u00e7\u00e3o dos servidores de todos os campi da UEPB, por parte dos sindicatos e associa\u00e7\u00f5es de classes da institui\u00e7\u00e3o, para participar do Dia de Luta e Paralisa\u00e7\u00e3o Nacional, marcado para esta quinta-feira, 11 de julho, e considerando a interrup\u00e7\u00e3o no funcionamento de diversos \u00f3rg\u00e3os p\u00fablicos e privados em todo o pa\u00eds, a dire\u00e7\u00e3o do CCBSA comunica a suspens\u00e3o de todas as atividades acad\u00eamicas e administrativas no Campus V nesta data, permitindo que todos os interessados possam participar efetivamente dessa manifesta\u00e7\u00e3o nacional, que tem como objetivos a democracia e os direitos dos trabalhadores. Todos os setores e servi\u00e7os do CCBSA voltam a funcionar normalmente na sexta-feira (12) ap\u00f3s o Dia Nacional de Luta.<\/p>\n","protected":false},"excerpt":{"rendered":"<p>Em virtude da convoca\u00e7\u00e3o dos servidores de todos os campi da UEPB, por parte dos sindicatos e associa\u00e7\u00f5es de classes da institui\u00e7\u00e3o, para participar do Dia de Luta e Paralisa\u00e7\u00e3o Nacional, marcado para esta quinta-feira, 11 de julho, e considerando a interrup\u00e7\u00e3o no funcionamento de diversos \u00f3rg\u00e3os p\u00fablicos e privados em todo o pa\u00eds, a <a class=\"leiamais\" href=\"https:\/\/centros.uepb.edu.br\/ccbsa\/direcao-do-ccbsa-informa-sobre-suspensao-do-expediente-nesta-quinta-feira-11-seguindo-paralisacao-nacional\/\">Leia Mais&#8230;<\/a><\/p>\n","protected":false},"author":8,"featured_media":0,"comment_status":"open","ping_status":"open","sticky":false,"template":"","format":"standard","meta":{"footnotes":""},"categories":[3,5],"tags":[],"class_list":["post-418","post","type-post","status-publish","format-standard","hentry","category-noticias","category-visiveis"],"jetpack_featured_media_url":"","_links":{"self":[{"href":"https:\/\/centros.uepb.edu.br\/ccbsa\/wp-json\/wp\/v2\/posts\/418","targetHints":{"allow":["GET"]}}],"collection":[{"href":"https:\/\/centros.uepb.edu.br\/ccbsa\/wp-json\/wp\/v2\/posts"}],"about":[{"href":"https:\/\/centros.uepb.edu.br\/ccbsa\/wp-json\/wp\/v2\/types\/post"}],"author":[{"embeddable":true,"href":"https:\/\/centros.uepb.edu.br\/ccbsa\/wp-json\/wp\/v2\/users\/8"}],"replies":[{"embeddable":true,"href":"https:\/\/centros.uepb.edu.br\/ccbsa\/wp-json\/wp\/v2\/comments?post=418"}],"version-history":[{"count":0,"href":"https:\/\/centros.uepb.edu.br\/ccbsa\/wp-json\/wp\/v2\/posts\/418\/revisions"}],"wp:attachment":[{"href":"https:\/\/centros.uepb.edu.br\/ccbsa\/wp-json\/wp\/v2\/media?parent=418"}],"wp:term":[{"taxonomy":"category","embeddable":true,"href":"https:\/\/centros.uepb.edu.br\/ccbsa\/wp-json\/wp\/v2\/categories?post=418"},{"taxonomy":"post_tag","embeddable":true,"href":"https:\/\/centros.uepb.edu.br\/ccbsa\/wp-json\/wp\/v2\/tags?post=418"}],"curies":[{"name":"wp","href":"https:\/\/api.w.org\/{rel}","templated":true}]}}