{"id":4178,"date":"2017-06-26T14:40:07","date_gmt":"2017-06-26T14:40:07","guid":{"rendered":"https:\/\/centros.uepb.edu.br\/ccbsa\/?p=4178"},"modified":"2017-06-26T14:40:07","modified_gmt":"2017-06-26T14:40:07","slug":"semana-nacional-de-arquivos-e-realizada-com-o-apoio-do-curso-de-arquivologia-da-uepb","status":"publish","type":"post","link":"https:\/\/centros.uepb.edu.br\/ccbsa\/semana-nacional-de-arquivos-e-realizada-com-o-apoio-do-curso-de-arquivologia-da-uepb\/","title":{"rendered":"Semana Nacional de Arquivos \u00e9 realizada com o apoio do curso de Arquivologia da UEPB"},"content":{"rendered":"<p><a href=\"https:\/\/centros.uepb.edu.br\/ccbsa\/files\/2017\/06\/18920678_1905177633058649_528031225731188355_n.jpg\"><img loading=\"lazy\" decoding=\"async\" class=\"aligncenter size-full wp-image-4179 img-responsive\" src=\"https:\/\/centros.uepb.edu.br\/ccbsa\/files\/2017\/06\/18920678_1905177633058649_528031225731188355_n.jpg\" alt=\"\" width=\"840\" height=\"454\" srcset=\"https:\/\/centros.uepb.edu.br\/ccbsa\/files\/2017\/06\/18920678_1905177633058649_528031225731188355_n.jpg 840w, https:\/\/centros.uepb.edu.br\/ccbsa\/files\/2017\/06\/18920678_1905177633058649_528031225731188355_n-300x162.jpg 300w, https:\/\/centros.uepb.edu.br\/ccbsa\/files\/2017\/06\/18920678_1905177633058649_528031225731188355_n-768x415.jpg 768w, https:\/\/centros.uepb.edu.br\/ccbsa\/files\/2017\/06\/18920678_1905177633058649_528031225731188355_n-370x200.jpg 370w\" sizes=\"auto, (max-width: 840px) 100vw, 840px\" \/><\/a><\/p>\n<p>Palestras, mesas de discuss\u00e3o, exposi\u00e7\u00f5es e visitas t\u00e9cnicas foram algumas das atividades que compuseram a programa\u00e7\u00e3o da Semana Nacional de Arquivos, realizada de 5 a 10 de junho, em Jo\u00e3o Pessoa. O evento foi promovido pela Associa\u00e7\u00e3o dos Arquivistas da Para\u00edba (AAPB) com o apoio dos cursos de Bacharelado em Arquivologia da Universidade Estadual da Para\u00edba (UEPB) e Universidade Federal da Para\u00edba (UFPB).<\/p>\n<p>Durante o evento foi realizada uma mesa redonda com a participa\u00e7\u00e3o da coordenadora do curso de Arquivologia, professora Esmeralda Porf\u00edrio Sales, que apresentou um panorama dos arquivos de Jo\u00e3o Pessoa; do arquivista da UFPB, Ramon Maciel, que discutiu o plano setorial de arquivos do CPNC- MINC, e da professora do Unip\u00ea, Mirella Braga, que propiciou uma discuss\u00e3o sobre Educa\u00e7\u00e3o Patrimonial. A mesa foi mediada pelo professor da UFPB, Luiz Eduardo.<\/p>\n<p>Tamb\u00e9m compuseram a programa\u00e7\u00e3o a exposi\u00e7\u00e3o do artista Cl\u00f3vis J\u00fanior e a mostra \u201cPreta Gertrudes\u201d, al\u00e9m da visita t\u00e9cnica ao memorial do Tribunal de Justi\u00e7a da Para\u00edba e ao Arquivo Privado Afonso Pereira e a palestra sobre \u201cArquivos LGBT\u201d.<\/p>\n","protected":false},"excerpt":{"rendered":"<p>Palestras, mesas de discuss\u00e3o, exposi\u00e7\u00f5es e visitas t\u00e9cnicas foram algumas das atividades que compuseram a programa\u00e7\u00e3o da Semana Nacional de Arquivos, realizada de 5 a 10 de junho, em Jo\u00e3o Pessoa. O evento foi promovido pela Associa\u00e7\u00e3o dos Arquivistas da Para\u00edba (AAPB) com o apoio dos cursos de Bacharelado em Arquivologia da Universidade Estadual da <a class=\"leiamais\" href=\"https:\/\/centros.uepb.edu.br\/ccbsa\/semana-nacional-de-arquivos-e-realizada-com-o-apoio-do-curso-de-arquivologia-da-uepb\/\">Leia Mais&#8230;<\/a><\/p>\n","protected":false},"author":8,"featured_media":4179,"comment_status":"closed","ping_status":"closed","sticky":false,"template":"","format":"standard","meta":{"footnotes":""},"categories":[3,11],"tags":[],"class_list":["post-4178","post","type-post","status-publish","format-standard","has-post-thumbnail","hentry","category-noticias","category-noticias-destaque-img"],"jetpack_featured_media_url":"https:\/\/centros.uepb.edu.br\/ccbsa\/files\/2017\/06\/18920678_1905177633058649_528031225731188355_n.jpg","_links":{"self":[{"href":"https:\/\/centros.uepb.edu.br\/ccbsa\/wp-json\/wp\/v2\/posts\/4178","targetHints":{"allow":["GET"]}}],"collection":[{"href":"https:\/\/centros.uepb.edu.br\/ccbsa\/wp-json\/wp\/v2\/posts"}],"about":[{"href":"https:\/\/centros.uepb.edu.br\/ccbsa\/wp-json\/wp\/v2\/types\/post"}],"author":[{"embeddable":true,"href":"https:\/\/centros.uepb.edu.br\/ccbsa\/wp-json\/wp\/v2\/users\/8"}],"replies":[{"embeddable":true,"href":"https:\/\/centros.uepb.edu.br\/ccbsa\/wp-json\/wp\/v2\/comments?post=4178"}],"version-history":[{"count":0,"href":"https:\/\/centros.uepb.edu.br\/ccbsa\/wp-json\/wp\/v2\/posts\/4178\/revisions"}],"wp:featuredmedia":[{"embeddable":true,"href":"https:\/\/centros.uepb.edu.br\/ccbsa\/wp-json\/wp\/v2\/media\/4179"}],"wp:attachment":[{"href":"https:\/\/centros.uepb.edu.br\/ccbsa\/wp-json\/wp\/v2\/media?parent=4178"}],"wp:term":[{"taxonomy":"category","embeddable":true,"href":"https:\/\/centros.uepb.edu.br\/ccbsa\/wp-json\/wp\/v2\/categories?post=4178"},{"taxonomy":"post_tag","embeddable":true,"href":"https:\/\/centros.uepb.edu.br\/ccbsa\/wp-json\/wp\/v2\/tags?post=4178"}],"curies":[{"name":"wp","href":"https:\/\/api.w.org\/{rel}","templated":true}]}}