{"id":4162,"date":"2017-04-24T15:43:17","date_gmt":"2017-04-24T15:43:17","guid":{"rendered":"https:\/\/centros.uepb.edu.br\/ccbsa\/?p=4162"},"modified":"2017-04-24T15:46:38","modified_gmt":"2017-04-24T15:46:38","slug":"comunidade-academica-do-campus-v-participa-de-orcamento-democratico-estadual-para-solicitar-a-reforma-do-predio","status":"publish","type":"post","link":"https:\/\/centros.uepb.edu.br\/ccbsa\/comunidade-academica-do-campus-v-participa-de-orcamento-democratico-estadual-para-solicitar-a-reforma-do-predio\/","title":{"rendered":"Comunidade acad\u00eamica do Campus V participa de Or\u00e7amento Democr\u00e1tico Estadual para solicitar a reforma de pr\u00e9dio"},"content":{"rendered":"<p><a href=\"https:\/\/centros.uepb.edu.br\/ccbsa\/files\/2017\/04\/18033298_1901562946729774_8624299917763456634_n.jpg\"><img loading=\"lazy\" decoding=\"async\" class=\"aligncenter size-full wp-image-4163 img-responsive\" src=\"https:\/\/centros.uepb.edu.br\/ccbsa\/files\/2017\/04\/18033298_1901562946729774_8624299917763456634_n.jpg\" alt=\"\" width=\"840\" height=\"454\" srcset=\"https:\/\/centros.uepb.edu.br\/ccbsa\/files\/2017\/04\/18033298_1901562946729774_8624299917763456634_n.jpg 840w, https:\/\/centros.uepb.edu.br\/ccbsa\/files\/2017\/04\/18033298_1901562946729774_8624299917763456634_n-300x162.jpg 300w, https:\/\/centros.uepb.edu.br\/ccbsa\/files\/2017\/04\/18033298_1901562946729774_8624299917763456634_n-768x415.jpg 768w, https:\/\/centros.uepb.edu.br\/ccbsa\/files\/2017\/04\/18033298_1901562946729774_8624299917763456634_n-370x200.jpg 370w\" sizes=\"auto, (max-width: 840px) 100vw, 840px\" \/><\/a><\/p>\n<p>Com o objetivo de incluir entre as demandas do Governo do Estado da Para\u00edba a reforma do pr\u00e9dio doado pelo Patrim\u00f4nio da uni\u00e3o, para a instala\u00e7\u00e3o do Centro de Ci\u00eancias Biol\u00f3gicas e Sociais Aplicadas (CCBSA) da Universidade Estadual da Para\u00edba (UEPB) e chamar a aten\u00e7\u00e3o da sociedade e do Governo para as dificuldades vivenciadas pela UEPB na atualidade, a comunidade acad\u00eamica do Campus V da UEPB esteve presente na plen\u00e1ria do Or\u00e7amento Democr\u00e1tico Estadual, realizada na noite do dia 20 de abril no Espa\u00e7o Cultural Jos\u00e9 Lins do R\u00eago.<\/p>\n<p>Al\u00e9m disso, os estudantes, docentes, t\u00e9cnicos-administrativos e diretores do CCBSA, presentes no evento tamb\u00e9m votaram pela instala\u00e7\u00e3o de um posto policial na frente do pr\u00e9dio onde atualmente est\u00e1 instalado o Campus V da UEPB, na Rua Hor\u00e1rio Trajano de Oliveira, Cristo.<\/p>\n<p>Durante a sess\u00e3o, que contou com a participa\u00e7\u00e3o de 4.500 pessoas, a Educa\u00e7\u00e3o foi eleita com a prioridade principal para investimentos no pr\u00f3ximo ano, seguida da seguran\u00e7a p\u00fablica e a sa\u00fade como a terceira prioridade mais votada.<\/p>\n<p>Na oportunidade, o Governador do Estado, Ricardo Coutinho, ap\u00f3s ouvir a demanda do Campus V da UEPB, apresentada pela diretora do CCBSA, professora Jacqueline Echeverr\u00eda Barrancos, relacionada \u00e0 reforma e revitaliza\u00e7\u00e3o do antigo hotel Tropicana para a instala\u00e7\u00e3o do Campus V, contraprop\u00f4s a cess\u00e3o definitiva para a UEPB do atual pr\u00e9dio onde o Campus V funciona, compartilhando o espa\u00e7o com a Escola Jos\u00e9 Lins do R\u00eago.<br \/>\nDe acordo com a professora Jacqueline, est\u00e3o sendo realizadas reuni\u00f5es do Conselho de Centro e assembleias com a comunidade acad\u00eamica para discutir as propostas relacionadas \u00e0 instala\u00e7\u00e3o do CCBSA, para que todo o processo ocorra de forma transparente e atendendo os anseios dos tr\u00eas segmentos.<\/p>\n<p><strong>Sobre o pr\u00e9dio cedido para o CCBSA<\/strong><\/p>\n<p>O Campus V da UEPB recebeu, em mar\u00e7o de 2017, a cess\u00e3o, por parte do Patrim\u00f4nio da Uni\u00e3o da Para\u00edba, do pr\u00e9dio do antigo Hotel Tropicana. O espa\u00e7o doado ao Campus V compreende 5.119,90 m2 de \u00e1rea constru\u00edda, est\u00e1 situado na Rua Professora Alice Azevedo, 461, no Centro de Jo\u00e3o Pessoa, pr\u00f3ximo a Pra\u00e7a dos Tr\u00eas Poderes.<br \/>\nAp\u00f3s a doa\u00e7\u00e3o foi formada uma comiss\u00e3o com representantes das tr\u00eas categorias do CCBSA que est\u00e1 discutindo as demandas de cada curso, e as possibilidades de reforma e adequa\u00e7\u00e3o.<\/p>\n","protected":false},"excerpt":{"rendered":"<p>Com o objetivo de incluir entre as demandas do Governo do Estado da Para\u00edba a reforma do pr\u00e9dio doado pelo Patrim\u00f4nio da uni\u00e3o, para a instala\u00e7\u00e3o do Centro de Ci\u00eancias Biol\u00f3gicas e Sociais Aplicadas (CCBSA) da Universidade Estadual da Para\u00edba (UEPB) e chamar a aten\u00e7\u00e3o da sociedade e do Governo para as dificuldades vivenciadas pela <a class=\"leiamais\" href=\"https:\/\/centros.uepb.edu.br\/ccbsa\/comunidade-academica-do-campus-v-participa-de-orcamento-democratico-estadual-para-solicitar-a-reforma-do-predio\/\">Leia Mais&#8230;<\/a><\/p>\n","protected":false},"author":8,"featured_media":4163,"comment_status":"closed","ping_status":"closed","sticky":false,"template":"","format":"standard","meta":{"footnotes":""},"categories":[3,11],"tags":[],"class_list":["post-4162","post","type-post","status-publish","format-standard","has-post-thumbnail","hentry","category-noticias","category-noticias-destaque-img"],"jetpack_featured_media_url":"https:\/\/centros.uepb.edu.br\/ccbsa\/files\/2017\/04\/18033298_1901562946729774_8624299917763456634_n.jpg","_links":{"self":[{"href":"https:\/\/centros.uepb.edu.br\/ccbsa\/wp-json\/wp\/v2\/posts\/4162","targetHints":{"allow":["GET"]}}],"collection":[{"href":"https:\/\/centros.uepb.edu.br\/ccbsa\/wp-json\/wp\/v2\/posts"}],"about":[{"href":"https:\/\/centros.uepb.edu.br\/ccbsa\/wp-json\/wp\/v2\/types\/post"}],"author":[{"embeddable":true,"href":"https:\/\/centros.uepb.edu.br\/ccbsa\/wp-json\/wp\/v2\/users\/8"}],"replies":[{"embeddable":true,"href":"https:\/\/centros.uepb.edu.br\/ccbsa\/wp-json\/wp\/v2\/comments?post=4162"}],"version-history":[{"count":0,"href":"https:\/\/centros.uepb.edu.br\/ccbsa\/wp-json\/wp\/v2\/posts\/4162\/revisions"}],"wp:featuredmedia":[{"embeddable":true,"href":"https:\/\/centros.uepb.edu.br\/ccbsa\/wp-json\/wp\/v2\/media\/4163"}],"wp:attachment":[{"href":"https:\/\/centros.uepb.edu.br\/ccbsa\/wp-json\/wp\/v2\/media?parent=4162"}],"wp:term":[{"taxonomy":"category","embeddable":true,"href":"https:\/\/centros.uepb.edu.br\/ccbsa\/wp-json\/wp\/v2\/categories?post=4162"},{"taxonomy":"post_tag","embeddable":true,"href":"https:\/\/centros.uepb.edu.br\/ccbsa\/wp-json\/wp\/v2\/tags?post=4162"}],"curies":[{"name":"wp","href":"https:\/\/api.w.org\/{rel}","templated":true}]}}