{"id":4151,"date":"2017-04-24T12:32:09","date_gmt":"2017-04-24T12:32:09","guid":{"rendered":"https:\/\/centros.uepb.edu.br\/ccbsa\/?p=4151"},"modified":"2017-04-24T14:54:01","modified_gmt":"2017-04-24T14:54:01","slug":"primeira-edicao-do-festival-de-artes-e-participacao-social-acontece-nos-proximos-dias-26-e-27-no-campus-v-da-uepb-em-joao-pessoa","status":"publish","type":"post","link":"https:\/\/centros.uepb.edu.br\/ccbsa\/primeira-edicao-do-festival-de-artes-e-participacao-social-acontece-nos-proximos-dias-26-e-27-no-campus-v-da-uepb-em-joao-pessoa\/","title":{"rendered":"Primeira edi\u00e7\u00e3o do Festival de Artes e Participa\u00e7\u00e3o Social acontece nos pr\u00f3ximos dias 26 e 27 no Campus V"},"content":{"rendered":"<p><a href=\"https:\/\/centros.uepb.edu.br\/ccbsa\/files\/2017\/04\/17800378_1258051840974949_7088135071240357147_n.jpg\"><img loading=\"lazy\" decoding=\"async\" class=\"aligncenter size-full wp-image-4152 img-responsive\" src=\"https:\/\/centros.uepb.edu.br\/ccbsa\/files\/2017\/04\/17800378_1258051840974949_7088135071240357147_n.jpg\" alt=\"\" width=\"840\" height=\"454\" srcset=\"https:\/\/centros.uepb.edu.br\/ccbsa\/files\/2017\/04\/17800378_1258051840974949_7088135071240357147_n.jpg 840w, https:\/\/centros.uepb.edu.br\/ccbsa\/files\/2017\/04\/17800378_1258051840974949_7088135071240357147_n-300x162.jpg 300w, https:\/\/centros.uepb.edu.br\/ccbsa\/files\/2017\/04\/17800378_1258051840974949_7088135071240357147_n-768x415.jpg 768w, https:\/\/centros.uepb.edu.br\/ccbsa\/files\/2017\/04\/17800378_1258051840974949_7088135071240357147_n-370x200.jpg 370w\" sizes=\"auto, (max-width: 840px) 100vw, 840px\" \/><\/a><\/p>\n<p>Rock, preconceito, grafite, feminismo, RAP, viol\u00eancia urbana, cinema, reformas, fotografias, percuss\u00e3o, rimas e educa\u00e7\u00e3o. Todos juntos, reunidos em um evento que pretende usar a linguagem das artes para mobilizar jovens estudantes a refletir sobre quest\u00f5es que atingem a sociedade atual. Essa \u00e9 a proposta do FARPAS \u2013 Festival de Artes e Participa\u00e7\u00e3o Social, que acontecer\u00e1 pela primeira vez nesta quarta e quinta-feira,26 e 27 e abril, no Campus V da Universidade Estadual da Para\u00edba.<\/p>\n<p>Durante dois dias, das 9h \u00e0s 21h, passar\u00e3o pela programa\u00e7\u00e3o do Festival ativistas ligados ao feminismo, \u00e0 arte urbana como o grafite, professores universit\u00e1rios, rappers, agentes de seguran\u00e7a p\u00fablica, artistas que usam da palha\u00e7aria \u00e0 poesia como express\u00e3o art\u00edstica, al\u00e9m de exposi\u00e7\u00f5es permanentes, como a do chargista R\u00e9gis Soares. Na lista de atividades est\u00e3o rodas de conversa e oficinas de rima, arte urbana, percuss\u00e3o e clown, al\u00e9m de sess\u00f5es de cineclube.<\/p>\n<p>O FARPAS contar\u00e1 com um evento paralelo: o primeiro semin\u00e1rio de Cultura de Paz Local, promovido pelo Grupo de Estudos da Paz e Seguran\u00e7a Mundial. Nos fins de tarde acontecer\u00e3o shows das bandas Corisco na Terra do Sol, Sinta a Liga, Pau de Dar em Doido, Inv\u00e9xis e Tra\u00e7a de Arquivo. Toda a programa\u00e7\u00e3o \u00e9 gratuita e aberta \u00e0 comunidade.<\/p>\n<p>O evento conta com o apoio projeto de extens\u00e3o \u201cMem\u00f3ria, sociedade e cidadania (MUDDE): reflex\u00e3o para al\u00e9m dos muros acad\u00eamicos\u201d, \u201cAudiovisualmentes: produzindo e mediando conte\u00fados educacionais como ferramenta de dissemina\u00e7\u00e3o social e comunica\u00e7\u00e3o pedag\u00f3gica\u201d, da pro-reitoria de Extens\u00e3o da UEPB, Centro de Ci\u00eancias Biol\u00f3gicas e Sociais Aplicadas e Escola Estadual Jos\u00e9 Lins do R\u00eago.<\/p>\n<p>De acordo com o idealizador e organizador do evento, professor Henrique Fran\u00e7a, essa iniciativa come\u00e7ou a partir de uma atividade extraclasse que foi apoiada por toda comunidade do Campus V. \u201cDiante de todo o cen\u00e1rio de mobiliza\u00e7\u00e3o que estamos vivendo a favor da Educa\u00e7\u00e3o nosso evento foi sendo delineado e fomos montando nossa programa\u00e7\u00e3o. Escolhemos pessoas que pudessem contribuir com as reflex\u00f5es, artistas que tivessem uma identifica\u00e7\u00e3o com essas tem\u00e1ticas, e conseguimos atrair pessoas com um trabalho que possui esse vi\u00e9s que n\u00f3s queremos, tudo volunt\u00e1rio\u201d, explicou Henrique.<\/p>\n<p>Para participar das rodas de conversa e oficinas os interessados devem realizar a inscri\u00e7\u00e3o na p\u00e1gina do <a href=\"https:\/\/www.facebook.com\/events\/994207437383432\/?active_tab=discussion\">FARPAS<\/a>.<\/p>\n<p>Acesse a programa\u00e7\u00e3o do FARPAS [wpfilebase tag=fileurl id=232 linktext=aqui \/].<\/p>\n<p><strong>RODAS DE CONVERSA<\/strong><\/p>\n<p>Quatro temas ser\u00e3o abordados durante os dois dias de Festival, em rodas de conversa que alternar\u00e3o debate e participa\u00e7\u00e3o art\u00edstica. \u201cFeminismos\u201d \u00e9 um desses temas e deve acender uma boa conversa sobre correntes e possibilidades de atua\u00e7\u00e3o feminista. Entre os convidados est\u00e3o o projeto Sinta a Liga Crew, Phenha Bolim, Coletivo Br\u00edgida Louren\u00e7o e Carol Rodrigues. J\u00e1 a roda de conversa \u201cReforme-se!\u201d vai abordar o atual processo de reformas enfrentado no Brasil \u2013 da reforma do Ensino M\u00e9dio \u00e0 da Previd\u00eancia \u2013 e como elas influenciam a vida de adolescentes e jovens.<\/p>\n<p>Entre os convidados est\u00e3o os professores Felipe Baunilha, Rams\u00e9s Nunes, Tiago Bernardon, Karina Souto e Alexano Brito, o militante social e estudantil Rique Peres, e o cantor e compositor Beb\u00e9 de Nat\u00e9cio. A terceira roda abordar\u00e1 o tema \u201cEu sou o pr\u00f3ximo\u201d, uma converg\u00eancia de assuntos como viol\u00eancia, preconceito e cultura de paz. Entre os convidados est\u00e3o o rapper Augusto UGT, a transexual Anita de Souza Medeiros, o policial Joilis Ramalho, o pesquisador Daniel Abath e o professor Paulo Khulman.<\/p>\n<p><strong>OFICINAS<\/strong><\/p>\n<p>No dia 27 o FARPAS ser\u00e1 palco de quatro oficinas: Rima, ministrada por Peter; Arte Urbana em Stencil, ministrada pela arquiteta Raissa Monteiro; Improviso em Clown, trazida por Jefferson Silva \u2013 o palha\u00e7o Fumacinha; e uma oficina de percuss\u00e3o, oferecida por Jefferson dos Santos. Antes mesmo do in\u00edcio do Festival, uma outra oficina ser\u00e1 oferecida. Trata-se da \u201cOficina de Audiovisual\u201d, ministrada pelo publicit\u00e1rio Caio Henrique e que tem como proposta formar uma equipe de cobertura em v\u00eddeo para o Festival. Essa ser\u00e1 realizada em duas tardes, nos dias 24 e 25 (segunda e ter\u00e7a), culminando com a cobertura do FARPAS.<\/p>\n<p><strong>SEMIN\u00c1RIO DE CULTURA DE PAZ LOCAL<\/strong><br \/>\nA programa\u00e7\u00e3o do FARPAS tamb\u00e9m agregar\u00e1 um evento paralelo, o primeiro Semin\u00e1rio de Cultura de Paz Local. Realizado pelo Grupo de Estudos de Paz e Seguran\u00e7a Mundial, o GEPASM, o evento ser\u00e1 realizado na tarde do dia 27 e contar\u00e1 com a participa\u00e7\u00e3o de Angela Gaeta, regente do Maracastelo; Aline Alencar, contadora de hist\u00f3rias do Castelo de hist\u00f3ria; Dal Zapata, coordenador do Centro de Raferencia de Juventude do Rangel; e Karol Balistar, regente da banda marcial da Escola Santa \u00c2ngela. O Semin\u00e1rio conta com o apoio dos Projetos de Extens\u00e3o PUA (Projeto Universidade em Movimento), MUDDE e AudiovisualMentes \u2013 todos do Campus V da UEPB, em Jo\u00e3o Pessoa.<\/p>\n<p><strong>GRAFITAGEM e MOSTRA<\/strong><br \/>\nOutros destaques do FARPAS s\u00e3o a exposi\u00e7\u00e3o de charges do ilustrador R\u00e9gis Soares, que estar\u00e1 aberta \u00e0 visita\u00e7\u00e3o durante os dois dias do Festival, e os pain\u00e9is de grafite que ser\u00e3o produzidos durante o evento. Cinco artistas do grafite v\u00e3o se dividir na composi\u00e7\u00e3o de dois pain\u00e9is, na \u00e1rea do Campus V \u2013 Escola Jos\u00e9 Lins do Rego: Kalyne Lima (Klima), Patr\u00edcia Oliveira (Moon Child), Priscila Lima (Witch), Talytha Marinho (Marin) e Sombra.<\/p>\n","protected":false},"excerpt":{"rendered":"<p>Rock, preconceito, grafite, feminismo, RAP, viol\u00eancia urbana, cinema, reformas, fotografias, percuss\u00e3o, rimas e educa\u00e7\u00e3o. Todos juntos, reunidos em um evento que pretende usar a linguagem das artes para mobilizar jovens estudantes a refletir sobre quest\u00f5es que atingem a sociedade atual. Essa \u00e9 a proposta do FARPAS \u2013 Festival de Artes e Participa\u00e7\u00e3o Social, que acontecer\u00e1 <a class=\"leiamais\" href=\"https:\/\/centros.uepb.edu.br\/ccbsa\/primeira-edicao-do-festival-de-artes-e-participacao-social-acontece-nos-proximos-dias-26-e-27-no-campus-v-da-uepb-em-joao-pessoa\/\">Leia Mais&#8230;<\/a><\/p>\n","protected":false},"author":8,"featured_media":4152,"comment_status":"closed","ping_status":"closed","sticky":false,"template":"","format":"standard","meta":{"footnotes":""},"categories":[3,11],"tags":[],"class_list":["post-4151","post","type-post","status-publish","format-standard","has-post-thumbnail","hentry","category-noticias","category-noticias-destaque-img"],"jetpack_featured_media_url":"https:\/\/centros.uepb.edu.br\/ccbsa\/files\/2017\/04\/17800378_1258051840974949_7088135071240357147_n.jpg","_links":{"self":[{"href":"https:\/\/centros.uepb.edu.br\/ccbsa\/wp-json\/wp\/v2\/posts\/4151","targetHints":{"allow":["GET"]}}],"collection":[{"href":"https:\/\/centros.uepb.edu.br\/ccbsa\/wp-json\/wp\/v2\/posts"}],"about":[{"href":"https:\/\/centros.uepb.edu.br\/ccbsa\/wp-json\/wp\/v2\/types\/post"}],"author":[{"embeddable":true,"href":"https:\/\/centros.uepb.edu.br\/ccbsa\/wp-json\/wp\/v2\/users\/8"}],"replies":[{"embeddable":true,"href":"https:\/\/centros.uepb.edu.br\/ccbsa\/wp-json\/wp\/v2\/comments?post=4151"}],"version-history":[{"count":0,"href":"https:\/\/centros.uepb.edu.br\/ccbsa\/wp-json\/wp\/v2\/posts\/4151\/revisions"}],"wp:featuredmedia":[{"embeddable":true,"href":"https:\/\/centros.uepb.edu.br\/ccbsa\/wp-json\/wp\/v2\/media\/4152"}],"wp:attachment":[{"href":"https:\/\/centros.uepb.edu.br\/ccbsa\/wp-json\/wp\/v2\/media?parent=4151"}],"wp:term":[{"taxonomy":"category","embeddable":true,"href":"https:\/\/centros.uepb.edu.br\/ccbsa\/wp-json\/wp\/v2\/categories?post=4151"},{"taxonomy":"post_tag","embeddable":true,"href":"https:\/\/centros.uepb.edu.br\/ccbsa\/wp-json\/wp\/v2\/tags?post=4151"}],"curies":[{"name":"wp","href":"https:\/\/api.w.org\/{rel}","templated":true}]}}