{"id":4146,"date":"2017-04-19T14:56:11","date_gmt":"2017-04-19T14:56:11","guid":{"rendered":"https:\/\/centros.uepb.edu.br\/ccbsa\/?p=4146"},"modified":"2017-04-19T14:56:11","modified_gmt":"2017-04-19T14:56:11","slug":"comissao-de-representantes-da-tres-categorias-realiza-reuniao-para-discutir-demandas-do-ccbsa","status":"publish","type":"post","link":"https:\/\/centros.uepb.edu.br\/ccbsa\/comissao-de-representantes-da-tres-categorias-realiza-reuniao-para-discutir-demandas-do-ccbsa\/","title":{"rendered":"Comiss\u00e3o de representantes da tr\u00eas categorias realiza reuni\u00e3o para discutir demandas do CCBSA"},"content":{"rendered":"<p><a href=\"https:\/\/centros.uepb.edu.br\/ccbsa\/files\/2017\/04\/unnamed-1.jpg\"><img loading=\"lazy\" decoding=\"async\" class=\"aligncenter size-full wp-image-4147 img-responsive\" src=\"https:\/\/centros.uepb.edu.br\/ccbsa\/files\/2017\/04\/unnamed-1.jpg\" alt=\"\" width=\"840\" height=\"454\" srcset=\"https:\/\/centros.uepb.edu.br\/ccbsa\/files\/2017\/04\/unnamed-1.jpg 840w, https:\/\/centros.uepb.edu.br\/ccbsa\/files\/2017\/04\/unnamed-1-300x162.jpg 300w, https:\/\/centros.uepb.edu.br\/ccbsa\/files\/2017\/04\/unnamed-1-768x415.jpg 768w, https:\/\/centros.uepb.edu.br\/ccbsa\/files\/2017\/04\/unnamed-1-370x200.jpg 370w\" sizes=\"auto, (max-width: 840px) 100vw, 840px\" \/><\/a><\/p>\n<p>A comiss\u00e3o de discentes, docentes e t\u00e9cnicos-administrativos do Centro de Ci\u00eancias Biol\u00f3gicas e Sociais Aplicadas (CCBSA) da Universidade Estadual da Para\u00edba, envolvidos na iniciativa &#8220;Juntos Fazer Acontecer&#8221;, reuniu-se na tarde desta ter\u00e7a-feira (18), no miniaudit\u00f3rio, com o objetivo de discutir as demandas de cada curso para o pr\u00e9dio doado pelo Patrim\u00f4nio da Uni\u00e3o ao Campus V da UEPB, localizado no Centro de Jo\u00e3o Pessoa.<\/p>\n<p>Integram a comiss\u00e3o os diretores do CCBSA, os professores\u00a0Jacqueline Echeverr\u00eda Barrancos e \u00canio Wocyli Dantas; os t\u00e9cnicos-administrativos da equipe de manuten\u00e7\u00e3o do CCBSA, Rodolfo Fran\u00e7a e Kayo Coutinho; os representantes do curso de Arquivologia, os docentes Esmeralda Porfirio de Sales e Josemar Henrique, os t\u00e9cnicos-administrativos Hilza Cavalcante e Rafael Melo, e os estudantes Tereza Ludmila e Vit\u00f3ria Carvalho; os representantes do curso de Ci\u00eancias Biol\u00f3gicas, os professores Enelise Amado e Marcos Ant\u00f4nio, as t\u00e9cnicas-administrativas Liliane de Jesus e Amanda Coutinho e os estudantes Otoniel Gon\u00e7alves de Lima e Kamila Amanda da Silva; e os representantes do curso de Rela\u00e7\u00f5es Internacionais, os professores Cristina Pacheco e J\u00falio Cabrera, a t\u00e9cnica-administrativa Nathalya Reis e os estudantes \u00a0Eduarda C\u00e2mara e Vin\u00edcius Brainer.<\/p>\n<p>Durante a reuni\u00e3o foram discutidas as necessidades de cada curso relacionadas ao espa\u00e7o f\u00edsico. Os representantes das categorias presentes na reuni\u00e3o comprometeram-se a encaminhar \u00e0 equipe de especialistas da UEPB as dimens\u00f5es necess\u00e1rias para o bom funcionamento de cada espa\u00e7o do Campus V. Tamb\u00e9m foi informado pela dire\u00e7\u00e3o do CCBSA que a comiss\u00e3o deve aguardar a realiza\u00e7\u00e3o da limpeza no espa\u00e7o, que ser\u00e1 executada pela EMLUR, para a realiza\u00e7\u00e3o da primeira visita ao pr\u00e9dio.<\/p>\n<p>Dever\u00e1 ser marcado outro encontro da comiss\u00e3o que dever\u00e1 acompanhar todo o processo de reforma e adequa\u00e7\u00e3o do novo\u00a0pr\u00e9dio \u00e0s necessidades do CCBSA. O espa\u00e7o doado ao Campus V\u00a0compreende 5.119,90 m2 de \u00e1rea constru\u00edda,\u00a0est\u00e1 situado na Rua Professora Alice Azevedo, 461, no Centro de Jo\u00e3o Pessoa, pr\u00f3ximo a Pra\u00e7a dos Tr\u00eas Poderes.<\/p>\n","protected":false},"excerpt":{"rendered":"<p>A comiss\u00e3o de discentes, docentes e t\u00e9cnicos-administrativos do Centro de Ci\u00eancias Biol\u00f3gicas e Sociais Aplicadas (CCBSA) da Universidade Estadual da Para\u00edba, envolvidos na iniciativa &#8220;Juntos Fazer Acontecer&#8221;, reuniu-se na tarde desta ter\u00e7a-feira (18), no miniaudit\u00f3rio, com o objetivo de discutir as demandas de cada curso para o pr\u00e9dio doado pelo Patrim\u00f4nio da Uni\u00e3o ao Campus <a class=\"leiamais\" href=\"https:\/\/centros.uepb.edu.br\/ccbsa\/comissao-de-representantes-da-tres-categorias-realiza-reuniao-para-discutir-demandas-do-ccbsa\/\">Leia Mais&#8230;<\/a><\/p>\n","protected":false},"author":8,"featured_media":4147,"comment_status":"closed","ping_status":"closed","sticky":false,"template":"","format":"standard","meta":{"footnotes":""},"categories":[3,11],"tags":[],"class_list":["post-4146","post","type-post","status-publish","format-standard","has-post-thumbnail","hentry","category-noticias","category-noticias-destaque-img"],"jetpack_featured_media_url":"https:\/\/centros.uepb.edu.br\/ccbsa\/files\/2017\/04\/unnamed-1.jpg","_links":{"self":[{"href":"https:\/\/centros.uepb.edu.br\/ccbsa\/wp-json\/wp\/v2\/posts\/4146","targetHints":{"allow":["GET"]}}],"collection":[{"href":"https:\/\/centros.uepb.edu.br\/ccbsa\/wp-json\/wp\/v2\/posts"}],"about":[{"href":"https:\/\/centros.uepb.edu.br\/ccbsa\/wp-json\/wp\/v2\/types\/post"}],"author":[{"embeddable":true,"href":"https:\/\/centros.uepb.edu.br\/ccbsa\/wp-json\/wp\/v2\/users\/8"}],"replies":[{"embeddable":true,"href":"https:\/\/centros.uepb.edu.br\/ccbsa\/wp-json\/wp\/v2\/comments?post=4146"}],"version-history":[{"count":0,"href":"https:\/\/centros.uepb.edu.br\/ccbsa\/wp-json\/wp\/v2\/posts\/4146\/revisions"}],"wp:featuredmedia":[{"embeddable":true,"href":"https:\/\/centros.uepb.edu.br\/ccbsa\/wp-json\/wp\/v2\/media\/4147"}],"wp:attachment":[{"href":"https:\/\/centros.uepb.edu.br\/ccbsa\/wp-json\/wp\/v2\/media?parent=4146"}],"wp:term":[{"taxonomy":"category","embeddable":true,"href":"https:\/\/centros.uepb.edu.br\/ccbsa\/wp-json\/wp\/v2\/categories?post=4146"},{"taxonomy":"post_tag","embeddable":true,"href":"https:\/\/centros.uepb.edu.br\/ccbsa\/wp-json\/wp\/v2\/tags?post=4146"}],"curies":[{"name":"wp","href":"https:\/\/api.w.org\/{rel}","templated":true}]}}