{"id":4131,"date":"2017-03-31T14:44:25","date_gmt":"2017-03-31T14:44:25","guid":{"rendered":"https:\/\/centros.uepb.edu.br\/ccbsa\/?p=4131"},"modified":"2017-03-31T14:44:25","modified_gmt":"2017-03-31T14:44:25","slug":"exposicao-fotografica-bayeux-no-brasil-e-na-franca-esta-aberta-a-visitacao-no-ccbsa-ate-o-fim-de-abril","status":"publish","type":"post","link":"https:\/\/centros.uepb.edu.br\/ccbsa\/exposicao-fotografica-bayeux-no-brasil-e-na-franca-esta-aberta-a-visitacao-no-ccbsa-ate-o-fim-de-abril\/","title":{"rendered":"Exposi\u00e7\u00e3o fotogr\u00e1fica \u201cBayeux no Brasil e na Fran\u00e7a\u201d est\u00e1 aberta \u00e0 visita\u00e7\u00e3o no CCBSA at\u00e9 o fim de abril"},"content":{"rendered":"<p>&nbsp;<\/p>\n<p>&nbsp;<\/p>\n<p><a href=\"https:\/\/centros.uepb.edu.br\/ccbsa\/files\/2017\/03\/DSC06729.jpg\"><img loading=\"lazy\" decoding=\"async\" class=\"aligncenter size-full wp-image-4132 img-responsive\" src=\"https:\/\/centros.uepb.edu.br\/ccbsa\/files\/2017\/03\/DSC06729.jpg\" alt=\"\" width=\"840\" height=\"454\" srcset=\"https:\/\/centros.uepb.edu.br\/ccbsa\/files\/2017\/03\/DSC06729.jpg 840w, https:\/\/centros.uepb.edu.br\/ccbsa\/files\/2017\/03\/DSC06729-300x162.jpg 300w, https:\/\/centros.uepb.edu.br\/ccbsa\/files\/2017\/03\/DSC06729-768x415.jpg 768w, https:\/\/centros.uepb.edu.br\/ccbsa\/files\/2017\/03\/DSC06729-370x200.jpg 370w\" sizes=\"auto, (max-width: 840px) 100vw, 840px\" \/><\/a><\/p>\n<p>Com o objetivo de criar uma agenda de atividades culturais no Campus V da Universidade Estadual da Para\u00edba (UEPB), a dire\u00e7\u00e3o do Centro de Ci\u00eancias Biol\u00f3gicas e Sociais Aplicadas (CCBSA) convidou a Organiza\u00e7\u00e3o N\u00e3o-Governamental (ONG) Alian\u00e7a Bayeux Franco-Brasileira a realizar nas depend\u00eancias do CCBSA a exposi\u00e7\u00e3o fotogr\u00e1fica \u201cBayeux no Brasil e na Fran\u00e7a\u201d, que estar\u00e1 aberta \u00e0 visita\u00e7\u00e3o no hall\u00a0da biblioteca at\u00e9 o dia 31 de abril.<\/p>\n<p>A mostra itinerante, que j\u00e1 foi visitada por quase 4 mil pessoas, re\u00fane\u00a030 fotografias, amadoras e profissionais, das cidades de\u00a0Bayeux, francesa e a brasileira. A exposi\u00e7\u00e3o \u00e9 fruto de um concurso fotogr\u00e1fico realizado pela Alian\u00e7a Bayeux Franco-Brasileira, com sede no munic\u00edpio de Bayeux, localizada na regi\u00e3o metropolitana de Jo\u00e3o Pessoa, e pela ONG francesa <em>Alliance Bayeux France Br\u00e9sil<\/em>, localizada na cidade de Bayeux (Fran\u00e7a), em dezembro de 2015, com o objetivo de fazer com que a popula\u00e7\u00e3o das cidades conhecesse a realidade uma da outra.<\/p>\n<p>A exposi\u00e7\u00e3o, que tamb\u00e9m est\u00e1 sendo realizada na cidade de Bayeux, na Fran\u00e7a, visa ainda divulgar, tanto para a popula\u00e7\u00e3o francesa como para a popula\u00e7\u00e3o brasileira, a hist\u00f3ria das cidades que permaneceram praticamente esquecida ou desconhecida por quase 70 anos, chamando a aten\u00e7\u00e3o do p\u00fablico e, sobretudo da popula\u00e7\u00e3o brasileira, para a import\u00e2ncia de salvaguardar a natureza, os monumentos hist\u00f3ricos, que est\u00e3o sendo destru\u00eddos pelo esquecimento por parte de todos aqueles que deveriam ter o dever de cuidar e preservar.<\/p>\n<p>&nbsp;<\/p>\n<p>&nbsp;<\/p>\n","protected":false},"excerpt":{"rendered":"<p>&nbsp; &nbsp; Com o objetivo de criar uma agenda de atividades culturais no Campus V da Universidade Estadual da Para\u00edba (UEPB), a dire\u00e7\u00e3o do Centro de Ci\u00eancias Biol\u00f3gicas e Sociais Aplicadas (CCBSA) convidou a Organiza\u00e7\u00e3o N\u00e3o-Governamental (ONG) Alian\u00e7a Bayeux Franco-Brasileira a realizar nas depend\u00eancias do CCBSA a exposi\u00e7\u00e3o fotogr\u00e1fica \u201cBayeux no Brasil e na Fran\u00e7a\u201d, <a class=\"leiamais\" href=\"https:\/\/centros.uepb.edu.br\/ccbsa\/exposicao-fotografica-bayeux-no-brasil-e-na-franca-esta-aberta-a-visitacao-no-ccbsa-ate-o-fim-de-abril\/\">Leia Mais&#8230;<\/a><\/p>\n","protected":false},"author":8,"featured_media":4132,"comment_status":"closed","ping_status":"closed","sticky":false,"template":"","format":"standard","meta":{"footnotes":""},"categories":[3,11],"tags":[],"class_list":["post-4131","post","type-post","status-publish","format-standard","has-post-thumbnail","hentry","category-noticias","category-noticias-destaque-img"],"jetpack_featured_media_url":"https:\/\/centros.uepb.edu.br\/ccbsa\/files\/2017\/03\/DSC06729.jpg","_links":{"self":[{"href":"https:\/\/centros.uepb.edu.br\/ccbsa\/wp-json\/wp\/v2\/posts\/4131","targetHints":{"allow":["GET"]}}],"collection":[{"href":"https:\/\/centros.uepb.edu.br\/ccbsa\/wp-json\/wp\/v2\/posts"}],"about":[{"href":"https:\/\/centros.uepb.edu.br\/ccbsa\/wp-json\/wp\/v2\/types\/post"}],"author":[{"embeddable":true,"href":"https:\/\/centros.uepb.edu.br\/ccbsa\/wp-json\/wp\/v2\/users\/8"}],"replies":[{"embeddable":true,"href":"https:\/\/centros.uepb.edu.br\/ccbsa\/wp-json\/wp\/v2\/comments?post=4131"}],"version-history":[{"count":0,"href":"https:\/\/centros.uepb.edu.br\/ccbsa\/wp-json\/wp\/v2\/posts\/4131\/revisions"}],"wp:featuredmedia":[{"embeddable":true,"href":"https:\/\/centros.uepb.edu.br\/ccbsa\/wp-json\/wp\/v2\/media\/4132"}],"wp:attachment":[{"href":"https:\/\/centros.uepb.edu.br\/ccbsa\/wp-json\/wp\/v2\/media?parent=4131"}],"wp:term":[{"taxonomy":"category","embeddable":true,"href":"https:\/\/centros.uepb.edu.br\/ccbsa\/wp-json\/wp\/v2\/categories?post=4131"},{"taxonomy":"post_tag","embeddable":true,"href":"https:\/\/centros.uepb.edu.br\/ccbsa\/wp-json\/wp\/v2\/tags?post=4131"}],"curies":[{"name":"wp","href":"https:\/\/api.w.org\/{rel}","templated":true}]}}