{"id":412,"date":"2013-07-09T13:18:22","date_gmt":"2013-07-09T13:18:22","guid":{"rendered":"\/ccbsa\/?p=412"},"modified":"2013-07-09T13:20:47","modified_gmt":"2013-07-09T13:20:47","slug":"7o-aniversario-do-campus-v-contara-com-programacao-cientifica-e-cultural-voltada-a-comunidade-academica","status":"publish","type":"post","link":"https:\/\/centros.uepb.edu.br\/ccbsa\/7o-aniversario-do-campus-v-contara-com-programacao-cientifica-e-cultural-voltada-a-comunidade-academica\/","title":{"rendered":"7\u00ba anivers\u00e1rio do Campus V contar\u00e1 com programa\u00e7\u00e3o cient\u00edfica e cultural voltada \u00e0 comunidade acad\u00eamica"},"content":{"rendered":"<p>Uma comiss\u00e3o de estudantes, professores e t\u00e9cnicos administrativos do Centro de Ci\u00eancias Biol\u00f3gicas e Sociais Aplicadas da Universidade Estadual da Para\u00edba, deu in\u00edcio aos preparativos para o 7\u00ba anivers\u00e1rio de cria\u00e7\u00e3o do Campus V, a ser comemorado no fim do m\u00eas de agosto com atividades cient\u00edficas e culturais.<\/p>\n<p>A comiss\u00e3o cient\u00edfica do evento, coordenada pela professora Lu\u00edza Rosa de Lima, dever\u00e1 divulgar, em breve, os prazos para submiss\u00e3o dos trabalhos que integrar\u00e3o a 4\u00aa Mostra de Ensino, Pesquisa e Extens\u00e3o, composta por exposi\u00e7\u00e3o de trabalhos de monitoria, pesquisa e extens\u00e3o, realizados no Campus V. Os trabalhos com melhores avalia\u00e7\u00f5es ser\u00e3o premiados no \u00faltimo dia de evento. Tamb\u00e9m integram a programa\u00e7\u00e3o cient\u00edfica uma mesa-redonda, palestra e oficinas.<\/p>\n<p>O professor Paulo Kuhlmann \u00e9 o respons\u00e1vel pelas atividades culturais do evento, que contar\u00e1 com apresenta\u00e7\u00f5es de m\u00fasica, teatro e dan\u00e7a, gincana e show de talentos. Nos pr\u00f3ximos dias tamb\u00e9m ser\u00e3o divulgadas \u00e0s informa\u00e7\u00f5es referentes \u00e0s inscri\u00e7\u00f5es no show de talentos.<\/p>\n<p>Criado em 2006, ap\u00f3s a conquista da autonomia financeira que viabilizou a expans\u00e3o da UEPB, o Campus V \u2013 Ministro Alcides Carneiro trouxe para o litoral do Estado cursos pioneiros e forma\u00e7\u00f5es com o intuito de atender a uma demanda local, como os Bacharelados em Arquivologia, Rela\u00e7\u00f5es Internacionais e Ci\u00eancias Biol\u00f3gicas.<\/p>\n<p>A escolha de Alcides Carneiro para nomear o CCBSA deu-se por ocasi\u00e3o do centen\u00e1rio de nascimento do paraibano, completado em 2006. Al\u00e9m disso, foi considerada a relevante atua\u00e7\u00e3o do homenageado, tanto como homem p\u00fablico, tendo sido Deputado Constituinte em 1946, assumido interinamente a Presid\u00eancia da Rep\u00fablica e exercido outros cargos no \u00e2mbito federal, e tamb\u00e9m como homem das letras, tendo sido imortalizado pela Academia Paraibana de Letras.<\/p>\n<p>Atualmente, o Campus V abrange os bacharelados em Arquivologia, Ci\u00eancias Biol\u00f3gicas e Rela\u00e7\u00f5es Internacionais, Mestrado em Rela\u00e7\u00f5es Internacionais, N\u00facleo de L\u00ednguas e um polo de Educa\u00e7\u00e3o a Dist\u00e2ncia, que funciona na Av. Coremas, 332 \u2013 Centro, e oferece cursos de gradua\u00e7\u00e3o em Letras e Geografia, voltados aos professores da rede p\u00fablica de ensino (estadual e municipal), inscritos no Plano de A\u00e7\u00f5es Articuladas (PAR) do Governo Federal e as gradua\u00e7\u00f5es em Administra\u00e7\u00e3o P\u00fablica e em Pedagogia, esta \u00faltima presencial, com aulas aos s\u00e1bados.<\/p>\n<p>O CCBSA tamb\u00e9m sedia as aulas do curso de Licenciatura em Pedagogia destinado \u00e0 forma\u00e7\u00e3o de professores e a Especializa\u00e7\u00e3o em Fundamentos da Educa\u00e7\u00e3o, que \u00e9 voltada aos professores efetivos da Rede Estadual de Ensino, com curso de gradua\u00e7\u00e3o, al\u00e9m de t\u00e9cnicos e administradores escolares tamb\u00e9m com gradua\u00e7\u00e3o conclu\u00edda.<\/p>\n","protected":false},"excerpt":{"rendered":"<p>Uma comiss\u00e3o de estudantes, professores e t\u00e9cnicos administrativos do Centro de Ci\u00eancias Biol\u00f3gicas e Sociais Aplicadas da Universidade Estadual da Para\u00edba, deu in\u00edcio aos preparativos para o 7\u00ba anivers\u00e1rio de cria\u00e7\u00e3o do Campus V, a ser comemorado no fim do m\u00eas de agosto com atividades cient\u00edficas e culturais. A comiss\u00e3o cient\u00edfica do evento, coordenada pela <a class=\"leiamais\" href=\"https:\/\/centros.uepb.edu.br\/ccbsa\/7o-aniversario-do-campus-v-contara-com-programacao-cientifica-e-cultural-voltada-a-comunidade-academica\/\">Leia Mais&#8230;<\/a><\/p>\n","protected":false},"author":8,"featured_media":0,"comment_status":"open","ping_status":"open","sticky":false,"template":"","format":"standard","meta":{"footnotes":""},"categories":[3,5],"tags":[],"class_list":["post-412","post","type-post","status-publish","format-standard","hentry","category-noticias","category-visiveis"],"jetpack_featured_media_url":"","_links":{"self":[{"href":"https:\/\/centros.uepb.edu.br\/ccbsa\/wp-json\/wp\/v2\/posts\/412","targetHints":{"allow":["GET"]}}],"collection":[{"href":"https:\/\/centros.uepb.edu.br\/ccbsa\/wp-json\/wp\/v2\/posts"}],"about":[{"href":"https:\/\/centros.uepb.edu.br\/ccbsa\/wp-json\/wp\/v2\/types\/post"}],"author":[{"embeddable":true,"href":"https:\/\/centros.uepb.edu.br\/ccbsa\/wp-json\/wp\/v2\/users\/8"}],"replies":[{"embeddable":true,"href":"https:\/\/centros.uepb.edu.br\/ccbsa\/wp-json\/wp\/v2\/comments?post=412"}],"version-history":[{"count":0,"href":"https:\/\/centros.uepb.edu.br\/ccbsa\/wp-json\/wp\/v2\/posts\/412\/revisions"}],"wp:attachment":[{"href":"https:\/\/centros.uepb.edu.br\/ccbsa\/wp-json\/wp\/v2\/media?parent=412"}],"wp:term":[{"taxonomy":"category","embeddable":true,"href":"https:\/\/centros.uepb.edu.br\/ccbsa\/wp-json\/wp\/v2\/categories?post=412"},{"taxonomy":"post_tag","embeddable":true,"href":"https:\/\/centros.uepb.edu.br\/ccbsa\/wp-json\/wp\/v2\/tags?post=412"}],"curies":[{"name":"wp","href":"https:\/\/api.w.org\/{rel}","templated":true}]}}