{"id":4102,"date":"2017-03-20T16:13:57","date_gmt":"2017-03-20T16:13:57","guid":{"rendered":"https:\/\/centros.uepb.edu.br\/ccbsa\/?p=4102"},"modified":"2017-03-20T16:13:57","modified_gmt":"2017-03-20T16:13:57","slug":"modulos-de-laboratorios-e-salas-dos-centros-academicos-das-graduacoes-do-campus-v-sao-inaugurados","status":"publish","type":"post","link":"https:\/\/centros.uepb.edu.br\/ccbsa\/modulos-de-laboratorios-e-salas-dos-centros-academicos-das-graduacoes-do-campus-v-sao-inaugurados\/","title":{"rendered":"M\u00f3dulos de laborat\u00f3rios e salas dos Centros Acad\u00eamicos das gradua\u00e7\u00f5es do Campus V s\u00e3o inaugurados"},"content":{"rendered":"<p><a href=\"https:\/\/centros.uepb.edu.br\/ccbsa\/files\/2017\/03\/DSC06535.jpg\"><img loading=\"lazy\" decoding=\"async\" class=\"aligncenter size-full wp-image-4103 img-responsive\" src=\"https:\/\/centros.uepb.edu.br\/ccbsa\/files\/2017\/03\/DSC06535.jpg\" alt=\"\" width=\"840\" height=\"454\" srcset=\"https:\/\/centros.uepb.edu.br\/ccbsa\/files\/2017\/03\/DSC06535.jpg 840w, https:\/\/centros.uepb.edu.br\/ccbsa\/files\/2017\/03\/DSC06535-300x162.jpg 300w, https:\/\/centros.uepb.edu.br\/ccbsa\/files\/2017\/03\/DSC06535-768x415.jpg 768w, https:\/\/centros.uepb.edu.br\/ccbsa\/files\/2017\/03\/DSC06535-370x200.jpg 370w\" sizes=\"auto, (max-width: 840px) 100vw, 840px\" \/><\/a><br \/>\nCom a presen\u00e7a de estudantes, docentes e t\u00e9cnicos-administrativos, foram inaugurados na manh\u00e3 desta segunda-feira (20) os seis m\u00f3dulos habit\u00e1veis destinados aos tr\u00eas cursos de gradua\u00e7\u00e3o do Centro de Ci\u00eancias Biol\u00f3gicas e Sociais Aplicadas (CCBSA) da Universidade Estadual da Para\u00edba e as salas dos Centros Acad\u00eamicos das gradua\u00e7\u00f5es do Campus V.<\/p>\n<p>Os m\u00f3dulos habit\u00e1veis compreendem um container conjugado (medindo 6 x 4,8 metros) e um m\u00f3dulo tradicional (medindo 6 x 2,40), que s\u00e3o destinados ao curso de Rela\u00e7\u00f5es Internacionais, passando a servir de ambiente de reuni\u00e3o e laborat\u00f3rio; o curso de Arquivologia foi contemplado com um container para atender ao projeto de Extens\u00e3o SESA e o Mestrado do curso de Arquivologia; e o curso de Ci\u00eancias Biol\u00f3gicas passar\u00e1 a contar com tr\u00eas novos laborat\u00f3rios: o Laborat\u00f3rio de Biologia Molecular, coordenado pelas professoras Daniela Pontes e Brigida Luckwu, o Laborat\u00f3rio de Bioac\u00fastica e Comportamento de Peixes \u2013 BCOMP, coordenado pela professora Tacyana Oliveira, e o Laborat\u00f3rio de Ecofisiologia Animal, sob a coordena\u00e7\u00e3o da professora Enelise Amado.<\/p>\n<p>Al\u00e9m destes espa\u00e7os, o Campus V j\u00e1 contava com tr\u00eas m\u00f3dulos adquiridos por iniciativa do professor Douglas Zeppelini, do curso de Ci\u00eancias Biol\u00f3gicas, um destes, sendo utilizado como Laborat\u00f3rio de Sistem\u00e1tica de Collembola, e os demais aguardando a realiza\u00e7\u00e3o de reforma para servir como espa\u00e7os de pesquisa do docente. Ambos est\u00e3o localizados na mesma \u00e1rea dos demais containers, na \u00e1rea lateral ao pr\u00e9dio do CCBSA.<\/p>\n<p><a href=\"https:\/\/centros.uepb.edu.br\/ccbsa\/files\/2017\/03\/DSC06564.jpg\"><img loading=\"lazy\" decoding=\"async\" class=\"aligncenter size-full wp-image-4104 img-responsive\" src=\"https:\/\/centros.uepb.edu.br\/ccbsa\/files\/2017\/03\/DSC06564.jpg\" alt=\"\" width=\"840\" height=\"454\" srcset=\"https:\/\/centros.uepb.edu.br\/ccbsa\/files\/2017\/03\/DSC06564.jpg 840w, https:\/\/centros.uepb.edu.br\/ccbsa\/files\/2017\/03\/DSC06564-300x162.jpg 300w, https:\/\/centros.uepb.edu.br\/ccbsa\/files\/2017\/03\/DSC06564-768x415.jpg 768w, https:\/\/centros.uepb.edu.br\/ccbsa\/files\/2017\/03\/DSC06564-370x200.jpg 370w\" sizes=\"auto, (max-width: 840px) 100vw, 840px\" \/><\/a><\/p>\n<p>J\u00e1 as salas destinadas aos Centros Acad\u00eamicos est\u00e3o localizadas pr\u00f3ximo ao bloco de salas de Ci\u00eancias Biol\u00f3gicas e visam atendem a uma demanda dos estudantes que agora ter\u00e3o um espa\u00e7o para reunir o material que precisarem e atender os demais discentes. Para o estudante do CA de Arquivologia, J\u00fanio Felipe Figueiredo, o espa\u00e7o para o funcionamento das entidades estudantis era uma reivindica\u00e7\u00e3o antiga e a conquista desse local \u00e9 um marco para o p\u00fablico discente.<\/p>\n<p>O integrante do CA de Ci\u00eancias Biol\u00f3gicas, Otoniel Lima, enfatiza os benef\u00edcios que vir\u00e3o para os estudantes que ter\u00e3o um espa\u00e7o f\u00edsico para serem atendidos o que facilitar\u00e1 o atendimento de demandas. E a estudante Monalisa Lustosa, do Centro Acad\u00eamico de Rela\u00e7\u00f5es Internacionais, a aquisi\u00e7\u00e3o de um espa\u00e7o f\u00edsico \u00e9 importante por uma quest\u00e3o de autoafirma\u00e7\u00e3o e para que a entidade possa se organizar melhor em torno dos projetos e a\u00e7\u00f5es que est\u00e3o em andamento.<\/p>\n<p>De acordo com a diretora do CCBSA, professora Jacqueline Echeverr\u00eda Barrancos, os m\u00f3dulos s\u00e3o a solu\u00e7\u00e3o encontrada para atender algumas demandas urgentes do Campus V relacionadas \u00e0 infraestrutura. Al\u00e9m disso, a docente destaca que os novos espa\u00e7os dos estudantes possibilitar\u00e3o melhores condi\u00e7\u00f5es de atua\u00e7\u00e3o das entidades estudantis do CCBSA. A diretora destacou que essas a\u00e7\u00f5es s\u00e3o uma continuidade de um processo iniciado na gest\u00e3o anterior, pelo professor Francisco Jaime, e que ainda est\u00e3o em andamento outras melhorias necess\u00e1rias para o bom funcionamento das atividades da comunidade acad\u00eamica.<\/p>\n","protected":false},"excerpt":{"rendered":"<p>Com a presen\u00e7a de estudantes, docentes e t\u00e9cnicos-administrativos, foram inaugurados na manh\u00e3 desta segunda-feira (20) os seis m\u00f3dulos habit\u00e1veis destinados aos tr\u00eas cursos de gradua\u00e7\u00e3o do Centro de Ci\u00eancias Biol\u00f3gicas e Sociais Aplicadas (CCBSA) da Universidade Estadual da Para\u00edba e as salas dos Centros Acad\u00eamicos das gradua\u00e7\u00f5es do Campus V. Os m\u00f3dulos habit\u00e1veis compreendem um <a class=\"leiamais\" href=\"https:\/\/centros.uepb.edu.br\/ccbsa\/modulos-de-laboratorios-e-salas-dos-centros-academicos-das-graduacoes-do-campus-v-sao-inaugurados\/\">Leia Mais&#8230;<\/a><\/p>\n","protected":false},"author":8,"featured_media":4103,"comment_status":"closed","ping_status":"closed","sticky":false,"template":"","format":"standard","meta":{"footnotes":""},"categories":[3,11],"tags":[],"class_list":["post-4102","post","type-post","status-publish","format-standard","has-post-thumbnail","hentry","category-noticias","category-noticias-destaque-img"],"jetpack_featured_media_url":"https:\/\/centros.uepb.edu.br\/ccbsa\/files\/2017\/03\/DSC06535.jpg","_links":{"self":[{"href":"https:\/\/centros.uepb.edu.br\/ccbsa\/wp-json\/wp\/v2\/posts\/4102","targetHints":{"allow":["GET"]}}],"collection":[{"href":"https:\/\/centros.uepb.edu.br\/ccbsa\/wp-json\/wp\/v2\/posts"}],"about":[{"href":"https:\/\/centros.uepb.edu.br\/ccbsa\/wp-json\/wp\/v2\/types\/post"}],"author":[{"embeddable":true,"href":"https:\/\/centros.uepb.edu.br\/ccbsa\/wp-json\/wp\/v2\/users\/8"}],"replies":[{"embeddable":true,"href":"https:\/\/centros.uepb.edu.br\/ccbsa\/wp-json\/wp\/v2\/comments?post=4102"}],"version-history":[{"count":0,"href":"https:\/\/centros.uepb.edu.br\/ccbsa\/wp-json\/wp\/v2\/posts\/4102\/revisions"}],"wp:featuredmedia":[{"embeddable":true,"href":"https:\/\/centros.uepb.edu.br\/ccbsa\/wp-json\/wp\/v2\/media\/4103"}],"wp:attachment":[{"href":"https:\/\/centros.uepb.edu.br\/ccbsa\/wp-json\/wp\/v2\/media?parent=4102"}],"wp:term":[{"taxonomy":"category","embeddable":true,"href":"https:\/\/centros.uepb.edu.br\/ccbsa\/wp-json\/wp\/v2\/categories?post=4102"},{"taxonomy":"post_tag","embeddable":true,"href":"https:\/\/centros.uepb.edu.br\/ccbsa\/wp-json\/wp\/v2\/tags?post=4102"}],"curies":[{"name":"wp","href":"https:\/\/api.w.org\/{rel}","templated":true}]}}