{"id":4068,"date":"2017-03-10T16:46:12","date_gmt":"2017-03-10T16:46:12","guid":{"rendered":"https:\/\/centros.uepb.edu.br\/ccbsa\/?p=4068"},"modified":"2017-03-10T16:46:12","modified_gmt":"2017-03-10T16:46:12","slug":"direcao-do-ccbsa-reune-a-comunidade-academica-para-discutir-encaminhamentos-relacionados-a-sede-propria","status":"publish","type":"post","link":"https:\/\/centros.uepb.edu.br\/ccbsa\/direcao-do-ccbsa-reune-a-comunidade-academica-para-discutir-encaminhamentos-relacionados-a-sede-propria\/","title":{"rendered":"Dire\u00e7\u00e3o do CCBSA re\u00fane a comunidade acad\u00eamica para discutir encaminhamentos relacionados \u00e0 sede pr\u00f3pria"},"content":{"rendered":"<p><a href=\"https:\/\/centros.uepb.edu.br\/ccbsa\/files\/2017\/03\/DSC06455.jpg\"><img loading=\"lazy\" decoding=\"async\" class=\"aligncenter size-full wp-image-4069 img-responsive\" src=\"https:\/\/centros.uepb.edu.br\/ccbsa\/files\/2017\/03\/DSC06455.jpg\" alt=\"\" width=\"840\" height=\"454\" srcset=\"https:\/\/centros.uepb.edu.br\/ccbsa\/files\/2017\/03\/DSC06455.jpg 840w, https:\/\/centros.uepb.edu.br\/ccbsa\/files\/2017\/03\/DSC06455-300x162.jpg 300w, https:\/\/centros.uepb.edu.br\/ccbsa\/files\/2017\/03\/DSC06455-768x415.jpg 768w, https:\/\/centros.uepb.edu.br\/ccbsa\/files\/2017\/03\/DSC06455-370x200.jpg 370w\" sizes=\"auto, (max-width: 840px) 100vw, 840px\" \/><\/a><\/p>\n<p>Com objetivo de informar a comunidade acad\u00eamica e oportunizar uma discuss\u00e3o relacionada \u00e0 instala\u00e7\u00e3o do Campus V da Universidade Estadual da Para\u00edba em uma sede pr\u00f3pria, a dire\u00e7\u00e3o do Centro de Ci\u00eancias Biol\u00f3gicas e Sociais Aplicadas realizou, na manh\u00e3 desta sexta-feira (10), no audit\u00f3rio Pioneiros, uma reuni\u00e3o extraordin\u00e1ria.<\/p>\n<p>Participaram da iniciativa estudantes, docentes e t\u00e9cnicos-administrativos vinculados aos tr\u00eas cursos de gradua\u00e7\u00e3o do CCBSA e da p\u00f3s-gradua\u00e7\u00e3o em Rela\u00e7\u00f5es Internacionais. A mesa de discuss\u00f5es contou com a participa\u00e7\u00e3o da diretora do CCBSA, professora Jacqueline Echeverr\u00eda Barrancos; do diretor adjunto do CCBSA, professor \u00canio Wocyli Dantas; do representante dos discentes, o estudante de Rela\u00e7\u00f5es Internacionais Rique Peres; do representante dos docentes, professor Rams\u00e9s Nunes e da representante dos t\u00e9cnicos-administrativos, a servidora Sandra Maranh\u00e3o.<\/p>\n<p>Em sua fala, a professora Jacqueline apresentou o hist\u00f3rico de iniciativas empreendidas com o objetivo de articular a concess\u00e3o de um espa\u00e7o pr\u00f3prio para o CCBSA. Segunda a docente, embora a UEPB tenha demonstrado interesse no pr\u00e9dio do antigo Hotel Tropicana, a doa\u00e7\u00e3o do espa\u00e7o foi uma surpresa para os gestores que enxergaram o ato como uma conquista hist\u00f3rica para o Campus V.<\/p>\n<p>\u201cDesde o in\u00edcio de nossa gest\u00e3o estivemos realizando reuni\u00f5es com diversas autoridades, principalmente vinculadas ao Governo do Estado, com o objetivo de viabilizar uma das diversas alternativas de aquisi\u00e7\u00e3o de um espa\u00e7o pr\u00f3prio para o CCBSA. E, depois de tanta luta, consideramos que a cess\u00e3o do pr\u00e9dio onde funcionava o Hotel Tropicana \u00e9 um grande avan\u00e7o. A partir de agora vamos dar prosseguimento \u00e0s discuss\u00f5es com a participa\u00e7\u00e3o de todos os segmentos do Campus V na busca por encontrarmos juntos a melhor solu\u00e7\u00e3o para nossa instala\u00e7\u00e3o definitiva\u201d, avaliou a diretora.<\/p>\n<p><a href=\"https:\/\/centros.uepb.edu.br\/ccbsa\/files\/2017\/03\/DSC06478.jpg\"><img loading=\"lazy\" decoding=\"async\" class=\"aligncenter size-full wp-image-4070 img-responsive\" src=\"https:\/\/centros.uepb.edu.br\/ccbsa\/files\/2017\/03\/DSC06478.jpg\" alt=\"\" width=\"840\" height=\"454\" srcset=\"https:\/\/centros.uepb.edu.br\/ccbsa\/files\/2017\/03\/DSC06478.jpg 840w, https:\/\/centros.uepb.edu.br\/ccbsa\/files\/2017\/03\/DSC06478-300x162.jpg 300w, https:\/\/centros.uepb.edu.br\/ccbsa\/files\/2017\/03\/DSC06478-768x415.jpg 768w, https:\/\/centros.uepb.edu.br\/ccbsa\/files\/2017\/03\/DSC06478-370x200.jpg 370w\" sizes=\"auto, (max-width: 840px) 100vw, 840px\" \/><\/a><\/p>\n<p>O professor \u00canio tamb\u00e9m enumerou as diversas dificuldades encontradas para a conquista de um espa\u00e7o pr\u00f3prio de funcionamento do CCBSA e destaca que, mesmo ap\u00f3s a cess\u00e3o do pr\u00e9dio do Patrim\u00f4nio da Uni\u00e3o, a dire\u00e7\u00e3o e a comunidade acad\u00eamica devem continuar na luta para que sejam adquiridos novos espa\u00e7os, a exemplo do Parque das Trilhas, e para buscar o financiamento das constru\u00e7\u00f5es, reformas e melhorias necess\u00e1rias ao bom funcionamento do Campus V.<\/p>\n<p>\u201cRealizamos essa reuni\u00e3o no dia de hoje com o intuito de compartilhar com aqueles que fazem o CCBSA as informa\u00e7\u00f5es sobre esse importante passo que estamos dando, e para convocar a todos para se unirem a n\u00f3s nessa luta que est\u00e1 apenas come\u00e7ando\u201d, avaliou \u00canio.<\/p>\n<p>O estudante Rique Peres parabenizou a dire\u00e7\u00e3o do CCBSA pela conquista do pr\u00e9dio, lembrou da participa\u00e7\u00e3o do movimento estudantil nesse processo, desde a realiza\u00e7\u00e3o do movimento \u201cSOS UEPB Campus V\u201d, e lan\u00e7ou uma reflex\u00e3o sobre a possibilidade de ocupa\u00e7\u00e3o do pr\u00e9dio do antigo Hotel Tropicana pela UEPB e consequente revitaliza\u00e7\u00e3o da \u00e1rea ocasionando o cumprimento do papel social da Educa\u00e7\u00e3o.<\/p>\n<p>\u201cVoc\u00ea est\u00e1 se formando para servir a quem? Devemos acreditar no potencial transformador da universidade. Se encontramos um entorno com quest\u00f5es como viol\u00eancia, prostitui\u00e7\u00e3o, drogas, temos tamb\u00e9m o papel de interferir nessa realidade, por meio das nossas pesquisas, projetos de extens\u00e3o. Enfim, essa tamb\u00e9m \u00e9 a nossa responsabilidade\u201d, avalia o estudante.<\/p>\n<p>O professor Rams\u00e9s Nunes enfatizou a import\u00e2ncia dessa conquista e necessidade de empoderamento da luta por parte de cada membro da comunidade com o objetivo de constituir-se um espa\u00e7o que sirva de referencial de lugar para a UEPB em Jo\u00e3o Pessoa. J\u00e1 a servidora Sandra Maranh\u00e3o destacou a primordialidade de que os membros da comunidade possam pensar juntos em solu\u00e7\u00f5es para o Campus V evitando diverg\u00eancias e buscando<\/p>\n<p><strong>Sobre o pr\u00e9dio cedido para o CCBSA<\/strong><\/p>\n<p>Ap\u00f3s uma reuni\u00e3o realizada na manh\u00e3 desta quinta-feira (9), entre o vice-reitor da UEPB Fl\u00e1vio Romero, os diretores do CCBSA, professora Jacqueline Barrancos e \u00canio Wocyli e o superintendente do Patrim\u00f4nio da Uni\u00e3o na Para\u00edba, Jos\u00e9 Clidevaldo Sampaio Alves foi realizada a cess\u00e3o do pr\u00e9dio do antigo Hotel Tropicana para o CCBSA.<\/p>\n<p>No encontro foram discutidos os detalhes formais da cess\u00e3o do pr\u00e9dio que est\u00e1 situado na Rua Professora Alice Azevedo, 461, no Centro de Jo\u00e3o Pessoa, pr\u00f3ximo a Pra\u00e7a dos Tr\u00eas Poderes. A estrutura f\u00edsica do antigo hotel compreende 5.119,90 m2 de \u00e1rea constru\u00edda, contemplando 100 apartamentos, al\u00e9m de outros c\u00f4modos.<\/p>\n<p>De acordo com Fl\u00e1vio Romero os 10 anos de atividades do Centro de Ci\u00eancias Biol\u00f3gicas e Sociais Aplicadas (CCBSA) em um pr\u00e9dio onde tamb\u00e9m funciona uma escola estadual dificulta o desempenho das execu\u00e7\u00f5es de uma institui\u00e7\u00e3o de ensino superior. O vice-reitor ainda pontuou que, ap\u00f3s esse encontro, falta pouco para que o Termo de Cess\u00e3o seja confirmado.<\/p>\n<p>\u201cAgora ser\u00e3o cumpridos apenas procedimentos formais, com a inser\u00e7\u00e3o no sistema de um projeto b\u00e1sico que detalhe a utiliza\u00e7\u00e3o do espa\u00e7o f\u00edsico. Posteriormente, caber\u00e1 ao reitor Rangel Junior firmar o Termo de Cess\u00e3o, que dar\u00e1 as condi\u00e7\u00f5es legais para que a UEPB fa\u00e7a o enfrentamento de um novo desafio: captar os recursos que garantam a revitaliza\u00e7\u00e3o do espa\u00e7o que ser\u00e1 cedido, com as devidas adequa\u00e7\u00f5es para o pleno funcionamento do Campus Universit\u00e1rio\u201d, explicou o vice-reitor, acrescentando que \u201ca cess\u00e3o desse espa\u00e7o pela Uni\u00e3o representa a supera\u00e7\u00e3o de uma dificuldade inicial, qual seja: um ponto concreto de partida para que se busque, principalmente junto ao Governo do Estado, os recursos necess\u00e1rios para garantir a implanta\u00e7\u00e3o do Campus V no espa\u00e7o a ser cedido\u201d.<\/p>\n<p>O superintendente do Patrim\u00f4nio da Uni\u00e3o na Para\u00edba, Jos\u00e9 Clidevaldo Sampaio, destacou ainda que \u201ca implanta\u00e7\u00e3o da UEPB no antigo Hotel Tropicana promover\u00e1 um enorme impacto positivo do ponto de vista do patrim\u00f4nio hist\u00f3rico e social daquele entorno\u201d.<\/p>\n","protected":false},"excerpt":{"rendered":"<p>Com objetivo de informar a comunidade acad\u00eamica e oportunizar uma discuss\u00e3o relacionada \u00e0 instala\u00e7\u00e3o do Campus V da Universidade Estadual da Para\u00edba em uma sede pr\u00f3pria, a dire\u00e7\u00e3o do Centro de Ci\u00eancias Biol\u00f3gicas e Sociais Aplicadas realizou, na manh\u00e3 desta sexta-feira (10), no audit\u00f3rio Pioneiros, uma reuni\u00e3o extraordin\u00e1ria. Participaram da iniciativa estudantes, docentes e t\u00e9cnicos-administrativos <a class=\"leiamais\" href=\"https:\/\/centros.uepb.edu.br\/ccbsa\/direcao-do-ccbsa-reune-a-comunidade-academica-para-discutir-encaminhamentos-relacionados-a-sede-propria\/\">Leia Mais&#8230;<\/a><\/p>\n","protected":false},"author":8,"featured_media":4069,"comment_status":"closed","ping_status":"closed","sticky":false,"template":"","format":"standard","meta":{"footnotes":""},"categories":[3,11],"tags":[],"class_list":["post-4068","post","type-post","status-publish","format-standard","has-post-thumbnail","hentry","category-noticias","category-noticias-destaque-img"],"jetpack_featured_media_url":"https:\/\/centros.uepb.edu.br\/ccbsa\/files\/2017\/03\/DSC06455.jpg","_links":{"self":[{"href":"https:\/\/centros.uepb.edu.br\/ccbsa\/wp-json\/wp\/v2\/posts\/4068","targetHints":{"allow":["GET"]}}],"collection":[{"href":"https:\/\/centros.uepb.edu.br\/ccbsa\/wp-json\/wp\/v2\/posts"}],"about":[{"href":"https:\/\/centros.uepb.edu.br\/ccbsa\/wp-json\/wp\/v2\/types\/post"}],"author":[{"embeddable":true,"href":"https:\/\/centros.uepb.edu.br\/ccbsa\/wp-json\/wp\/v2\/users\/8"}],"replies":[{"embeddable":true,"href":"https:\/\/centros.uepb.edu.br\/ccbsa\/wp-json\/wp\/v2\/comments?post=4068"}],"version-history":[{"count":0,"href":"https:\/\/centros.uepb.edu.br\/ccbsa\/wp-json\/wp\/v2\/posts\/4068\/revisions"}],"wp:featuredmedia":[{"embeddable":true,"href":"https:\/\/centros.uepb.edu.br\/ccbsa\/wp-json\/wp\/v2\/media\/4069"}],"wp:attachment":[{"href":"https:\/\/centros.uepb.edu.br\/ccbsa\/wp-json\/wp\/v2\/media?parent=4068"}],"wp:term":[{"taxonomy":"category","embeddable":true,"href":"https:\/\/centros.uepb.edu.br\/ccbsa\/wp-json\/wp\/v2\/categories?post=4068"},{"taxonomy":"post_tag","embeddable":true,"href":"https:\/\/centros.uepb.edu.br\/ccbsa\/wp-json\/wp\/v2\/tags?post=4068"}],"curies":[{"name":"wp","href":"https:\/\/api.w.org\/{rel}","templated":true}]}}