{"id":4065,"date":"2017-03-10T13:02:20","date_gmt":"2017-03-10T13:02:20","guid":{"rendered":"https:\/\/centros.uepb.edu.br\/ccbsa\/?p=4065"},"modified":"2017-03-10T13:03:26","modified_gmt":"2017-03-10T13:03:26","slug":"uepb-obtem-posse-de-predio-no-centro-de-joao-pessoa-para-instalacao-da-sede-propria-do-campus-v","status":"publish","type":"post","link":"https:\/\/centros.uepb.edu.br\/ccbsa\/uepb-obtem-posse-de-predio-no-centro-de-joao-pessoa-para-instalacao-da-sede-propria-do-campus-v\/","title":{"rendered":"UEPB obt\u00e9m posse de pr\u00e9dio no Centro de Jo\u00e3o Pessoa para instala\u00e7\u00e3o da sede pr\u00f3pria do Campus V"},"content":{"rendered":"<p><a href=\"https:\/\/centros.uepb.edu.br\/ccbsa\/files\/2017\/03\/reuniao-doa\u00e7\u00e3o01.jpg\"><img loading=\"lazy\" decoding=\"async\" class=\"aligncenter size-full wp-image-4066 img-responsive\" src=\"https:\/\/centros.uepb.edu.br\/ccbsa\/files\/2017\/03\/reuniao-doa\u00e7\u00e3o01.jpg\" alt=\"\" width=\"840\" height=\"454\" srcset=\"https:\/\/centros.uepb.edu.br\/ccbsa\/files\/2017\/03\/reuniao-doa\u00e7\u00e3o01.jpg 840w, https:\/\/centros.uepb.edu.br\/ccbsa\/files\/2017\/03\/reuniao-doa\u00e7\u00e3o01-300x162.jpg 300w, https:\/\/centros.uepb.edu.br\/ccbsa\/files\/2017\/03\/reuniao-doa\u00e7\u00e3o01-768x415.jpg 768w, https:\/\/centros.uepb.edu.br\/ccbsa\/files\/2017\/03\/reuniao-doa\u00e7\u00e3o01-370x200.jpg 370w\" sizes=\"auto, (max-width: 840px) 100vw, 840px\" \/><\/a><\/p>\n<p>O Campus V da Universidade Estadual da Para\u00edba (UEPB) est\u00e1 mais pr\u00f3ximo de solucionar uma de suas principais demandas: a implanta\u00e7\u00e3o em espa\u00e7o f\u00edsico pr\u00f3prio. Na manh\u00e3 desta quinta-feira (9), o vice-reitor Fl\u00e1vio Romero participou de uma reuni\u00e3o com o superintendente do Patrim\u00f4nio da Uni\u00e3o na Para\u00edba, Jos\u00e9 Clidevaldo Sampaio Alves, para deliberar sobre a tramita\u00e7\u00e3o final com vistas \u00e0 cess\u00e3o do pr\u00e9dio do antigo Hotel Tropicana para a Universidade.<\/p>\n<p>A reuni\u00e3o contou tamb\u00e9m com as presen\u00e7as da diretora do Campus V, professora Jaqueline Barrancos, e do diretor adjunto, \u00canio Dantas. No encontro foram discutidos os detalhes formais da cess\u00e3o do pr\u00e9dio que est\u00e1 situado na Rua Professora Alice Azevedo, 461, no Centro de Jo\u00e3o Pessoa, pr\u00f3ximo a Pra\u00e7a dos Tr\u00eas Poderes. A estrutura f\u00edsica do antigo hotel compreende 5.119,90 m2 de \u00e1rea constru\u00edda, contemplando 100 apartamentos, al\u00e9m de outros c\u00f4modos.<\/p>\n<p>De acordo com Fl\u00e1vio Romero, a reuni\u00e3o foi fundamental para confirmar um desejo antigo da comunidade da UEPB, que \u00e9 o funcionamento do Campus V em um novo espa\u00e7o. Ele destacou que os 10 anos de atividades do Centro de Ci\u00eancias Biol\u00f3gicas e Sociais Aplicadas (CCBSA) em um pr\u00e9dio onde tamb\u00e9m funciona uma escola estadual dificulta o desempenho das execu\u00e7\u00f5es de uma institui\u00e7\u00e3o de ensino superior. O vice-reitor ainda pontuou que, ap\u00f3s esse encontro, falta pouco para que o Termo de Cess\u00e3o seja confirmado.<\/p>\n<p>\u201cAgora ser\u00e3o cumpridos apenas procedimentos formais, com a inser\u00e7\u00e3o no sistema de um projeto b\u00e1sico que detalhe a utiliza\u00e7\u00e3o do espa\u00e7o f\u00edsico. Posteriormente, caber\u00e1 ao reitor Rangel Junior firmar o Termo de Cess\u00e3o, que dar\u00e1 as condi\u00e7\u00f5es legais para que a UEPB fa\u00e7a o enfrentamento de um novo desafio: captar os recursos que garantam a revitaliza\u00e7\u00e3o do espa\u00e7o que ser\u00e1 cedido, com as devidas adequa\u00e7\u00f5es para o pleno funcionamento do Campus Universit\u00e1rio\u201d, explicou o vice-reitor, acrescentando que \u201ca cess\u00e3o desse espa\u00e7o pela Uni\u00e3o representa a supera\u00e7\u00e3o de uma dificuldade inicial, qual seja: um ponto concreto de partida para que se busque, principalmente junto ao Governo do Estado, os recursos necess\u00e1rios para garantir a implanta\u00e7\u00e3o do \u00a0Campus V no espa\u00e7o a ser cedido\u201d.<\/p>\n<p>Para a diretora do CCBSA, professora Jacqueline Barrancos, que est\u00e1 atuando no Campus de Jo\u00e3o Pessoa desde a sua funda\u00e7\u00e3o, o momento \u00e9 de emo\u00e7\u00e3o e comemora\u00e7\u00e3o. \u201cRealmente \u00e9 uma grande realiza\u00e7\u00e3o para a comunidade acad\u00eamica. A partir do momento que passarmos a ter nosso espa\u00e7o pr\u00f3prio teremos mais visibilidade, identidade e consolida\u00e7\u00e3o. Foram 10 anos de luta e de muito trabalho e eu tive a honra de acompanhar todo esse processo como professora e, agora, enquanto diretora posso dar minha contribui\u00e7\u00e3o que ficar\u00e1 para a hist\u00f3ria do CCBSA. Estou muito feliz\u201d, comemora a diretora.<\/p>\n<p>O superintendente do Patrim\u00f4nio da Uni\u00e3o na Para\u00edba, Jos\u00e9 Clidevaldo Sampaio, destacou ainda que \u201ca implanta\u00e7\u00e3o da UEPB no antigo Hotel Tropicana promover\u00e1 um enorme impacto positivo do ponto de vista do patrim\u00f4nio hist\u00f3rico e social daquele entorno\u201d. J\u00e1 o diretor adjunto, professor \u00canio Wocyli, avalia esse momento como um marco hist\u00f3rico e uma grande conquista, de muitas que ainda devem estar por vir. \u201cEsse \u00e9 um divisor de \u00e1guas entre um per\u00edodo que passamos \u2018inquilinos\u2019 para nos tornarmos agora \u2018propriet\u00e1rios\u2019 de um espa\u00e7o nosso. A luta certamente n\u00e3o acaba. Novas batalhas vir\u00e3o na busca pela qualidade da educa\u00e7\u00e3o superior gratuita que n\u00f3s oferecemos. Enquanto gestores, avalio que estamos cumprindo nosso dever\u201d, ponderou.<\/p>\n","protected":false},"excerpt":{"rendered":"<p>O Campus V da Universidade Estadual da Para\u00edba (UEPB) est\u00e1 mais pr\u00f3ximo de solucionar uma de suas principais demandas: a implanta\u00e7\u00e3o em espa\u00e7o f\u00edsico pr\u00f3prio. Na manh\u00e3 desta quinta-feira (9), o vice-reitor Fl\u00e1vio Romero participou de uma reuni\u00e3o com o superintendente do Patrim\u00f4nio da Uni\u00e3o na Para\u00edba, Jos\u00e9 Clidevaldo Sampaio Alves, para deliberar sobre a <a class=\"leiamais\" href=\"https:\/\/centros.uepb.edu.br\/ccbsa\/uepb-obtem-posse-de-predio-no-centro-de-joao-pessoa-para-instalacao-da-sede-propria-do-campus-v\/\">Leia Mais&#8230;<\/a><\/p>\n","protected":false},"author":8,"featured_media":4066,"comment_status":"closed","ping_status":"closed","sticky":false,"template":"","format":"standard","meta":{"footnotes":""},"categories":[3,11],"tags":[],"class_list":["post-4065","post","type-post","status-publish","format-standard","has-post-thumbnail","hentry","category-noticias","category-noticias-destaque-img"],"jetpack_featured_media_url":"https:\/\/centros.uepb.edu.br\/ccbsa\/files\/2017\/03\/reuniao-doa\u00e7\u00e3o01.jpg","_links":{"self":[{"href":"https:\/\/centros.uepb.edu.br\/ccbsa\/wp-json\/wp\/v2\/posts\/4065","targetHints":{"allow":["GET"]}}],"collection":[{"href":"https:\/\/centros.uepb.edu.br\/ccbsa\/wp-json\/wp\/v2\/posts"}],"about":[{"href":"https:\/\/centros.uepb.edu.br\/ccbsa\/wp-json\/wp\/v2\/types\/post"}],"author":[{"embeddable":true,"href":"https:\/\/centros.uepb.edu.br\/ccbsa\/wp-json\/wp\/v2\/users\/8"}],"replies":[{"embeddable":true,"href":"https:\/\/centros.uepb.edu.br\/ccbsa\/wp-json\/wp\/v2\/comments?post=4065"}],"version-history":[{"count":0,"href":"https:\/\/centros.uepb.edu.br\/ccbsa\/wp-json\/wp\/v2\/posts\/4065\/revisions"}],"wp:featuredmedia":[{"embeddable":true,"href":"https:\/\/centros.uepb.edu.br\/ccbsa\/wp-json\/wp\/v2\/media\/4066"}],"wp:attachment":[{"href":"https:\/\/centros.uepb.edu.br\/ccbsa\/wp-json\/wp\/v2\/media?parent=4065"}],"wp:term":[{"taxonomy":"category","embeddable":true,"href":"https:\/\/centros.uepb.edu.br\/ccbsa\/wp-json\/wp\/v2\/categories?post=4065"},{"taxonomy":"post_tag","embeddable":true,"href":"https:\/\/centros.uepb.edu.br\/ccbsa\/wp-json\/wp\/v2\/tags?post=4065"}],"curies":[{"name":"wp","href":"https:\/\/api.w.org\/{rel}","templated":true}]}}