{"id":4054,"date":"2017-03-07T16:35:06","date_gmt":"2017-03-07T16:35:06","guid":{"rendered":"https:\/\/centros.uepb.edu.br\/ccbsa\/?p=4054"},"modified":"2017-03-07T16:35:33","modified_gmt":"2017-03-07T16:35:33","slug":"campus-v-da-uepb-realiza-solenidade-de-lancamento-de-selo-em-alusao-aos-10-anos-de-fundacao-do-ccbsa-em-joao-pessoa","status":"publish","type":"post","link":"https:\/\/centros.uepb.edu.br\/ccbsa\/campus-v-da-uepb-realiza-solenidade-de-lancamento-de-selo-em-alusao-aos-10-anos-de-fundacao-do-ccbsa-em-joao-pessoa\/","title":{"rendered":"Campus V da UEPB realiza solenidade de lan\u00e7amento de selo em alus\u00e3o aos 10 anos de funda\u00e7\u00e3o do CCBSA"},"content":{"rendered":"<p>&nbsp;<\/p>\n<p><a href=\"https:\/\/centros.uepb.edu.br\/ccbsa\/files\/2017\/03\/DSC06430.jpg\"><img loading=\"lazy\" decoding=\"async\" class=\"aligncenter size-full wp-image-4057 img-responsive\" src=\"https:\/\/centros.uepb.edu.br\/ccbsa\/files\/2017\/03\/DSC06430.jpg\" alt=\"\" width=\"840\" height=\"454\" srcset=\"https:\/\/centros.uepb.edu.br\/ccbsa\/files\/2017\/03\/DSC06430.jpg 840w, https:\/\/centros.uepb.edu.br\/ccbsa\/files\/2017\/03\/DSC06430-300x162.jpg 300w, https:\/\/centros.uepb.edu.br\/ccbsa\/files\/2017\/03\/DSC06430-768x415.jpg 768w, https:\/\/centros.uepb.edu.br\/ccbsa\/files\/2017\/03\/DSC06430-370x200.jpg 370w\" sizes=\"auto, (max-width: 840px) 100vw, 840px\" \/><\/a><\/p>\n<p>Com a presen\u00e7a de estudantes, docentes, t\u00e9cnicos-administrativos, egressos e ex-servidores, foi realizada, na manh\u00e3 desta ter\u00e7a-feira (7), no Campus V da Universidade Estadual da Para\u00edba, a cerim\u00f4nia de lan\u00e7amento do selo alusivo aos 10 anos do Centro de Ci\u00eancias Biol\u00f3gicas e Sociais Aplicadas (CCBSA). Durante o evento foi exibido um v\u00eddeo institucional e proferidos discursos que enfatizaram a import\u00e2ncia social, cultural e econ\u00f4mica do Campus V da UEPB para a cidade de Jo\u00e3o Pessoa.<\/p>\n<p>Compuseram a mesa de honra da solenidade o vice-reitor da UEPB, professor Fl\u00e1vio Romero; o diretor regional Correios da Para\u00edba Jos\u00e9 Pereira da Costa Filho; a diretora do CCBSA, professora Jacqueline Echeverr\u00eda Barrancos; o vice-diretor, professor \u00canio Wocyli Dantas e o integrante do Centro Acad\u00eamico de Arquivologia e representante dos estudantes Vitor Hugo Teixeira.<\/p>\n<p><a href=\"https:\/\/centros.uepb.edu.br\/ccbsa\/files\/2017\/03\/DSC06411.jpg\"><img loading=\"lazy\" decoding=\"async\" class=\"aligncenter size-full wp-image-4055 img-responsive\" src=\"https:\/\/centros.uepb.edu.br\/ccbsa\/files\/2017\/03\/DSC06411.jpg\" alt=\"\" width=\"840\" height=\"454\" srcset=\"https:\/\/centros.uepb.edu.br\/ccbsa\/files\/2017\/03\/DSC06411.jpg 840w, https:\/\/centros.uepb.edu.br\/ccbsa\/files\/2017\/03\/DSC06411-300x162.jpg 300w, https:\/\/centros.uepb.edu.br\/ccbsa\/files\/2017\/03\/DSC06411-768x415.jpg 768w, https:\/\/centros.uepb.edu.br\/ccbsa\/files\/2017\/03\/DSC06411-370x200.jpg 370w\" sizes=\"auto, (max-width: 840px) 100vw, 840px\" \/><\/a><\/p>\n<p>O diretor regional dos Correios explicou o significado da cerim\u00f4nia de lan\u00e7amento e oblitera\u00e7\u00e3o de um selo, o valor da pe\u00e7a e a import\u00e2ncia dessa iniciativa. Jos\u00e9 Pereira filho lembrou que o selo \u00e9 um carimbo e marca oficial que indica uma propriedade tornado-a inviol\u00e1vel. A pr\u00e1tica de confeccionar esses objetos \u00e9 uma tradi\u00e7\u00e3o hist\u00f3rica em diversos pa\u00edses, indicando um fato de relev\u00e2ncia para a sociedade.<\/p>\n<p>Em sua fala, o vice-reitor da UEPB, destacou o valor simb\u00f3lico desta cerim\u00f4nia, enalteceu a import\u00e2ncia acad\u00eamica, cient\u00edfica e sobretudo social do CCBSA para a cidade de Jo\u00e3o Pessoa e o Estado da Para\u00edba e destacou os esfor\u00e7os que vem sendo implementados pela reitoria para consolida\u00e7\u00e3o do Campus V.<\/p>\n<p>\u201cEssa manh\u00e3 se reveste de um momento especial n\u00e3o s\u00f3 pelo lan\u00e7amento do selo. Esse selo \u00e9 uma homenagem simb\u00f3lica que materializa algo que \u00e9 imaterial, intang\u00edvel, que \u00e9 o valor desse Campus. (\u2026) Aqui n\u00e3o se faz nenhum questionamento quanto \u00e0 import\u00e2ncia do Campus de Jo\u00e3o Pessoa que desde a cria\u00e7\u00e3o tem seguido o mesmo percurso de crescimento da UEPB, com a qualifica\u00e7\u00e3o do corpo docente, consolida\u00e7\u00e3o dos cursos e, paradoxalmente, o desafio de enfrentar a redu\u00e7\u00e3o de investimentos. Temos consci\u00eancia das limita\u00e7\u00f5es do Campus V e estabelecemos como prioridade a busca por um espa\u00e7o pr\u00f3prio para o CCBSA\u201d, declarou o vice-reitor.<\/p>\n<p><a href=\"https:\/\/centros.uepb.edu.br\/ccbsa\/files\/2017\/03\/DSC06415.jpg\"><img loading=\"lazy\" decoding=\"async\" class=\"aligncenter size-full wp-image-4056 img-responsive\" src=\"https:\/\/centros.uepb.edu.br\/ccbsa\/files\/2017\/03\/DSC06415.jpg\" alt=\"\" width=\"840\" height=\"454\" srcset=\"https:\/\/centros.uepb.edu.br\/ccbsa\/files\/2017\/03\/DSC06415.jpg 840w, https:\/\/centros.uepb.edu.br\/ccbsa\/files\/2017\/03\/DSC06415-300x162.jpg 300w, https:\/\/centros.uepb.edu.br\/ccbsa\/files\/2017\/03\/DSC06415-768x415.jpg 768w, https:\/\/centros.uepb.edu.br\/ccbsa\/files\/2017\/03\/DSC06415-370x200.jpg 370w\" sizes=\"auto, (max-width: 840px) 100vw, 840px\" \/><\/a><\/p>\n<p>A diretora do CCBSA, professora Jacqueline Barrancos, lembrou nomes de docentes, t\u00e9cnicos-administrativos e discentes pioneiros do Campus V, que defenderam a causa de desenvolvimento educacional, social, econ\u00f4mico e cultural da Para\u00edba, desde a implanta\u00e7\u00e3o do CCBSA. De acordo com a professora Jacqueline, o grande desafio, al\u00e9m de manter as conquistas no ensino, pesquisa e extens\u00e3o, \u00e9 adquirir um local pr\u00f3prio para o Campus V.<\/p>\n<p>\u201cA elevada import\u00e2ncia das atividades de ensino de gradua\u00e7\u00e3o e de p\u00f3s-gradua\u00e7\u00e3o, da pesquisa e da extens\u00e3o do Campus V justificam investimentos do tesouro estadual que devem ser destinados \u00e0 UEPB com o objetivo de promover relevante contribui\u00e7\u00e3o em termos de gera\u00e7\u00e3o e de produ\u00e7\u00e3o cient\u00edfica e tecnol\u00f3gica na compreens\u00e3o de que o desenvolvimento socioecon\u00f4mico da Para\u00edba depende fundamentalmente de um amplo e eficiente processo de educa\u00e7\u00e3o do seu povo. Compreendemos que formar institui\u00e7\u00f5es humanas de excelente qualidade, gerar e difundir conhecimentos que se constituem em investimentos estrat\u00e9gicos para o desenvolvimento do Estado da Para\u00edba \u00e9 necess\u00e1rio, e o Campus V da UEPB tem atuado com esse intuito\u201d, avalia.<\/p>\n<p>Durante a solenidade foi realizada uma apresenta\u00e7\u00e3o cultural com os estudantes do curso de Arquivologia Beto Tavares e Lula Marinho.<\/p>\n<p><strong>Sobre o CCBSA<\/strong><\/p>\n<p>O Campus V da Universidade Estadual da Para\u00edba \u2013 Ministro Alcides Carneiro, foi criado em 2006, trazendo para o litoral do Estado cursos pioneiros e forma\u00e7\u00f5es com o intuito de atender a demandas locais, nacionais e internacionais, como os Bacharelados em Arquivologia, Rela\u00e7\u00f5es Internacionais, Ci\u00eancias Biol\u00f3gicas, o Programa de P\u00f3s-gradua\u00e7\u00e3o em Rela\u00e7\u00f5es Internacionais e um N\u00facleo de L\u00ednguas que oferece, gratuitamente, cursos de idiomas do n\u00edvel iniciante ao avan\u00e7ado.<\/p>\n<p>Com um amplo e qualificado corpo docente, constitu\u00eddo por doutores e mestres, o CCBSA possui uma produ\u00e7\u00e3o de relev\u00e2ncia, destacando-se h\u00e1 10 anos nas atividades de ensino, pesquisa e extens\u00e3o. Somada \u00e0 experi\u00eancia profissional dos professores, a matriz curricular das disciplinas, a metodologia do ensino-aprendizagem e a permanente liga\u00e7\u00e3o com a pesquisa junto aos setores p\u00fablico e privado, criam um ambiente prop\u00edcio ao desenvolvimento e aprofundamento dos conceitos necess\u00e1rios para a obten\u00e7\u00e3o das compet\u00eancias requeridas na sociedade do conhecimento.<\/p>\n","protected":false},"excerpt":{"rendered":"<p>&nbsp; Com a presen\u00e7a de estudantes, docentes, t\u00e9cnicos-administrativos, egressos e ex-servidores, foi realizada, na manh\u00e3 desta ter\u00e7a-feira (7), no Campus V da Universidade Estadual da Para\u00edba, a cerim\u00f4nia de lan\u00e7amento do selo alusivo aos 10 anos do Centro de Ci\u00eancias Biol\u00f3gicas e Sociais Aplicadas (CCBSA). Durante o evento foi exibido um v\u00eddeo institucional e proferidos <a class=\"leiamais\" href=\"https:\/\/centros.uepb.edu.br\/ccbsa\/campus-v-da-uepb-realiza-solenidade-de-lancamento-de-selo-em-alusao-aos-10-anos-de-fundacao-do-ccbsa-em-joao-pessoa\/\">Leia Mais&#8230;<\/a><\/p>\n","protected":false},"author":8,"featured_media":4055,"comment_status":"closed","ping_status":"closed","sticky":false,"template":"","format":"standard","meta":{"footnotes":""},"categories":[3,11],"tags":[],"class_list":["post-4054","post","type-post","status-publish","format-standard","has-post-thumbnail","hentry","category-noticias","category-noticias-destaque-img"],"jetpack_featured_media_url":"https:\/\/centros.uepb.edu.br\/ccbsa\/files\/2017\/03\/DSC06411.jpg","_links":{"self":[{"href":"https:\/\/centros.uepb.edu.br\/ccbsa\/wp-json\/wp\/v2\/posts\/4054","targetHints":{"allow":["GET"]}}],"collection":[{"href":"https:\/\/centros.uepb.edu.br\/ccbsa\/wp-json\/wp\/v2\/posts"}],"about":[{"href":"https:\/\/centros.uepb.edu.br\/ccbsa\/wp-json\/wp\/v2\/types\/post"}],"author":[{"embeddable":true,"href":"https:\/\/centros.uepb.edu.br\/ccbsa\/wp-json\/wp\/v2\/users\/8"}],"replies":[{"embeddable":true,"href":"https:\/\/centros.uepb.edu.br\/ccbsa\/wp-json\/wp\/v2\/comments?post=4054"}],"version-history":[{"count":0,"href":"https:\/\/centros.uepb.edu.br\/ccbsa\/wp-json\/wp\/v2\/posts\/4054\/revisions"}],"wp:featuredmedia":[{"embeddable":true,"href":"https:\/\/centros.uepb.edu.br\/ccbsa\/wp-json\/wp\/v2\/media\/4055"}],"wp:attachment":[{"href":"https:\/\/centros.uepb.edu.br\/ccbsa\/wp-json\/wp\/v2\/media?parent=4054"}],"wp:term":[{"taxonomy":"category","embeddable":true,"href":"https:\/\/centros.uepb.edu.br\/ccbsa\/wp-json\/wp\/v2\/categories?post=4054"},{"taxonomy":"post_tag","embeddable":true,"href":"https:\/\/centros.uepb.edu.br\/ccbsa\/wp-json\/wp\/v2\/tags?post=4054"}],"curies":[{"name":"wp","href":"https:\/\/api.w.org\/{rel}","templated":true}]}}