{"id":4010,"date":"2017-02-14T15:02:56","date_gmt":"2017-02-14T15:02:56","guid":{"rendered":"https:\/\/centros.uepb.edu.br\/ccbsa\/?p=4010"},"modified":"2017-03-06T21:08:19","modified_gmt":"2017-03-06T21:08:19","slug":"uepb-inscreve-interessados-em-participar-do-1o-encontro-de-sanfoneiros-e-tocadores-de-oito-baixos-da-paraiba","status":"publish","type":"post","link":"https:\/\/centros.uepb.edu.br\/ccbsa\/uepb-inscreve-interessados-em-participar-do-1o-encontro-de-sanfoneiros-e-tocadores-de-oito-baixos-da-paraiba\/","title":{"rendered":"UEPB inscreve interessados em participar do Encontro de Sanfoneiros e Tocadores de Oito Baixos da Para\u00edba"},"content":{"rendered":"<p><a href=\"https:\/\/centros.uepb.edu.br\/ccbsa\/files\/2017\/02\/Banner_Site-01.png\"><img loading=\"lazy\" decoding=\"async\" class=\"aligncenter size-full wp-image-4011 img-responsive\" src=\"https:\/\/centros.uepb.edu.br\/ccbsa\/files\/2017\/02\/Banner_Site-01.png\" alt=\"\" width=\"840\" height=\"454\" srcset=\"https:\/\/centros.uepb.edu.br\/ccbsa\/files\/2017\/02\/Banner_Site-01.png 840w, https:\/\/centros.uepb.edu.br\/ccbsa\/files\/2017\/02\/Banner_Site-01-300x162.png 300w, https:\/\/centros.uepb.edu.br\/ccbsa\/files\/2017\/02\/Banner_Site-01-768x415.png 768w, https:\/\/centros.uepb.edu.br\/ccbsa\/files\/2017\/02\/Banner_Site-01-370x200.png 370w\" sizes=\"auto, (max-width: 840px) 100vw, 840px\" \/><\/a><\/p>\n<p>A Pr\u00f3-Reitoria de Cultura (Procult) da Universidade Estadual da Para\u00edba (UEPB) realizar\u00e1 de mar\u00e7o a maio de 2017, em\u00a0oito etapas (sendo uma em cada campus da UEPB), o 1\u00ba Encontro de Sanfoneiros e Tocadores de Oito Baixos da Para\u00edba. O projeto tem\u00a0o objetivo principal de elevar uma das mais importantes atividades art\u00edsticas do Nordeste e do Brasil, respons\u00e1vel direta pela preserva\u00e7\u00e3o e divulga\u00e7\u00e3o da cultura popular. No Campus V da UEPB, em Jo\u00e3o Pessoa, a atividade ser\u00e1 realizada dia 3 de maio, das 14 \u00e0s 18h, no audit\u00f3rio Pioneiros, localizado \u00e0 rua Hor\u00e1cio Trajano de Oliveira, s\/n, Cristo.<\/p>\n<p>A programa\u00e7\u00e3o da etapa de Jo\u00e3o Pessoa consiste em um momento de compartilhamento de experi\u00eancias entre os sanfoneiros, com a media\u00e7\u00e3o\u00a0do sanfoneiro Luizinho Calixto, que vem de uma tradicional fam\u00edlia de sanfoneiros de oito baixos, com experi\u00eancia nesse instrumento, j\u00e1 tendo se apresentado ao lado de\u00a0artistas consagrados da m\u00fasica nordestina como Sivuca, Dominguinhos, Jackson do Pandeiro e Luiz Gonzaga. Ap\u00f3s essa troca de experi\u00eancia entre os sanfoneiros presentes no evento ser\u00e1 realizada uma apresenta\u00e7\u00e3o dos participantes para a comunidade acad\u00eamica. Os m\u00fasicos participantes no evento\u00a0receber\u00e3o um certificado da participa\u00e7\u00e3o expedido pela UEPB atrav\u00e9s da chancela da Procult e da dire\u00e7\u00e3o do Centro, al\u00e9m de uma medalha ou um trof\u00e9u alusivo aos 30 anos de estadualiza\u00e7\u00e3o da UEPB.<\/p>\n<p>Ap\u00f3s a realiza\u00e7\u00e3o das etapas regionais, ser\u00e3o escolhidos sanfoneiros para representar cada cidade, e estes dever\u00e3o reunir-se no dia 12 de maio, em Campina Grande, para o evento de culmin\u00e2ncia do I Encontro de Sanfoneiros e Tocadores de Oito Baixos da Para\u00edba, que ser\u00e1 uma pr\u00e9via do Maior S\u00e3o Jo\u00e3o do Mundo.<\/p>\n<p>De acordo com o pr\u00f3-reitor de Cultura da UEPB, professor Jos\u00e9 Crist\u00f3v\u00e3o Andrade, o avan\u00e7o da tecnologia vem conferindo significativas mudan\u00e7as em todos os campos do conhecimento e nas atividades humanas, nestas \u00faltimas d\u00e9cadas. No caso da cultura popular, esta vem enfrentando modifica\u00e7\u00f5es, seja pelos efeitos dos novos equipamentos eletr\u00f4nicos, seja no que se refere \u00e0s formas simb\u00f3licas, lingu\u00edsticas e instrumentais. \u201cA defesa e propaga\u00e7\u00e3o da cultura popular exige que a Universidade encare este Encontro de Sanfoneiros e de Tocadores de 8 baixos n\u00e3o s\u00f3 como um evento isolado, mas uma proposta efetiva em salvaguarda das manifesta\u00e7\u00f5es populares e de categorias de profissionais com perfil hist\u00f3rico na nossa cultura regional\u201d, explicou.<\/p>\n<p>O pr\u00f3-reitor adjunto de Cultura, Jos\u00e9 Benjamim Pereira Filho, apontou que a ideia do encontro \u00e9 resgatar a not\u00e1vel personalidade musical do sanfoneiro, enquanto representa\u00e7\u00e3o respons\u00e1vel pela grandeza do nosso principal repert\u00f3rio e ess\u00eancia das nossas festas populares.<\/p>\n<p>\u201cAlmejamos possibilitar a uni\u00e3o com novos e antigos m\u00fasicos de sanfona para garantir o seu espa\u00e7o nos principais eventos nos munic\u00edpios e nas universidades. Com esse projeto, a UEPB alia-se com maior profundidade ao cotidiano da m\u00fasica nordestina\u201d, destacou. Acerca da culmin\u00e2ncia das atividades, pr\u00f3xima ao Maior S\u00e3o Jo\u00e3o do Mundo, o professor explanou que \u00e9 na festa junina que o talento da m\u00fasica regional se expressa com maior destaque e sendo sempre executado pela Sanfona, seu instrumento mais importante.<\/p>\n<p>Para participar do Encontro \u00e9 necess\u00e1rio preencher o <a href=\"https:\/\/docs.google.com\/forms\/d\/e\/1FAIpQLSeryoCViLPle6iEtTaIUfpgJ_COdT4bPTIhpfeRErLjkT8Xvw\/viewform?c=0&amp;w=1\">formul\u00e1rio eletr\u00f4nico<\/a>\u00a0que \u00e9 automaticamente enviado \u00e0 comiss\u00e3o organizadora.<\/p>\n<p>Outras informa\u00e7\u00f5es: (83)\u00a03223-1128<\/p>\n<p>&nbsp;<\/p>\n<p>&nbsp;<\/p>\n","protected":false},"excerpt":{"rendered":"<p>A Pr\u00f3-Reitoria de Cultura (Procult) da Universidade Estadual da Para\u00edba (UEPB) realizar\u00e1 de mar\u00e7o a maio de 2017, em\u00a0oito etapas (sendo uma em cada campus da UEPB), o 1\u00ba Encontro de Sanfoneiros e Tocadores de Oito Baixos da Para\u00edba. O projeto tem\u00a0o objetivo principal de elevar uma das mais importantes atividades art\u00edsticas do Nordeste e <a class=\"leiamais\" href=\"https:\/\/centros.uepb.edu.br\/ccbsa\/uepb-inscreve-interessados-em-participar-do-1o-encontro-de-sanfoneiros-e-tocadores-de-oito-baixos-da-paraiba\/\">Leia Mais&#8230;<\/a><\/p>\n","protected":false},"author":8,"featured_media":4011,"comment_status":"closed","ping_status":"closed","sticky":false,"template":"","format":"standard","meta":{"footnotes":""},"categories":[3,11],"tags":[],"class_list":["post-4010","post","type-post","status-publish","format-standard","has-post-thumbnail","hentry","category-noticias","category-noticias-destaque-img"],"jetpack_featured_media_url":"https:\/\/centros.uepb.edu.br\/ccbsa\/files\/2017\/02\/Banner_Site-01.png","_links":{"self":[{"href":"https:\/\/centros.uepb.edu.br\/ccbsa\/wp-json\/wp\/v2\/posts\/4010","targetHints":{"allow":["GET"]}}],"collection":[{"href":"https:\/\/centros.uepb.edu.br\/ccbsa\/wp-json\/wp\/v2\/posts"}],"about":[{"href":"https:\/\/centros.uepb.edu.br\/ccbsa\/wp-json\/wp\/v2\/types\/post"}],"author":[{"embeddable":true,"href":"https:\/\/centros.uepb.edu.br\/ccbsa\/wp-json\/wp\/v2\/users\/8"}],"replies":[{"embeddable":true,"href":"https:\/\/centros.uepb.edu.br\/ccbsa\/wp-json\/wp\/v2\/comments?post=4010"}],"version-history":[{"count":0,"href":"https:\/\/centros.uepb.edu.br\/ccbsa\/wp-json\/wp\/v2\/posts\/4010\/revisions"}],"wp:featuredmedia":[{"embeddable":true,"href":"https:\/\/centros.uepb.edu.br\/ccbsa\/wp-json\/wp\/v2\/media\/4011"}],"wp:attachment":[{"href":"https:\/\/centros.uepb.edu.br\/ccbsa\/wp-json\/wp\/v2\/media?parent=4010"}],"wp:term":[{"taxonomy":"category","embeddable":true,"href":"https:\/\/centros.uepb.edu.br\/ccbsa\/wp-json\/wp\/v2\/categories?post=4010"},{"taxonomy":"post_tag","embeddable":true,"href":"https:\/\/centros.uepb.edu.br\/ccbsa\/wp-json\/wp\/v2\/tags?post=4010"}],"curies":[{"name":"wp","href":"https:\/\/api.w.org\/{rel}","templated":true}]}}