{"id":3969,"date":"2017-02-09T15:01:49","date_gmt":"2017-02-09T15:01:49","guid":{"rendered":"https:\/\/centros.uepb.edu.br\/ccbsa\/?p=3969"},"modified":"2017-02-09T15:05:56","modified_gmt":"2017-02-09T15:05:56","slug":"campus-v-sedia-palestra-sobre-a-agenda-2030-da-onu-e-os-desafios-para-o-desenvolvimento-sustentavel","status":"publish","type":"post","link":"https:\/\/centros.uepb.edu.br\/ccbsa\/campus-v-sedia-palestra-sobre-a-agenda-2030-da-onu-e-os-desafios-para-o-desenvolvimento-sustentavel\/","title":{"rendered":"Campus V sedia palestra sobre a agenda 2030 da ONU e os desafios para o desenvolvimento sustent\u00e1vel\u00a0"},"content":{"rendered":"<p><a href=\"https:\/\/centros.uepb.edu.br\/ccbsa\/files\/2017\/02\/DSC06376.jpg\"><img loading=\"lazy\" decoding=\"async\" class=\"aligncenter wp-image-3973 size-full img-responsive\" src=\"https:\/\/centros.uepb.edu.br\/ccbsa\/files\/2017\/02\/DSC06376.jpg\" width=\"840\" height=\"454\" srcset=\"https:\/\/centros.uepb.edu.br\/ccbsa\/files\/2017\/02\/DSC06376.jpg 840w, https:\/\/centros.uepb.edu.br\/ccbsa\/files\/2017\/02\/DSC06376-300x162.jpg 300w, https:\/\/centros.uepb.edu.br\/ccbsa\/files\/2017\/02\/DSC06376-768x415.jpg 768w, https:\/\/centros.uepb.edu.br\/ccbsa\/files\/2017\/02\/DSC06376-370x200.jpg 370w\" sizes=\"auto, (max-width: 840px) 100vw, 840px\" \/><\/a><\/p>\n<p>Com a presen\u00e7a de estudantes, docentes e pesquisadores da gradua\u00e7\u00e3o e p\u00f3s-gradua\u00e7\u00e3o em Rela\u00e7\u00f5es Internacionais e \u00e1reas afins, da Para\u00edba e de Pernambuco, foi realizada, na manh\u00e3 desta quinta-feira (9), no Campus V da Universidade Estadual da Para\u00edba, a palestra \u201cAgenda 2030 da ONU: desafios e perspectivas do desenvolvimento sustent\u00e1vel\u201d, com o diplomata Marcelo Costa.<\/p>\n<p>Durante a palestra, promovida pelo Grupo de pesquisa \u201cO Brasil no Conselho de Seguran\u00e7a da ONU\u201d e o Departamento de Rela\u00e7\u00f5es Internacionais da UEPB, o diplomata Marcelo Costa, que j\u00e1 trabalhou como Assessor Internacional da Secretaria da Presid\u00eancia da Rep\u00fablica e atualmente integra a miss\u00e3o do Brasil junto \u00e0 ONU, apresentou a experi\u00eancia na ONU no campo de desenvolvimento sustent\u00e1vel.<\/p>\n<p>\u201cO desenvolvimento sustent\u00e1vel \u00e9 hoje um dos principais pontos de preocupa\u00e7\u00e3o da ONU, nessa agenda que re\u00fane objetivos e metas na parte econ\u00f4mica, social e ambiental na busca por um mundo melhor para os pr\u00f3ximos 15 anos. E, nesse sentido, esses estudantes, que hoje participam dessa discuss\u00e3o, devem se envolver desde j\u00e1 nessa discuss\u00e3o, uma vez que ser\u00e3o agentes multiplicadores quando estiverem atuando em ag\u00eancias internacionais, como acad\u00eamicos ou diplomatas. Ent\u00e3o, esse evento \u00e9 como se estivermos lan\u00e7ando a semente junto a esse p\u00fablico\u201d, destaca Marcelo Costa.<\/p>\n<p><strong>Sobre a Agenda 2030<\/strong><\/p>\n<p>A Agenda 2030 \u00e9 definida pela ONU como um plano de a\u00e7\u00e3o para as pessoas, para o planeta e para a prosperidade, reconhecendo que a erradica\u00e7\u00e3o da pobreza em todas as suas formas e dimens\u00f5es, incluindo a pobreza extrema, \u00e9 o maior desafio global e um requisito indispens\u00e1vel para o desenvolvimento sustent\u00e1vel.<\/p>\n<p>O documento re\u00fane 17 objetivos de Desenvolvimento Sustent\u00e1vel e 169 metas, que devem ser cumpridas por todos os pa\u00edses e partes interessadas, atuando em parceria colaborativa. Tais objetivos \u00a0buscam concretizar os direitos humanos de todos e alcan\u00e7ar a igualdade de g\u00eanero e o empoderamento das mulheres e meninas. Eles s\u00e3o integrados e indivis\u00edveis, e equilibram as tr\u00eas dimens\u00f5es do desenvolvimento sustent\u00e1vel: a econ\u00f4mica, a social e a ambiental.<\/p>\n","protected":false},"excerpt":{"rendered":"<p>Com a presen\u00e7a de estudantes, docentes e pesquisadores da gradua\u00e7\u00e3o e p\u00f3s-gradua\u00e7\u00e3o em Rela\u00e7\u00f5es Internacionais e \u00e1reas afins, da Para\u00edba e de Pernambuco, foi realizada, na manh\u00e3 desta quinta-feira (9), no Campus V da Universidade Estadual da Para\u00edba, a palestra \u201cAgenda 2030 da ONU: desafios e perspectivas do desenvolvimento sustent\u00e1vel\u201d, com o diplomata Marcelo Costa. <a class=\"leiamais\" href=\"https:\/\/centros.uepb.edu.br\/ccbsa\/campus-v-sedia-palestra-sobre-a-agenda-2030-da-onu-e-os-desafios-para-o-desenvolvimento-sustentavel\/\">Leia Mais&#8230;<\/a><\/p>\n","protected":false},"author":8,"featured_media":3973,"comment_status":"closed","ping_status":"closed","sticky":false,"template":"","format":"standard","meta":{"footnotes":""},"categories":[3,11],"tags":[],"class_list":["post-3969","post","type-post","status-publish","format-standard","has-post-thumbnail","hentry","category-noticias","category-noticias-destaque-img"],"jetpack_featured_media_url":"https:\/\/centros.uepb.edu.br\/ccbsa\/files\/2017\/02\/DSC06376.jpg","_links":{"self":[{"href":"https:\/\/centros.uepb.edu.br\/ccbsa\/wp-json\/wp\/v2\/posts\/3969","targetHints":{"allow":["GET"]}}],"collection":[{"href":"https:\/\/centros.uepb.edu.br\/ccbsa\/wp-json\/wp\/v2\/posts"}],"about":[{"href":"https:\/\/centros.uepb.edu.br\/ccbsa\/wp-json\/wp\/v2\/types\/post"}],"author":[{"embeddable":true,"href":"https:\/\/centros.uepb.edu.br\/ccbsa\/wp-json\/wp\/v2\/users\/8"}],"replies":[{"embeddable":true,"href":"https:\/\/centros.uepb.edu.br\/ccbsa\/wp-json\/wp\/v2\/comments?post=3969"}],"version-history":[{"count":0,"href":"https:\/\/centros.uepb.edu.br\/ccbsa\/wp-json\/wp\/v2\/posts\/3969\/revisions"}],"wp:featuredmedia":[{"embeddable":true,"href":"https:\/\/centros.uepb.edu.br\/ccbsa\/wp-json\/wp\/v2\/media\/3973"}],"wp:attachment":[{"href":"https:\/\/centros.uepb.edu.br\/ccbsa\/wp-json\/wp\/v2\/media?parent=3969"}],"wp:term":[{"taxonomy":"category","embeddable":true,"href":"https:\/\/centros.uepb.edu.br\/ccbsa\/wp-json\/wp\/v2\/categories?post=3969"},{"taxonomy":"post_tag","embeddable":true,"href":"https:\/\/centros.uepb.edu.br\/ccbsa\/wp-json\/wp\/v2\/tags?post=3969"}],"curies":[{"name":"wp","href":"https:\/\/api.w.org\/{rel}","templated":true}]}}