{"id":3922,"date":"2017-02-02T14:55:24","date_gmt":"2017-02-02T14:55:24","guid":{"rendered":"https:\/\/centros.uepb.edu.br\/ccbsa\/?p=3922"},"modified":"2017-02-02T15:02:11","modified_gmt":"2017-02-02T15:02:11","slug":"grupo-de-pesquisa-e-departamento-de-relacoes-internacionais-promovem-palestra-com-diplomata-marcelo-costa","status":"publish","type":"post","link":"https:\/\/centros.uepb.edu.br\/ccbsa\/grupo-de-pesquisa-e-departamento-de-relacoes-internacionais-promovem-palestra-com-diplomata-marcelo-costa\/","title":{"rendered":"Grupo de pesquisa e Departamento de Rela\u00e7\u00f5es Internacionais promovem palestra com diplomata Marcelo Costa"},"content":{"rendered":"<p><a href=\"https:\/\/centros.uepb.edu.br\/ccbsa\/files\/2017\/02\/16265194_10211446512094279_4296976688491843353_n.jpg\"><img loading=\"lazy\" decoding=\"async\" class=\"aligncenter wp-image-3923 size-full img-responsive\" src=\"https:\/\/centros.uepb.edu.br\/ccbsa\/files\/2017\/02\/16265194_10211446512094279_4296976688491843353_n.jpg\" width=\"840\" height=\"454\" srcset=\"https:\/\/centros.uepb.edu.br\/ccbsa\/files\/2017\/02\/16265194_10211446512094279_4296976688491843353_n.jpg 840w, https:\/\/centros.uepb.edu.br\/ccbsa\/files\/2017\/02\/16265194_10211446512094279_4296976688491843353_n-300x162.jpg 300w, https:\/\/centros.uepb.edu.br\/ccbsa\/files\/2017\/02\/16265194_10211446512094279_4296976688491843353_n-768x415.jpg 768w, https:\/\/centros.uepb.edu.br\/ccbsa\/files\/2017\/02\/16265194_10211446512094279_4296976688491843353_n-370x200.jpg 370w\" sizes=\"auto, (max-width: 840px) 100vw, 840px\" \/><\/a>O Grupo de pesquisa \u201cO Brasil no Conselho de Seguran\u00e7a da ONU\u201d e o Departamento de Rela\u00e7\u00f5es Internacionais da Universidade Estadual da Para\u00edba com o apoio do Centro Acad\u00eamico Epit\u00e1cio Pessoa e Conselho Nacional de Desenvolvimento Cient\u00edfico e Tecnol\u00f3gico, promovem, na quinta-feira, 9 de fevereiro, \u00e0s 9h, no audit\u00f3rio Pioneiros, a palestra \u201cAgenda 2030 da ONU: desafios e perspectivas do desenvolvimento sustent\u00e1vel\u201d.<\/p>\n<p>O evento ter\u00e1 como ministrante o diplomata Marcelo Costa, que j\u00e1 trabalhou como Assessor Internacional da Secretaria da Presid\u00eancia da Rep\u00fablica. A sua vinda a Jo\u00e3o Pessoa est\u00e1 financiada pelo projeto de pesquisa do professor Carlos Enrique que pesquisa a atua\u00e7\u00e3o do Brasil no Conselho de Seguran\u00e7a da ONU.<\/p>\n<p>A palestra est\u00e1 aberta ao p\u00fablico em geral.<\/p>\n","protected":false},"excerpt":{"rendered":"<p>O Grupo de pesquisa \u201cO Brasil no Conselho de Seguran\u00e7a da ONU\u201d e o Departamento de Rela\u00e7\u00f5es Internacionais da Universidade Estadual da Para\u00edba com o apoio do Centro Acad\u00eamico Epit\u00e1cio Pessoa e Conselho Nacional de Desenvolvimento Cient\u00edfico e Tecnol\u00f3gico, promovem, na quinta-feira, 9 de fevereiro, \u00e0s 9h, no audit\u00f3rio Pioneiros, a palestra \u201cAgenda 2030 da <a class=\"leiamais\" href=\"https:\/\/centros.uepb.edu.br\/ccbsa\/grupo-de-pesquisa-e-departamento-de-relacoes-internacionais-promovem-palestra-com-diplomata-marcelo-costa\/\">Leia Mais&#8230;<\/a><\/p>\n","protected":false},"author":8,"featured_media":3923,"comment_status":"closed","ping_status":"closed","sticky":false,"template":"","format":"standard","meta":{"footnotes":""},"categories":[3,11],"tags":[],"class_list":["post-3922","post","type-post","status-publish","format-standard","has-post-thumbnail","hentry","category-noticias","category-noticias-destaque-img"],"jetpack_featured_media_url":"https:\/\/centros.uepb.edu.br\/ccbsa\/files\/2017\/02\/16265194_10211446512094279_4296976688491843353_n.jpg","_links":{"self":[{"href":"https:\/\/centros.uepb.edu.br\/ccbsa\/wp-json\/wp\/v2\/posts\/3922","targetHints":{"allow":["GET"]}}],"collection":[{"href":"https:\/\/centros.uepb.edu.br\/ccbsa\/wp-json\/wp\/v2\/posts"}],"about":[{"href":"https:\/\/centros.uepb.edu.br\/ccbsa\/wp-json\/wp\/v2\/types\/post"}],"author":[{"embeddable":true,"href":"https:\/\/centros.uepb.edu.br\/ccbsa\/wp-json\/wp\/v2\/users\/8"}],"replies":[{"embeddable":true,"href":"https:\/\/centros.uepb.edu.br\/ccbsa\/wp-json\/wp\/v2\/comments?post=3922"}],"version-history":[{"count":0,"href":"https:\/\/centros.uepb.edu.br\/ccbsa\/wp-json\/wp\/v2\/posts\/3922\/revisions"}],"wp:featuredmedia":[{"embeddable":true,"href":"https:\/\/centros.uepb.edu.br\/ccbsa\/wp-json\/wp\/v2\/media\/3923"}],"wp:attachment":[{"href":"https:\/\/centros.uepb.edu.br\/ccbsa\/wp-json\/wp\/v2\/media?parent=3922"}],"wp:term":[{"taxonomy":"category","embeddable":true,"href":"https:\/\/centros.uepb.edu.br\/ccbsa\/wp-json\/wp\/v2\/categories?post=3922"},{"taxonomy":"post_tag","embeddable":true,"href":"https:\/\/centros.uepb.edu.br\/ccbsa\/wp-json\/wp\/v2\/tags?post=3922"}],"curies":[{"name":"wp","href":"https:\/\/api.w.org\/{rel}","templated":true}]}}