{"id":3920,"date":"2017-02-01T13:57:27","date_gmt":"2017-02-01T13:57:27","guid":{"rendered":"https:\/\/centros.uepb.edu.br\/ccbsa\/?p=3920"},"modified":"2017-02-10T14:43:40","modified_gmt":"2017-02-10T14:43:40","slug":"prestacao-de-contas-da-execucao-orcamentaria-sera-realizada-no-campus-v-no-dia-21-de-fevereiro","status":"publish","type":"post","link":"https:\/\/centros.uepb.edu.br\/ccbsa\/prestacao-de-contas-da-execucao-orcamentaria-sera-realizada-no-campus-v-no-dia-21-de-fevereiro\/","title":{"rendered":"Presta\u00e7\u00e3o de Contas da Execu\u00e7\u00e3o Or\u00e7ament\u00e1ria ser\u00e1 realizada no Campus V no dia 21 de fevereiro"},"content":{"rendered":"<p><a href=\"https:\/\/centros.uepb.edu.br\/ccbsa\/files\/2017\/02\/Presta\u00e7\u00e3o-de-Contas-Modelo-1-840x454.jpg\"><img loading=\"lazy\" decoding=\"async\" class=\"aligncenter wp-image-3965 size-full img-responsive\" src=\"https:\/\/centros.uepb.edu.br\/ccbsa\/files\/2017\/02\/Presta\u00e7\u00e3o-de-Contas-Modelo-1-840x454.jpg\" width=\"840\" height=\"454\" srcset=\"https:\/\/centros.uepb.edu.br\/ccbsa\/files\/2017\/02\/Presta\u00e7\u00e3o-de-Contas-Modelo-1-840x454.jpg 840w, https:\/\/centros.uepb.edu.br\/ccbsa\/files\/2017\/02\/Presta\u00e7\u00e3o-de-Contas-Modelo-1-840x454-300x162.jpg 300w, https:\/\/centros.uepb.edu.br\/ccbsa\/files\/2017\/02\/Presta\u00e7\u00e3o-de-Contas-Modelo-1-840x454-768x415.jpg 768w, https:\/\/centros.uepb.edu.br\/ccbsa\/files\/2017\/02\/Presta\u00e7\u00e3o-de-Contas-Modelo-1-840x454-370x200.jpg 370w\" sizes=\"auto, (max-width: 840px) 100vw, 840px\" \/><\/a><\/p>\n<p>Com a finalidade de ampliar a informa\u00e7\u00e3o sobre a execu\u00e7\u00e3o or\u00e7ament\u00e1ria, as demandas atendidas e em andamento e tamb\u00e9m iniciar a sistematiza\u00e7\u00e3o de levantamentos de necessidades, por centro, as pr\u00f3-reitorias de Planejamento e Or\u00e7amento (PROPLAN),\u00a0de Gest\u00e3o Financeira (PROFIN), \u00a0Gest\u00e3o de Pessoas (PROGEP) e Gest\u00e3o Administrativa (PROAD) da Universidade Estadual da Para\u00edba (UEPB) da Universidade Estadual da Para\u00edba (UEPB) ir\u00e1 realizar, no dia 21 de fevereiro,\u00a0\u00e0s 9h, no audit\u00f3rio do Campus V, a presta\u00e7\u00e3o de contas da execu\u00e7\u00e3o or\u00e7ament\u00e1ria.<\/p>\n<p>Na oportunidade, ser\u00e1 apresentado um demonstrativo da execu\u00e7\u00e3o da folha de pagamento; presta\u00e7\u00e3o de contas financeira e or\u00e7ament\u00e1ria; demonstrativos das demandas atendidas e em andamento para 2017; apresenta\u00e7\u00e3o da sistem\u00e1tica de acompanhamento sobre demandas diagnosticadas pela PROPLAN, bem como da sistem\u00e1tica de levantamento de demandas atuais.<\/p>\n<p>Ser\u00e3o realizadas presta\u00e7\u00f5es de contas em todos os Campi da UEPB abertas \u00e0 participa\u00e7\u00e3o de estudantes, docentes e t\u00e9cnicos administrativos que poder\u00e3o tomar conhecimento dos atos da administra\u00e7\u00e3o e apresentar suas necessidades mais urgentes e de longo prazo.<\/p>\n","protected":false},"excerpt":{"rendered":"<p>Com a finalidade de ampliar a informa\u00e7\u00e3o sobre a execu\u00e7\u00e3o or\u00e7ament\u00e1ria, as demandas atendidas e em andamento e tamb\u00e9m iniciar a sistematiza\u00e7\u00e3o de levantamentos de necessidades, por centro, as pr\u00f3-reitorias de Planejamento e Or\u00e7amento (PROPLAN),\u00a0de Gest\u00e3o Financeira (PROFIN), \u00a0Gest\u00e3o de Pessoas (PROGEP) e Gest\u00e3o Administrativa (PROAD) da Universidade Estadual da Para\u00edba (UEPB) da Universidade Estadual <a class=\"leiamais\" href=\"https:\/\/centros.uepb.edu.br\/ccbsa\/prestacao-de-contas-da-execucao-orcamentaria-sera-realizada-no-campus-v-no-dia-21-de-fevereiro\/\">Leia Mais&#8230;<\/a><\/p>\n","protected":false},"author":8,"featured_media":3965,"comment_status":"closed","ping_status":"closed","sticky":false,"template":"","format":"standard","meta":{"footnotes":""},"categories":[3,11],"tags":[],"class_list":["post-3920","post","type-post","status-publish","format-standard","has-post-thumbnail","hentry","category-noticias","category-noticias-destaque-img"],"jetpack_featured_media_url":"https:\/\/centros.uepb.edu.br\/ccbsa\/files\/2017\/02\/Presta\u00e7\u00e3o-de-Contas-Modelo-1-840x454.jpg","_links":{"self":[{"href":"https:\/\/centros.uepb.edu.br\/ccbsa\/wp-json\/wp\/v2\/posts\/3920","targetHints":{"allow":["GET"]}}],"collection":[{"href":"https:\/\/centros.uepb.edu.br\/ccbsa\/wp-json\/wp\/v2\/posts"}],"about":[{"href":"https:\/\/centros.uepb.edu.br\/ccbsa\/wp-json\/wp\/v2\/types\/post"}],"author":[{"embeddable":true,"href":"https:\/\/centros.uepb.edu.br\/ccbsa\/wp-json\/wp\/v2\/users\/8"}],"replies":[{"embeddable":true,"href":"https:\/\/centros.uepb.edu.br\/ccbsa\/wp-json\/wp\/v2\/comments?post=3920"}],"version-history":[{"count":0,"href":"https:\/\/centros.uepb.edu.br\/ccbsa\/wp-json\/wp\/v2\/posts\/3920\/revisions"}],"wp:featuredmedia":[{"embeddable":true,"href":"https:\/\/centros.uepb.edu.br\/ccbsa\/wp-json\/wp\/v2\/media\/3965"}],"wp:attachment":[{"href":"https:\/\/centros.uepb.edu.br\/ccbsa\/wp-json\/wp\/v2\/media?parent=3920"}],"wp:term":[{"taxonomy":"category","embeddable":true,"href":"https:\/\/centros.uepb.edu.br\/ccbsa\/wp-json\/wp\/v2\/categories?post=3920"},{"taxonomy":"post_tag","embeddable":true,"href":"https:\/\/centros.uepb.edu.br\/ccbsa\/wp-json\/wp\/v2\/tags?post=3920"}],"curies":[{"name":"wp","href":"https:\/\/api.w.org\/{rel}","templated":true}]}}