{"id":3872,"date":"2017-01-13T15:17:15","date_gmt":"2017-01-13T15:17:15","guid":{"rendered":"https:\/\/centros.uepb.edu.br\/ccbsa\/?p=3872"},"modified":"2017-01-13T15:17:15","modified_gmt":"2017-01-13T15:17:15","slug":"projeto-do-ccbsa-realiza-entrega-de-carrinhos-de-coleta-de-residuos-para-catadores-da-cidade-de-joao-pessoa","status":"publish","type":"post","link":"https:\/\/centros.uepb.edu.br\/ccbsa\/projeto-do-ccbsa-realiza-entrega-de-carrinhos-de-coleta-de-residuos-para-catadores-da-cidade-de-joao-pessoa\/","title":{"rendered":"Projeto do CCBSA realiza entrega de carrinhos de coleta de res\u00edduos para catadores da cidade de Jo\u00e3o Pessoa"},"content":{"rendered":"<p><a href=\"https:\/\/centros.uepb.edu.br\/ccbsa\/files\/2017\/01\/DSC06349.jpg\"><img loading=\"lazy\" decoding=\"async\" class=\"aligncenter size-full wp-image-3874 img-responsive\" src=\"https:\/\/centros.uepb.edu.br\/ccbsa\/files\/2017\/01\/DSC06349.jpg\" alt=\"\" width=\"840\" height=\"454\" srcset=\"https:\/\/centros.uepb.edu.br\/ccbsa\/files\/2017\/01\/DSC06349.jpg 840w, https:\/\/centros.uepb.edu.br\/ccbsa\/files\/2017\/01\/DSC06349-300x162.jpg 300w, https:\/\/centros.uepb.edu.br\/ccbsa\/files\/2017\/01\/DSC06349-768x415.jpg 768w, https:\/\/centros.uepb.edu.br\/ccbsa\/files\/2017\/01\/DSC06349-370x200.jpg 370w\" sizes=\"auto, (max-width: 840px) 100vw, 840px\" \/><\/a><\/p>\n<p>O projeto de extens\u00e3o \u201cMobiliza\u00e7\u00e3o, inclus\u00e3o e forma\u00e7\u00e3o de catadores\/as de materiais recicl\u00e1veis da cidade de Jo\u00e3o Pessoa: uma experi\u00eancia necess\u00e1ria\u201d, vinculado ao Centro de Ci\u00eancias Biol\u00f3gicas e Sociais Aplicadas da Universidade Estadual da Para\u00edba, realizou, na tarde desta quinta-feira (12), a cerim\u00f4nia de entrega de 15 carrinhos de coleta de res\u00edduos s\u00f3lidos, adquiridos ao custo de R$ 2.479,00 (cada), com recursos do Minist\u00e9rio do Trabalho e Secretaria de Economia Solid\u00e1ria do Governo Federal.<\/p>\n<p>A solenidade contou com a presen\u00e7a do pro-reitor adjunto de extens\u00e3o da UEPB, professor Alberto Coura; da diretora do CCBSA, professora Jacqueline Echeverr\u00eda Barrancos; da coordenadora do projeto de mobiliza\u00e7\u00e3o de catadores de res\u00edduos, professora F\u00e1tima Ara\u00fajo; dos representantes do movimento nacional de catadores, Francisco Rosa e Egrinalda Santos; da presidente da Catavale, Tatiane Oliveira; do presidente da Catalivre, Jos\u00e9 da Penha.<\/p>\n<p>Na oportunidade, o professor Alberto Coura ressaltou a import\u00e2ncia desse projeto realizado em Jo\u00e3o Pessoa e lembrou as iniciativas de car\u00e1ter social e ambiental desenvolvidas pela UEPB em todo o Estado com o objetivo de proporcionar melhores condi\u00e7\u00f5es de vida para os catadores de res\u00edduos da Para\u00edba e projetos voltados \u00e0 reutiliza\u00e7\u00e3o e ao manejo correto desse material que \u00e9 descartado sem planejamento.<\/p>\n<p><a href=\"https:\/\/centros.uepb.edu.br\/ccbsa\/files\/2017\/01\/DSC06337.jpg\"><img loading=\"lazy\" decoding=\"async\" class=\"aligncenter size-full wp-image-3875 img-responsive\" src=\"https:\/\/centros.uepb.edu.br\/ccbsa\/files\/2017\/01\/DSC06337.jpg\" alt=\"\" width=\"840\" height=\"454\" srcset=\"https:\/\/centros.uepb.edu.br\/ccbsa\/files\/2017\/01\/DSC06337.jpg 840w, https:\/\/centros.uepb.edu.br\/ccbsa\/files\/2017\/01\/DSC06337-300x162.jpg 300w, https:\/\/centros.uepb.edu.br\/ccbsa\/files\/2017\/01\/DSC06337-768x415.jpg 768w, https:\/\/centros.uepb.edu.br\/ccbsa\/files\/2017\/01\/DSC06337-370x200.jpg 370w\" sizes=\"auto, (max-width: 840px) 100vw, 840px\" \/><\/a><\/p>\n<p>A professora Jacqueline Barrancos enalteceu o trabalho da equipe que est\u00e1 \u00e0 frente desse projeto destacando a relev\u00e2ncia dessa iniciativa. A professora F\u00e1tima Ara\u00fajo lembra que nessa primeira licita\u00e7\u00e3o foram adquiridos 15 carrinhos que ser\u00e3o destinados a quatro cooperativas de catadores cadastradas no projeto, por\u00e9m, j\u00e1 est\u00e3o sendo encaminhadas outras licita\u00e7\u00f5es para a compra de mais carrinhos que ser\u00e3o entregues a outras entidades, al\u00e9m de prensas, balan\u00e7as e equipamentos de prote\u00e7\u00e3o individual que visam proporcionar melhores condi\u00e7\u00f5es de trabalho para os catadores atendidos pelo projeto. &#8220;Passada a primeira etapa do projeto que contou com forma\u00e7\u00f5es e oficinas, agora estamos tentando melhorar as condi\u00e7\u00f5es dos trabalhadores adquirindo equipamentos que eles nos solicitaram e que ir\u00e3o facilitar o trabalho deles. J\u00e1 hav\u00edamos alugado o Galp\u00e3o onde funciona nosso Centro de Triagem que serve de base de apoio para eles, adquirimos um caminh\u00e3o que nos auxilia e agora estamos comprando esses carrinhos&#8221;, explicou.<\/p>\n<p>O catador de res\u00edduos da Comunidade S\u00e3o Rafael, Israel Rocha, destacou a import\u00e2ncia dessa aquisi\u00e7\u00e3o para otimizar o trabalho dos catadores. &#8220;\u00c9 uma conquista que \u00e9 fruto de muita luta. Para adquirir um carrinho desses com nosso dinheiro seria dif\u00edcil com o que temos de recursos, mas, \u00e9 algo bastante necess\u00e1rio porque facilita o nosso trabalho e por isso estamos muito felizes&#8221;, comemora.<\/p>\n<p>O projeto de extens\u00e3o \u201cMobiliza\u00e7\u00e3o, inclus\u00e3o e forma\u00e7\u00e3o de catadores\/as de materiais recicl\u00e1veis da cidade de Jo\u00e3o Pessoa: uma experi\u00eancia necess\u00e1ria\u201d, \u00e9 realizado desde 2013 no Campus V da UEPB com o objetivo de dar apoio para a formaliza\u00e7\u00e3o e organiza\u00e7\u00e3o em cooperativas, promover a alfabetiza\u00e7\u00e3o e o letramento e, assim, possibilitar melhores condi\u00e7\u00f5es de vida para catadores de materiais recicl\u00e1veis da Zona da Mata (Jo\u00e3o Pessoa, Bayeux e Santa Rita).<\/p>\n<p>Al\u00e9m dessas a\u00e7\u00f5es de alfabetiza\u00e7\u00e3o, o projeto da UEPB, que \u00e9 financiado pelo Minist\u00e9rio do Trabalho e pela Secretaria de Economia Solid\u00e1ria do Governo Federal, adquiriu um caminh\u00e3o que auxilia na log\u00edstica da atividade de cooperativas de catadores atendidas pelo projeto. Tamb\u00e9m foi organizado o Centro de Triagem e Coleta Seletiva da UEPB, localizado em Mandacaru, que conta com um galp\u00e3o destinado a servir de espa\u00e7o de apoio ao p\u00fablico atendido pelo projeto e uma sala de aula, e dever\u00e1 ser inaugurado em breve. O local, que j\u00e1 conta com baias para a separa\u00e7\u00e3o de res\u00edduos e carrinhos destinados ao trabalho, dever\u00e1 ter em breve outros equipamentos como prensa, balan\u00e7a, Equipamentos de Prote\u00e7\u00e3o Individual, geladeira, fog\u00e3o. No Centro de Triagem da UEPB est\u00e3o sendo realizadas, ainda, aulas pr\u00e1ticas do componente curricular \u201cEduca\u00e7\u00e3o Ambiental\u201d, do curso de Ci\u00eancias Biol\u00f3gicas.<\/p>\n","protected":false},"excerpt":{"rendered":"<p>O projeto de extens\u00e3o \u201cMobiliza\u00e7\u00e3o, inclus\u00e3o e forma\u00e7\u00e3o de catadores\/as de materiais recicl\u00e1veis da cidade de Jo\u00e3o Pessoa: uma experi\u00eancia necess\u00e1ria\u201d, vinculado ao Centro de Ci\u00eancias Biol\u00f3gicas e Sociais Aplicadas da Universidade Estadual da Para\u00edba, realizou, na tarde desta quinta-feira (12), a cerim\u00f4nia de entrega de 15 carrinhos de coleta de res\u00edduos s\u00f3lidos, adquiridos ao <a class=\"leiamais\" href=\"https:\/\/centros.uepb.edu.br\/ccbsa\/projeto-do-ccbsa-realiza-entrega-de-carrinhos-de-coleta-de-residuos-para-catadores-da-cidade-de-joao-pessoa\/\">Leia Mais&#8230;<\/a><\/p>\n","protected":false},"author":8,"featured_media":3874,"comment_status":"closed","ping_status":"closed","sticky":false,"template":"","format":"standard","meta":{"footnotes":""},"categories":[11],"tags":[],"class_list":["post-3872","post","type-post","status-publish","format-standard","has-post-thumbnail","hentry","category-noticias-destaque-img"],"jetpack_featured_media_url":"https:\/\/centros.uepb.edu.br\/ccbsa\/files\/2017\/01\/DSC06349.jpg","_links":{"self":[{"href":"https:\/\/centros.uepb.edu.br\/ccbsa\/wp-json\/wp\/v2\/posts\/3872","targetHints":{"allow":["GET"]}}],"collection":[{"href":"https:\/\/centros.uepb.edu.br\/ccbsa\/wp-json\/wp\/v2\/posts"}],"about":[{"href":"https:\/\/centros.uepb.edu.br\/ccbsa\/wp-json\/wp\/v2\/types\/post"}],"author":[{"embeddable":true,"href":"https:\/\/centros.uepb.edu.br\/ccbsa\/wp-json\/wp\/v2\/users\/8"}],"replies":[{"embeddable":true,"href":"https:\/\/centros.uepb.edu.br\/ccbsa\/wp-json\/wp\/v2\/comments?post=3872"}],"version-history":[{"count":0,"href":"https:\/\/centros.uepb.edu.br\/ccbsa\/wp-json\/wp\/v2\/posts\/3872\/revisions"}],"wp:featuredmedia":[{"embeddable":true,"href":"https:\/\/centros.uepb.edu.br\/ccbsa\/wp-json\/wp\/v2\/media\/3874"}],"wp:attachment":[{"href":"https:\/\/centros.uepb.edu.br\/ccbsa\/wp-json\/wp\/v2\/media?parent=3872"}],"wp:term":[{"taxonomy":"category","embeddable":true,"href":"https:\/\/centros.uepb.edu.br\/ccbsa\/wp-json\/wp\/v2\/categories?post=3872"},{"taxonomy":"post_tag","embeddable":true,"href":"https:\/\/centros.uepb.edu.br\/ccbsa\/wp-json\/wp\/v2\/tags?post=3872"}],"curies":[{"name":"wp","href":"https:\/\/api.w.org\/{rel}","templated":true}]}}