{"id":3868,"date":"2017-01-06T15:04:51","date_gmt":"2017-01-06T15:04:51","guid":{"rendered":"https:\/\/centros.uepb.edu.br\/ccbsa\/?p=3868"},"modified":"2017-01-06T15:05:31","modified_gmt":"2017-01-06T15:05:31","slug":"diretora-do-ccbsa-e-vice-reitor-participam-de-reuniao-da-secretaria-de-educacao-para-discutir-um-espaco-para-a-instalacao-do-campus-v","status":"publish","type":"post","link":"https:\/\/centros.uepb.edu.br\/ccbsa\/diretora-do-ccbsa-e-vice-reitor-participam-de-reuniao-da-secretaria-de-educacao-para-discutir-um-espaco-para-a-instalacao-do-campus-v\/","title":{"rendered":"Diretora do CCBSA e vice-reitor discutem um espa\u00e7o para a instala\u00e7\u00e3o definitiva do Campus V"},"content":{"rendered":"<p><a href=\"https:\/\/centros.uepb.edu.br\/ccbsa\/files\/2017\/01\/REUNI\u00c3O.jpg\"><img loading=\"lazy\" decoding=\"async\" class=\"aligncenter size-full wp-image-3866 img-responsive\" src=\"https:\/\/centros.uepb.edu.br\/ccbsa\/files\/2017\/01\/REUNI\u00c3O.jpg\" alt=\"\" width=\"840\" height=\"454\" srcset=\"https:\/\/centros.uepb.edu.br\/ccbsa\/files\/2017\/01\/REUNI\u00c3O.jpg 840w, https:\/\/centros.uepb.edu.br\/ccbsa\/files\/2017\/01\/REUNI\u00c3O-300x162.jpg 300w, https:\/\/centros.uepb.edu.br\/ccbsa\/files\/2017\/01\/REUNI\u00c3O-768x415.jpg 768w, https:\/\/centros.uepb.edu.br\/ccbsa\/files\/2017\/01\/REUNI\u00c3O-370x200.jpg 370w\" sizes=\"auto, (max-width: 840px) 100vw, 840px\" \/><\/a><\/p>\n<p>A diretora do Centro de Ci\u00eancias Biol\u00f3gicas e Sociais Aplicadas da Universidade Estadual da Para\u00edba, professora Jacqueline Echeverr\u00eda Barrancos, o vice-reitor da UEPB, professor Fl\u00e1vio Romero, o secret\u00e1rio de educa\u00e7\u00e3o da Para\u00edba, Al\u00e9ssio Trindade Barros, e equipe da secretaria de Educa\u00e7\u00e3o, estiveram reunidos na manh\u00e3 da quinta-feira (5), para discutir parceria e encaminhamentos para a\u00a0instala\u00e7\u00e3o definitiva do Campus V da UEPB.<\/p>\n<p>Na oportunidade, foi apresentada a realidade vivenciada pela comunidade acad\u00eamica do Campus de Jo\u00e3o Pessoa, e refor\u00e7ada a necessidade de doa\u00e7\u00e3o de um espa\u00e7o pr\u00f3prio para o funcionamento do Campus V, al\u00e9m de serem tratados\u00a0projetos acad\u00eamicos de cria\u00e7\u00e3o de cursos e melhorias nas condi\u00e7\u00f5es de trabalho. Para a professora Jacqueline Barrancos, &#8220;a reuni\u00e3o foi bastante proveitosa e dever\u00e1 render bons frutos para o Campus V, principalmente no que concerne \u00e0 solu\u00e7\u00e3o para o impasse da instala\u00e7\u00e3o do Campus v num espa\u00e7o pr\u00f3prio&#8221;.<\/p>\n","protected":false},"excerpt":{"rendered":"<p>A diretora do Centro de Ci\u00eancias Biol\u00f3gicas e Sociais Aplicadas da Universidade Estadual da Para\u00edba, professora Jacqueline Echeverr\u00eda Barrancos, o vice-reitor da UEPB, professor Fl\u00e1vio Romero, o secret\u00e1rio de educa\u00e7\u00e3o da Para\u00edba, Al\u00e9ssio Trindade Barros, e equipe da secretaria de Educa\u00e7\u00e3o, estiveram reunidos na manh\u00e3 da quinta-feira (5), para discutir parceria e encaminhamentos para a\u00a0instala\u00e7\u00e3o <a class=\"leiamais\" href=\"https:\/\/centros.uepb.edu.br\/ccbsa\/diretora-do-ccbsa-e-vice-reitor-participam-de-reuniao-da-secretaria-de-educacao-para-discutir-um-espaco-para-a-instalacao-do-campus-v\/\">Leia Mais&#8230;<\/a><\/p>\n","protected":false},"author":8,"featured_media":3866,"comment_status":"closed","ping_status":"closed","sticky":false,"template":"","format":"standard","meta":{"footnotes":""},"categories":[3,11],"tags":[],"class_list":["post-3868","post","type-post","status-publish","format-standard","has-post-thumbnail","hentry","category-noticias","category-noticias-destaque-img"],"jetpack_featured_media_url":"https:\/\/centros.uepb.edu.br\/ccbsa\/files\/2017\/01\/REUNI\u00c3O.jpg","_links":{"self":[{"href":"https:\/\/centros.uepb.edu.br\/ccbsa\/wp-json\/wp\/v2\/posts\/3868","targetHints":{"allow":["GET"]}}],"collection":[{"href":"https:\/\/centros.uepb.edu.br\/ccbsa\/wp-json\/wp\/v2\/posts"}],"about":[{"href":"https:\/\/centros.uepb.edu.br\/ccbsa\/wp-json\/wp\/v2\/types\/post"}],"author":[{"embeddable":true,"href":"https:\/\/centros.uepb.edu.br\/ccbsa\/wp-json\/wp\/v2\/users\/8"}],"replies":[{"embeddable":true,"href":"https:\/\/centros.uepb.edu.br\/ccbsa\/wp-json\/wp\/v2\/comments?post=3868"}],"version-history":[{"count":0,"href":"https:\/\/centros.uepb.edu.br\/ccbsa\/wp-json\/wp\/v2\/posts\/3868\/revisions"}],"wp:featuredmedia":[{"embeddable":true,"href":"https:\/\/centros.uepb.edu.br\/ccbsa\/wp-json\/wp\/v2\/media\/3866"}],"wp:attachment":[{"href":"https:\/\/centros.uepb.edu.br\/ccbsa\/wp-json\/wp\/v2\/media?parent=3868"}],"wp:term":[{"taxonomy":"category","embeddable":true,"href":"https:\/\/centros.uepb.edu.br\/ccbsa\/wp-json\/wp\/v2\/categories?post=3868"},{"taxonomy":"post_tag","embeddable":true,"href":"https:\/\/centros.uepb.edu.br\/ccbsa\/wp-json\/wp\/v2\/tags?post=3868"}],"curies":[{"name":"wp","href":"https:\/\/api.w.org\/{rel}","templated":true}]}}