{"id":3851,"date":"2017-01-02T14:00:42","date_gmt":"2017-01-02T14:00:42","guid":{"rendered":"https:\/\/centros.uepb.edu.br\/ccbsa\/?p=3851"},"modified":"2017-01-30T12:19:49","modified_gmt":"2017-01-30T12:19:49","slug":"professor-do-ccbsa-e-eleito-diretor-geral-da-fundacao-parque-tecnologico-da-paraiba-para-o-quadrienio-20172020","status":"publish","type":"post","link":"https:\/\/centros.uepb.edu.br\/ccbsa\/professor-do-ccbsa-e-eleito-diretor-geral-da-fundacao-parque-tecnologico-da-paraiba-para-o-quadrienio-20172020\/","title":{"rendered":"Professor do CCBSA \u00e9 eleito diretor geral da Funda\u00e7\u00e3o Parque Tecnol\u00f3gico da Para\u00edba para o quadri\u00eanio 2017\/2020"},"content":{"rendered":"<p><a href=\"https:\/\/centros.uepb.edu.br\/ccbsa\/files\/2017\/01\/coljp8.jpg\"><img loading=\"lazy\" decoding=\"async\" class=\"aligncenter size-full wp-image-3852 img-responsive\" src=\"https:\/\/centros.uepb.edu.br\/ccbsa\/files\/2017\/01\/coljp8.jpg\" alt=\"\" width=\"840\" height=\"454\" srcset=\"https:\/\/centros.uepb.edu.br\/ccbsa\/files\/2017\/01\/coljp8.jpg 840w, https:\/\/centros.uepb.edu.br\/ccbsa\/files\/2017\/01\/coljp8-300x162.jpg 300w, https:\/\/centros.uepb.edu.br\/ccbsa\/files\/2017\/01\/coljp8-768x415.jpg 768w, https:\/\/centros.uepb.edu.br\/ccbsa\/files\/2017\/01\/coljp8-370x200.jpg 370w\" sizes=\"auto, (max-width: 840px) 100vw, 840px\" \/><\/a><\/p>\n<p>Pela primeira vez, desde a sua cria\u00e7\u00e3o em 1984, a Funda\u00e7\u00e3o Parque Tecnol\u00f3gico da Para\u00edba (PaqTcPB) ter\u00e1 como diretor geral um docente oriundo da Universidade Estadual da Para\u00edba (UEPB). Em elei\u00e7\u00e3o realizada em 27 de dezembro\u00a0de 2016, o professor Francisco Jaime Bezerra Mendon\u00e7a J\u00fanior, vinculado ao Campus V, foi eleito por unanimidade pelo Conselho Diretor da Funda\u00e7\u00e3o e formar\u00e1 a nova diretoria executiva do quadri\u00eanio 2017\/2020 com os professores Paulo de Melo Bastos, diretor adjunto\/administrativo, e Vin\u00edcius Farias Moreira, diretor t\u00e9cnico. Esses dois \u00faltimos s\u00e3o docentes da Universidade Federal de Campina Grande (UFCG).<\/p>\n<p>Ciente do desafio que ter\u00e1 pela frente, o professor Francisco Jaime apontou que nos \u00faltimos 10 anos a UEPB esteve presente na composi\u00e7\u00e3o da diretoria executiva do PaqTcPB e que, portanto, em algum momento a Institui\u00e7\u00e3o poderia ter um docente indicado para ocupar tal cargo. Para ele, a responsabilidade ser\u00e1 de todos, uma vez que ser\u00e1 desenvolvido um processo de continuidade nos projetos e conv\u00eanios que est\u00e3o em andamento. \u201cJ\u00e1 conhecemos as a\u00e7\u00f5es, mas vamos nos aprofundar, ver como \u00e9 o cen\u00e1rio e iniciar o processo de transi\u00e7\u00e3o com a atual diretoria que j\u00e1 est\u00e1 nos dando um importante apoio\u201d, disse Francisco Jaime.<\/p>\n<p>Atualmente com 220 pesquisas em andamento, sejam em projetos ou conv\u00eanios, o Parque Tecnol\u00f3gico da Para\u00edba tem sido uma esp\u00e9cie de pilar para dar suporte a programas do setor de Ci\u00eancia, Tecnologia e Inova\u00e7\u00e3o, o que segundo o professor Francisco tem dado uma contribui\u00e7\u00e3o importante para o desenvolvimento do Estado. \u201cTudo o que est\u00e1 em desenvolvimento no Parque Tecnol\u00f3gico envolve recursos e muitos s\u00e3o com altas cifras. S\u00e3o projetos que t\u00eam um papel importante em uma \u00e1rea fundamental para nosso Estado. O que posso afirmar agora \u00e9 que nesses primeiros tr\u00eas meses vamos avaliar todos os trabalhos e dar continuidade ao que vem sendo feito\u201d, projetou.<\/p>\n<p>Para o reitor da Universidade Estadual da Para\u00edba, Rangel Junior, a escolha do nome do professor Francisco Jaime demonstra a compet\u00eancia que a UEPB tem no que diz respeito \u00e0 gest\u00e3o administrativa e de projetos. \u201cO professor Francisco est\u00e1 na UEPB h\u00e1 dez anos, j\u00e1 foi diretor do Centro de Ci\u00eancias Biol\u00f3gicas e Sociais Aplicadas (CCBSA), conhece bem como funciona a \u00e1rea de pesquisa e, com certeza, manter\u00e1 a qualidade dos servi\u00e7os prestados pelo Parque Tecnol\u00f3gico prezando pelo trabalho com transpar\u00eancia\u201d, avaliou o reitor Rangel Junior.<\/p>\n<p>A atual diretora geral do PaqTcPB, Francilene Proc\u00f3pio Garcia, afirmou que a Institui\u00e7\u00e3o se transformou em uma forte captadora de recursos no que diz respeito ao desenvolvimento de a\u00e7\u00f5es fortes e cont\u00ednuas ligadas ao empreendedorismo inovador da Para\u00edba. Ela disse que a nova diretoria executiva dever\u00e1 manter as a\u00e7\u00f5es em andamento e continuar buscando converg\u00eancia com os \u00f3rg\u00e3os instituidores e demais parceiros que contribuem para o avan\u00e7o das pesquisas desenvolvidas na Institui\u00e7\u00e3o.<\/p>\n<p>\u201cA UEPB tem uma base de pesquisas reconhecidas nacional e internacionalmente e era absolutamente natural contar com nomes vindos dessa Institui\u00e7\u00e3o. Todos os esfor\u00e7os devem convergir para fortalecer o trabalho que \u00e9 feito dentro do Parque Tecnol\u00f3gico em prol do desenvolvimento do Estado. A UEPB, atrav\u00e9s do professor Francisco Jaime, e n\u00e3o s\u00f3 dele, pode dar sua parcela de contribui\u00e7\u00e3o, como vem dando sempre que esteve presente, seja com um representante como diretor adjunto\/administrativo ou t\u00e9cnico\u201d, afirmou Francilene.<\/p>\n<p><strong>Mais sobre o professor Francisco Jaime<\/strong><\/p>\n<p>Francisco Jaime Bezerra Mendon\u00e7a J\u00fanior \u00e9 farmac\u00eautico industrial formado pela Universidade Federal de Pernambuco (UFPE), mestre em Ci\u00eancias Farmac\u00eauticas pela UFPE e doutor em Ci\u00eancias Biol\u00f3gicas, com per\u00edodo sandu\u00edche na Universit\u00e9 Lyon 1-Fran\u00e7a. Atualmente \u00e9 professor da gradua\u00e7\u00e3o em Ci\u00eancias Biol\u00f3gicas do C\u00e2mpus V da UEPB, dos Programas de P\u00f3s-Gradua\u00e7\u00e3o em Ci\u00eancias Farmac\u00eauticas e do Programa de P\u00f3s-Gradua\u00e7\u00e3o em Inova\u00e7\u00e3o Terap\u00eautica da UFPE, do Programa de P\u00f3s-gradua\u00e7\u00e3o em Produtos Naturais e Sint\u00e9ticos Bioativos da UFPB e do Programa de P\u00f3s-Gradua\u00e7\u00e3o em Qu\u00edmica da UEPB, onde orienta nos cursos de mestrado e doutorado.<\/p>\n<p>Com 10 anos de servi\u00e7os prestados \u00e0 Universidade Estadual da Para\u00edba, atua desde a funda\u00e7\u00e3o do C\u00e2mpus V como docente do Bacharelado em Ci\u00eancias Biol\u00f3gicas. De 2012 a 2016 exerceu a fun\u00e7\u00e3o de diretor do Centro de Ci\u00eancias Biol\u00f3gicas e Sociais Aplicadas (CCBSA). Autor e coautor de mais de 40 artigos cient\u00edficos publicados em peri\u00f3dicos indexados nas \u00e1reas da Farm\u00e1cia e Qu\u00edmica, com um livro publicado \u2013 \u201cDoen\u00e7as Negligenciadas sob a \u00f3tica da Qu\u00edmica Medicinal\u201d \u2013 e inventor com 13 pedidos de patentes depositadas no INPI (BR) e um PCT.<\/p>\n<p>Tem diversos projetos aprovados em \u00f3rg\u00e3os de fomento e atua na \u00e1rea da Qu\u00edmica Medicinal e Org\u00e2nica, com \u00eanfase na S\u00edntese e Planejamento de F\u00e1rmacos e foco na s\u00edntese, planejamento e avalia\u00e7\u00e3o de novas mol\u00e9culas bioativas com potencial atividade antimicrobiana\/antif\u00fangica, psicotr\u00f3pica, anti-inflamat\u00f3rias, antitumorais e frente a doen\u00e7as negligenciadas.<\/p>\n<p><strong>\u00d3rg\u00e3os Instituidores do PaqTcPB<\/strong><\/p>\n<p>Conselho Nacional de Desenvolvimento Cient\u00edfico e Tecnol\u00f3gico \u2013 CNPq Universidade Federal da Para\u00edba (UFPB)<br \/>\nGoverno do Estado da Para\u00edba<br \/>\nBanco do Estado da Para\u00edba (PARAIBAN)<\/p>\n<p><strong>Conselho Diretor do PaqTcPB<\/strong><\/p>\n<p>O Conselho Diretor constitui o \u00f3rg\u00e3o m\u00e1ximo da Funda\u00e7\u00e3o PaqTcPB e \u00e9 constitu\u00eddo, al\u00e9m dos membros instituidores, pelos seguintes \u00f3rg\u00e3os participantes:<\/p>\n<p>Universidade Federal de Campina Grande (UFCG)<br \/>\nUniversidade Estadual da Para\u00edba (UEPB)<br \/>\nUniversidade Federal da Para\u00edba (UFPB)<br \/>\nGoverno do Estado da Para\u00edba<br \/>\nPrefeitura Municipal de Campina Grande (PMCG)<br \/>\nFedera\u00e7\u00e3o das Ind\u00fastrias do Estado da Para\u00edba (FIEP)<br \/>\nAssocia\u00e7\u00e3o de Empresas de Base Tecnol\u00f3gica (AEBT)<br \/>\nServi\u00e7o Brasileiro de Apoio \u00e0 Micro e Pequena Empresa (SEBRAE\/PB)<br \/>\nBanco do Nordeste do Brasil (BNB)<\/p>\n<p><strong>Diretoria Executiva (2017\/2020)<\/strong><\/p>\n<p>Diretor geral: Francisco Jaime Bezerra Mendon\u00e7a J\u00fanior (UEPB)<br \/>\nDiretor adjunto\/administrativo: Paulo de Melo Bastos (UFCG)<br \/>\nDiretor t\u00e9cnico: Vin\u00edcius Farias Moreira (UFCG)<\/p>\n<p>&nbsp;<\/p>\n<p><em><strong>Texto:<\/strong> Givado Cavalcanti<\/em><\/p>\n","protected":false},"excerpt":{"rendered":"<p>Pela primeira vez, desde a sua cria\u00e7\u00e3o em 1984, a Funda\u00e7\u00e3o Parque Tecnol\u00f3gico da Para\u00edba (PaqTcPB) ter\u00e1 como diretor geral um docente oriundo da Universidade Estadual da Para\u00edba (UEPB). Em elei\u00e7\u00e3o realizada em 27 de dezembro\u00a0de 2016, o professor Francisco Jaime Bezerra Mendon\u00e7a J\u00fanior, vinculado ao Campus V, foi eleito por unanimidade pelo Conselho Diretor <a class=\"leiamais\" href=\"https:\/\/centros.uepb.edu.br\/ccbsa\/professor-do-ccbsa-e-eleito-diretor-geral-da-fundacao-parque-tecnologico-da-paraiba-para-o-quadrienio-20172020\/\">Leia Mais&#8230;<\/a><\/p>\n","protected":false},"author":8,"featured_media":3852,"comment_status":"closed","ping_status":"closed","sticky":false,"template":"","format":"standard","meta":{"footnotes":""},"categories":[3,11],"tags":[],"class_list":["post-3851","post","type-post","status-publish","format-standard","has-post-thumbnail","hentry","category-noticias","category-noticias-destaque-img"],"jetpack_featured_media_url":"https:\/\/centros.uepb.edu.br\/ccbsa\/files\/2017\/01\/coljp8.jpg","_links":{"self":[{"href":"https:\/\/centros.uepb.edu.br\/ccbsa\/wp-json\/wp\/v2\/posts\/3851","targetHints":{"allow":["GET"]}}],"collection":[{"href":"https:\/\/centros.uepb.edu.br\/ccbsa\/wp-json\/wp\/v2\/posts"}],"about":[{"href":"https:\/\/centros.uepb.edu.br\/ccbsa\/wp-json\/wp\/v2\/types\/post"}],"author":[{"embeddable":true,"href":"https:\/\/centros.uepb.edu.br\/ccbsa\/wp-json\/wp\/v2\/users\/8"}],"replies":[{"embeddable":true,"href":"https:\/\/centros.uepb.edu.br\/ccbsa\/wp-json\/wp\/v2\/comments?post=3851"}],"version-history":[{"count":0,"href":"https:\/\/centros.uepb.edu.br\/ccbsa\/wp-json\/wp\/v2\/posts\/3851\/revisions"}],"wp:featuredmedia":[{"embeddable":true,"href":"https:\/\/centros.uepb.edu.br\/ccbsa\/wp-json\/wp\/v2\/media\/3852"}],"wp:attachment":[{"href":"https:\/\/centros.uepb.edu.br\/ccbsa\/wp-json\/wp\/v2\/media?parent=3851"}],"wp:term":[{"taxonomy":"category","embeddable":true,"href":"https:\/\/centros.uepb.edu.br\/ccbsa\/wp-json\/wp\/v2\/categories?post=3851"},{"taxonomy":"post_tag","embeddable":true,"href":"https:\/\/centros.uepb.edu.br\/ccbsa\/wp-json\/wp\/v2\/tags?post=3851"}],"curies":[{"name":"wp","href":"https:\/\/api.w.org\/{rel}","templated":true}]}}