{"id":3845,"date":"2016-12-22T11:29:47","date_gmt":"2016-12-22T11:29:47","guid":{"rendered":"https:\/\/centros.uepb.edu.br\/ccbsa\/?p=3845"},"modified":"2016-12-22T13:02:26","modified_gmt":"2016-12-22T13:02:26","slug":"projeto-mudde-encerra-atividades-de-2016-com-gincana-que-discutiu-tolerancia-e-respeito-com-estudantes-do-ensino-medio","status":"publish","type":"post","link":"https:\/\/centros.uepb.edu.br\/ccbsa\/projeto-mudde-encerra-atividades-de-2016-com-gincana-que-discutiu-tolerancia-e-respeito-com-estudantes-do-ensino-medio\/","title":{"rendered":"Projeto MUDDE encerra atividades de 2016 com gincana que discutiu toler\u00e2ncia e respeito com estudantes do ensino m\u00e9dio"},"content":{"rendered":"<p><a href=\"https:\/\/centros.uepb.edu.br\/ccbsa\/files\/2016\/12\/IMG_2831.jpg\"><img loading=\"lazy\" decoding=\"async\" class=\"aligncenter size-full wp-image-3846 img-responsive\" src=\"https:\/\/centros.uepb.edu.br\/ccbsa\/files\/2016\/12\/IMG_2831.jpg\" alt=\"\" width=\"840\" height=\"454\" srcset=\"https:\/\/centros.uepb.edu.br\/ccbsa\/files\/2016\/12\/IMG_2831.jpg 840w, https:\/\/centros.uepb.edu.br\/ccbsa\/files\/2016\/12\/IMG_2831-300x162.jpg 300w, https:\/\/centros.uepb.edu.br\/ccbsa\/files\/2016\/12\/IMG_2831-768x415.jpg 768w, https:\/\/centros.uepb.edu.br\/ccbsa\/files\/2016\/12\/IMG_2831-370x200.jpg 370w\" sizes=\"auto, (max-width: 840px) 100vw, 840px\" \/><\/a><\/p>\n<p>Seguindo a perspectiva de despertar a reflex\u00e3o e o senso cr\u00edtico sobre temas de relev\u00e2ncia social, o projeto \u201cMem\u00f3ria, sociedade e cidadania (MUDDE): reflex\u00e3o para al\u00e9m dos muros acad\u00eamicos\u201d, que \u00e9 vinculado ao curso Arquivologia da Universidade Estadual de Para\u00edba, realiza, nestes \u00faltimos dias de dezembro, a entrega das premia\u00e7\u00f5es da gincana realizada entre os dias 28 de novembro a 3 de dezembro, com estudantes do ensino m\u00e9dio da Escola Estadual Jos\u00e9 Lins do R\u00eago.<\/p>\n<p>A iniciativa teve foco nas tarefas voltadas \u00e0 toler\u00e2ncia e ao respeito, buscando proporcionar di\u00e1logo e uma ambiente de paz na escola. \u201cRealizamos essa a\u00e7\u00e3o com um car\u00e1ter diferente das gincanas tradicionais, visto que n\u00e3o havia a competi\u00e7\u00e3o e escolha de melhores ou piores, o principal era que cada um buscasse uma supera\u00e7\u00e3o de barreiras e tentasse ser uma pessoa melhor. E as tarefas foram pensadas com esse vi\u00e9s\u201d, explicou o coordenador do MUDDE, professor Henrique Fran\u00e7a.<\/p>\n<p>Ao fim da semana de atividades, as equipes consideradas pelos professores, jurados externos e integrantes do projeto como as mais organizadas e comprometidas com a a\u00e7\u00e3o foram premiadas com uma viagem e passeios. As duas primeiras turmas mais bem colocados foram, no dia 13 de dezembro, ao Recife Antigo e Instituto Ricardo Brennand, que abriu as portas para que os estudantes conhecessem gratuitamente o espa\u00e7o. E as outras duas turmas, que ficaram em terceiro e quarto lugar devem participar de um passeio e piquenique no Forte de Santa Catarina, em Cabedelo nesta sexta-feira, 23 de dezembro.<\/p>\n<p>As atividades contaram com o apoio do Projeto UEPB em A\u00e7\u00e3o (PUA), \u201cAudiovisualmentes: produzindo e mediando conte\u00fados educacionais como ferramenta de dissemina\u00e7\u00e3o social e comunica\u00e7\u00e3o pedag\u00f3gica\u201d, e da dire\u00e7\u00e3o e equipe pedag\u00f3gica da Escola Estadual Jos\u00e9 Lins do R\u00eago, em especial a diretora Mirian Gon\u00e7alves Dias e a professora Benilda Cavalcante.<\/p>\n","protected":false},"excerpt":{"rendered":"<p>Seguindo a perspectiva de despertar a reflex\u00e3o e o senso cr\u00edtico sobre temas de relev\u00e2ncia social, o projeto \u201cMem\u00f3ria, sociedade e cidadania (MUDDE): reflex\u00e3o para al\u00e9m dos muros acad\u00eamicos\u201d, que \u00e9 vinculado ao curso Arquivologia da Universidade Estadual de Para\u00edba, realiza, nestes \u00faltimos dias de dezembro, a entrega das premia\u00e7\u00f5es da gincana realizada entre os <a class=\"leiamais\" href=\"https:\/\/centros.uepb.edu.br\/ccbsa\/projeto-mudde-encerra-atividades-de-2016-com-gincana-que-discutiu-tolerancia-e-respeito-com-estudantes-do-ensino-medio\/\">Leia Mais&#8230;<\/a><\/p>\n","protected":false},"author":8,"featured_media":3846,"comment_status":"closed","ping_status":"closed","sticky":false,"template":"","format":"standard","meta":{"footnotes":""},"categories":[3,11],"tags":[],"class_list":["post-3845","post","type-post","status-publish","format-standard","has-post-thumbnail","hentry","category-noticias","category-noticias-destaque-img"],"jetpack_featured_media_url":"https:\/\/centros.uepb.edu.br\/ccbsa\/files\/2016\/12\/IMG_2831.jpg","_links":{"self":[{"href":"https:\/\/centros.uepb.edu.br\/ccbsa\/wp-json\/wp\/v2\/posts\/3845","targetHints":{"allow":["GET"]}}],"collection":[{"href":"https:\/\/centros.uepb.edu.br\/ccbsa\/wp-json\/wp\/v2\/posts"}],"about":[{"href":"https:\/\/centros.uepb.edu.br\/ccbsa\/wp-json\/wp\/v2\/types\/post"}],"author":[{"embeddable":true,"href":"https:\/\/centros.uepb.edu.br\/ccbsa\/wp-json\/wp\/v2\/users\/8"}],"replies":[{"embeddable":true,"href":"https:\/\/centros.uepb.edu.br\/ccbsa\/wp-json\/wp\/v2\/comments?post=3845"}],"version-history":[{"count":0,"href":"https:\/\/centros.uepb.edu.br\/ccbsa\/wp-json\/wp\/v2\/posts\/3845\/revisions"}],"wp:featuredmedia":[{"embeddable":true,"href":"https:\/\/centros.uepb.edu.br\/ccbsa\/wp-json\/wp\/v2\/media\/3846"}],"wp:attachment":[{"href":"https:\/\/centros.uepb.edu.br\/ccbsa\/wp-json\/wp\/v2\/media?parent=3845"}],"wp:term":[{"taxonomy":"category","embeddable":true,"href":"https:\/\/centros.uepb.edu.br\/ccbsa\/wp-json\/wp\/v2\/categories?post=3845"},{"taxonomy":"post_tag","embeddable":true,"href":"https:\/\/centros.uepb.edu.br\/ccbsa\/wp-json\/wp\/v2\/tags?post=3845"}],"curies":[{"name":"wp","href":"https:\/\/api.w.org\/{rel}","templated":true}]}}