{"id":3838,"date":"2016-12-21T15:13:15","date_gmt":"2016-12-21T15:13:15","guid":{"rendered":"https:\/\/centros.uepb.edu.br\/ccbsa\/?p=3838"},"modified":"2016-12-21T15:13:15","modified_gmt":"2016-12-21T15:13:15","slug":"diretores-do-ccbsa-promovem-balanco-voltado-a-comunidade-academica-sobre-os-primeiros-meses-de-gestao","status":"publish","type":"post","link":"https:\/\/centros.uepb.edu.br\/ccbsa\/diretores-do-ccbsa-promovem-balanco-voltado-a-comunidade-academica-sobre-os-primeiros-meses-de-gestao\/","title":{"rendered":"Diretores do CCBSA promovem balan\u00e7o voltado \u00e0 comunidade acad\u00eamica sobre os primeiros meses de gest\u00e3o"},"content":{"rendered":"<p><a href=\"https:\/\/centros.uepb.edu.br\/ccbsa\/files\/2016\/12\/DSC06169.jpg\"><img loading=\"lazy\" decoding=\"async\" class=\"aligncenter size-full wp-image-3834 img-responsive\" src=\"https:\/\/centros.uepb.edu.br\/ccbsa\/files\/2016\/12\/DSC06169.jpg\" alt=\"\" width=\"840\" height=\"454\" srcset=\"https:\/\/centros.uepb.edu.br\/ccbsa\/files\/2016\/12\/DSC06169.jpg 840w, https:\/\/centros.uepb.edu.br\/ccbsa\/files\/2016\/12\/DSC06169-300x162.jpg 300w, https:\/\/centros.uepb.edu.br\/ccbsa\/files\/2016\/12\/DSC06169-768x415.jpg 768w, https:\/\/centros.uepb.edu.br\/ccbsa\/files\/2016\/12\/DSC06169-370x200.jpg 370w\" sizes=\"auto, (max-width: 840px) 100vw, 840px\" \/><\/a><\/p>\n<p>Com a presen\u00e7a de estudantes, docentes, t\u00e9cnicos-administrativos e os dirigente da Associa\u00e7\u00e3o de Docentes da Universidade Estadual da Para\u00edba, os diretores do Centro de Ci\u00eancias Biol\u00f3gicas e Sociais Aplicadas, Jacqueline Echeverr\u00eda Barrancos e \u00canio Wocyli Dantas realizaram, na tarde desta ter\u00e7a-feira (21), um evento de balan\u00e7o dos tr\u00eas meses de gest\u00e3o.<\/p>\n<p>Na oportunidade, os docentes apresentaram as a\u00e7\u00f5es realizadas, em andamento e planejadas na \u00e1rea de gest\u00e3o administrativas, obras e comunica\u00e7\u00e3o. Dentre as atividades que encontram-se em andamento e que foram apresentadas pelos diretores est\u00e3o a subesta\u00e7\u00e3o el\u00e9trica, que quando estiver pronta dar\u00e1 condi\u00e7\u00f5es para a instala\u00e7\u00e3o dos ar-condicionados e demais equipamentos que necessitarem de utiliza\u00e7\u00e3o da corrente el\u00e9trica do pr\u00e9dio do Campus sem que haja nenhum risco de pane el\u00e9trica por sobrecarga; organiza\u00e7\u00e3o das vagas e ilumina\u00e7\u00e3o do estacionamento; chegada e instala\u00e7\u00e3o dos containeres, entre outros.<\/p>\n<p>A professora Jacqueline Echeverr\u00eda lembrou que os cursos de gradua\u00e7\u00e3o do Campus V, assim como os demais cursos da UEPB, atualizaram\u00a0os Projetos Pedag\u00f3gicos de Curso (PPC), com o curso de Rela\u00e7\u00f5es Internacionais j\u00e1 utilizando o novo PPC desde o semestre 2016.2 e as demais gradua\u00e7\u00f5es em 2017.1. Al\u00e9m disso, foram apresentadas algumas mudan\u00e7as administrativas, como a modifica\u00e7\u00e3o da coordena\u00e7\u00e3o do N\u00facleo de L\u00ednguas, que passou a ter a professora Lenira Madruga como coordenadora.<\/p>\n","protected":false},"excerpt":{"rendered":"<p>Com a presen\u00e7a de estudantes, docentes, t\u00e9cnicos-administrativos e os dirigente da Associa\u00e7\u00e3o de Docentes da Universidade Estadual da Para\u00edba, os diretores do Centro de Ci\u00eancias Biol\u00f3gicas e Sociais Aplicadas, Jacqueline Echeverr\u00eda Barrancos e \u00canio Wocyli Dantas realizaram, na tarde desta ter\u00e7a-feira (21), um evento de balan\u00e7o dos tr\u00eas meses de gest\u00e3o. Na oportunidade, os docentes <a class=\"leiamais\" href=\"https:\/\/centros.uepb.edu.br\/ccbsa\/diretores-do-ccbsa-promovem-balanco-voltado-a-comunidade-academica-sobre-os-primeiros-meses-de-gestao\/\">Leia Mais&#8230;<\/a><\/p>\n","protected":false},"author":8,"featured_media":3834,"comment_status":"closed","ping_status":"closed","sticky":false,"template":"","format":"standard","meta":{"footnotes":""},"categories":[3,11],"tags":[],"class_list":["post-3838","post","type-post","status-publish","format-standard","has-post-thumbnail","hentry","category-noticias","category-noticias-destaque-img"],"jetpack_featured_media_url":"https:\/\/centros.uepb.edu.br\/ccbsa\/files\/2016\/12\/DSC06169.jpg","_links":{"self":[{"href":"https:\/\/centros.uepb.edu.br\/ccbsa\/wp-json\/wp\/v2\/posts\/3838","targetHints":{"allow":["GET"]}}],"collection":[{"href":"https:\/\/centros.uepb.edu.br\/ccbsa\/wp-json\/wp\/v2\/posts"}],"about":[{"href":"https:\/\/centros.uepb.edu.br\/ccbsa\/wp-json\/wp\/v2\/types\/post"}],"author":[{"embeddable":true,"href":"https:\/\/centros.uepb.edu.br\/ccbsa\/wp-json\/wp\/v2\/users\/8"}],"replies":[{"embeddable":true,"href":"https:\/\/centros.uepb.edu.br\/ccbsa\/wp-json\/wp\/v2\/comments?post=3838"}],"version-history":[{"count":0,"href":"https:\/\/centros.uepb.edu.br\/ccbsa\/wp-json\/wp\/v2\/posts\/3838\/revisions"}],"wp:featuredmedia":[{"embeddable":true,"href":"https:\/\/centros.uepb.edu.br\/ccbsa\/wp-json\/wp\/v2\/media\/3834"}],"wp:attachment":[{"href":"https:\/\/centros.uepb.edu.br\/ccbsa\/wp-json\/wp\/v2\/media?parent=3838"}],"wp:term":[{"taxonomy":"category","embeddable":true,"href":"https:\/\/centros.uepb.edu.br\/ccbsa\/wp-json\/wp\/v2\/categories?post=3838"},{"taxonomy":"post_tag","embeddable":true,"href":"https:\/\/centros.uepb.edu.br\/ccbsa\/wp-json\/wp\/v2\/tags?post=3838"}],"curies":[{"name":"wp","href":"https:\/\/api.w.org\/{rel}","templated":true}]}}