{"id":3821,"date":"2016-12-19T12:03:55","date_gmt":"2016-12-19T12:03:55","guid":{"rendered":"https:\/\/centros.uepb.edu.br\/ccbsa\/?p=3821"},"modified":"2016-12-19T12:03:55","modified_gmt":"2016-12-19T12:03:55","slug":"grupo-de-pesquisa-de-relacoes-internacionais-promove-discussao-sobre-a-participacao-de-militares-brasileiros-nas-missoes-de-paz-do-haiti","status":"publish","type":"post","link":"https:\/\/centros.uepb.edu.br\/ccbsa\/grupo-de-pesquisa-de-relacoes-internacionais-promove-discussao-sobre-a-participacao-de-militares-brasileiros-nas-missoes-de-paz-do-haiti\/","title":{"rendered":"Grupo de pesquisa de Rela\u00e7\u00f5es Internacionais promove discuss\u00e3o sobre a participa\u00e7\u00e3o de militares brasileiros nas miss\u00f5es de paz do Haiti"},"content":{"rendered":"<p><a href=\"https:\/\/centros.uepb.edu.br\/ccbsa\/files\/2016\/12\/Evento-21-dez-2016.jpg\"><img loading=\"lazy\" decoding=\"async\" class=\"aligncenter size-full wp-image-3822 img-responsive\" src=\"https:\/\/centros.uepb.edu.br\/ccbsa\/files\/2016\/12\/Evento-21-dez-2016.jpg\" alt=\"evento-21-dez-2016\" width=\"840\" height=\"454\" srcset=\"https:\/\/centros.uepb.edu.br\/ccbsa\/files\/2016\/12\/Evento-21-dez-2016.jpg 840w, https:\/\/centros.uepb.edu.br\/ccbsa\/files\/2016\/12\/Evento-21-dez-2016-300x162.jpg 300w, https:\/\/centros.uepb.edu.br\/ccbsa\/files\/2016\/12\/Evento-21-dez-2016-768x415.jpg 768w, https:\/\/centros.uepb.edu.br\/ccbsa\/files\/2016\/12\/Evento-21-dez-2016-370x200.jpg 370w\" sizes=\"auto, (max-width: 840px) 100vw, 840px\" \/><\/a><\/p>\n<p>O Grupo de Pesquisa \u201cO Brasil no Conselho de Seguran\u00e7a da ONU\u201d, vinculado ao Departamento de Rela\u00e7\u00f5es Internacionais da Universidade Estadual da Para\u00edba (UEPB), com apoio do Conselho de Desenvolvimento Cient\u00edfico e Tecnol\u00f3gico, CNPq, e do Centro Acad\u00eamico Epit\u00e1cio Pessoa, promove, nesta quarta-feira, 21 de dezembro, \u00e0s 9h, no audit\u00f3rio Pioneiros, a palestra \u201cA experi\u00eancia do BRABAT 23 na MINUSTAH\u201d, a ser ministrada pelo coronel Ricardo Bezerra, com o professor da UEPB Carlos Enrique Ruiz como debatedor.<\/p>\n<p>A iniciativa faz parte do projeto de pesquisa do professor de Rela\u00e7\u00f5es Internacionais, Carlos Enrique Ruiz, intitulado &#8220;O Brasil no Conselho de Seguran\u00e7a da ONU&#8221; e que tem financiamento do CNPq\/CAPES.<\/p>\n<p>Na oportunidade, o coronel Ricardo Bezerra, que \u00e9 Assessor Militar do Secret\u00e1rio-Geral do Minist\u00e9rio da Defesa, dever\u00e1 abordar a experi\u00eancia como comandante do destacamento brasileiro no Haiti, dentro da Miss\u00e3o das Na\u00e7\u00f5es Unidas para Estabiliza\u00e7\u00e3o do Haiti, conhecida pela sigla MINUSTAH, derivada do franc\u00eas: Mission des Nations Unies pour la Stabilisation em Ha\u00efti, \u00e9 uma miss\u00e3o de paz criada pelo Conselho de Seguran\u00e7a das Na\u00e7\u00f5es Unidas em 30 de abril de 2004, por meio da resolu\u00e7\u00e3o 1542, para restaurar a ordem no Haiti, ap\u00f3s um per\u00edodo de insurg\u00eancia.<\/p>\n<p>O palestrante j\u00e1 foi comandante do 23\u00ba Batalh\u00e3o de Brasileiro de For\u00e7a de Paz (BRABAT 23), de novembro 2015 a junho de 2016, quando foi respons\u00e1vel por comandar um grupo de 850 militares (sendo 665 do Ex\u00e9rcito, 181 da Marinha e 4 da Aeron\u00e1utica).<\/p>\n<p>O evento \u00e9 voltado \u00e0 comunidade acad\u00eamica e todos os presentes devem receber certificado de participa\u00e7\u00e3o.<\/p>\n","protected":false},"excerpt":{"rendered":"<p>O Grupo de Pesquisa \u201cO Brasil no Conselho de Seguran\u00e7a da ONU\u201d, vinculado ao Departamento de Rela\u00e7\u00f5es Internacionais da Universidade Estadual da Para\u00edba (UEPB), com apoio do Conselho de Desenvolvimento Cient\u00edfico e Tecnol\u00f3gico, CNPq, e do Centro Acad\u00eamico Epit\u00e1cio Pessoa, promove, nesta quarta-feira, 21 de dezembro, \u00e0s 9h, no audit\u00f3rio Pioneiros, a palestra \u201cA experi\u00eancia <a class=\"leiamais\" href=\"https:\/\/centros.uepb.edu.br\/ccbsa\/grupo-de-pesquisa-de-relacoes-internacionais-promove-discussao-sobre-a-participacao-de-militares-brasileiros-nas-missoes-de-paz-do-haiti\/\">Leia Mais&#8230;<\/a><\/p>\n","protected":false},"author":8,"featured_media":3822,"comment_status":"closed","ping_status":"closed","sticky":false,"template":"","format":"standard","meta":{"footnotes":""},"categories":[3,11],"tags":[],"class_list":["post-3821","post","type-post","status-publish","format-standard","has-post-thumbnail","hentry","category-noticias","category-noticias-destaque-img"],"jetpack_featured_media_url":"https:\/\/centros.uepb.edu.br\/ccbsa\/files\/2016\/12\/Evento-21-dez-2016.jpg","_links":{"self":[{"href":"https:\/\/centros.uepb.edu.br\/ccbsa\/wp-json\/wp\/v2\/posts\/3821","targetHints":{"allow":["GET"]}}],"collection":[{"href":"https:\/\/centros.uepb.edu.br\/ccbsa\/wp-json\/wp\/v2\/posts"}],"about":[{"href":"https:\/\/centros.uepb.edu.br\/ccbsa\/wp-json\/wp\/v2\/types\/post"}],"author":[{"embeddable":true,"href":"https:\/\/centros.uepb.edu.br\/ccbsa\/wp-json\/wp\/v2\/users\/8"}],"replies":[{"embeddable":true,"href":"https:\/\/centros.uepb.edu.br\/ccbsa\/wp-json\/wp\/v2\/comments?post=3821"}],"version-history":[{"count":0,"href":"https:\/\/centros.uepb.edu.br\/ccbsa\/wp-json\/wp\/v2\/posts\/3821\/revisions"}],"wp:featuredmedia":[{"embeddable":true,"href":"https:\/\/centros.uepb.edu.br\/ccbsa\/wp-json\/wp\/v2\/media\/3822"}],"wp:attachment":[{"href":"https:\/\/centros.uepb.edu.br\/ccbsa\/wp-json\/wp\/v2\/media?parent=3821"}],"wp:term":[{"taxonomy":"category","embeddable":true,"href":"https:\/\/centros.uepb.edu.br\/ccbsa\/wp-json\/wp\/v2\/categories?post=3821"},{"taxonomy":"post_tag","embeddable":true,"href":"https:\/\/centros.uepb.edu.br\/ccbsa\/wp-json\/wp\/v2\/tags?post=3821"}],"curies":[{"name":"wp","href":"https:\/\/api.w.org\/{rel}","templated":true}]}}