{"id":3812,"date":"2016-12-16T15:50:27","date_gmt":"2016-12-16T15:50:27","guid":{"rendered":"https:\/\/centros.uepb.edu.br\/ccbsa\/?p=3812"},"modified":"2016-12-16T15:50:27","modified_gmt":"2016-12-16T15:50:27","slug":"centro-academico-de-relacoes-internacionais-promove-evento-de-recepcao-aos-feras-do-periodo-letivo-2016-2-2","status":"publish","type":"post","link":"https:\/\/centros.uepb.edu.br\/ccbsa\/centro-academico-de-relacoes-internacionais-promove-evento-de-recepcao-aos-feras-do-periodo-letivo-2016-2-2\/","title":{"rendered":"Centro Acad\u00eamico de Rela\u00e7\u00f5es Internacionais promove evento de recep\u00e7\u00e3o aos feras do per\u00edodo letivo 2016.2"},"content":{"rendered":"<p>&nbsp;<\/p>\n<p><a href=\"https:\/\/centros.uepb.edu.br\/ccbsa\/files\/2016\/12\/DSC06103.jpg\"><img loading=\"lazy\" decoding=\"async\" class=\"aligncenter size-full wp-image-3807 img-responsive\" src=\"https:\/\/centros.uepb.edu.br\/ccbsa\/files\/2016\/12\/DSC06103.jpg\" alt=\"\" width=\"840\" height=\"454\" srcset=\"https:\/\/centros.uepb.edu.br\/ccbsa\/files\/2016\/12\/DSC06103.jpg 840w, https:\/\/centros.uepb.edu.br\/ccbsa\/files\/2016\/12\/DSC06103-300x162.jpg 300w, https:\/\/centros.uepb.edu.br\/ccbsa\/files\/2016\/12\/DSC06103-768x415.jpg 768w, https:\/\/centros.uepb.edu.br\/ccbsa\/files\/2016\/12\/DSC06103-370x200.jpg 370w\" sizes=\"auto, (max-width: 840px) 100vw, 840px\" \/><\/a><\/p>\n<p>Com uma exposi\u00e7\u00e3o de projetos de pesquisa e extens\u00e3o e uma discuss\u00e3o sobre pol\u00edtica nacional e internacional foi realizado, nesta quinta e sexta-feira (16), no Campus V da Universidade Estadual da Para\u00edba, o evento promovido pelo Centro Acad\u00eamico Epit\u00e1cio Pessoa para recepcionar os feras da gradua\u00e7\u00e3o em Rela\u00e7\u00f5es Internacionais do per\u00edodo letivo 2016.2.<br \/>\nDurante a mostra, realizada na manh\u00e3 da quinta-feira (15), os estudantes puderam conhecer sete projetos e grupos de pesquisa e extens\u00e3o que contam com a participa\u00e7\u00e3o de alunos do curso de Rela\u00e7\u00f5es Internacionais, al\u00e9m de ter a oportunidade de esclarecer d\u00favidas e ter contato com o trabalho realizado pelo Centro Acad\u00eamico.<\/p>\n<p>Nesta sexta-feira (16), no audit\u00f3rio Pioneiros, foi realizada a discuss\u00e3o \u201cTrump no poder: uma nova forma de isolacionismo?\u201d, tendo como ministrante a professora do curso de Rela\u00e7\u00f5es Internacionais Cristina Pacheco, e a palestra \u201cDe potencial Global Player a ator secund\u00e1rio: o n\u00e3o-projeto de uma nova hegemonia\u201d, ministrada pelo professor Murilo Mesquita.<\/p>\n<p>De acordo com a professora Cristina Pacheco, \u00e9 importante que os estudantes de Rela\u00e7\u00f5es Internacionais tenham contato desde cedo com temas como essa possibilidade de isolacionismo americano a partir do governo Trump, que, segundo a pesquisadora \u201c\u00e9 tema de teorias na \u00e1rea, e definir\u00e1 os rumos das rela\u00e7\u00f5es de poder mundial em 2017\u201d.<\/p>\n<p><a href=\"https:\/\/centros.uepb.edu.br\/ccbsa\/files\/2016\/12\/DSC06130.jpg\"><img loading=\"lazy\" decoding=\"async\" class=\"aligncenter size-full wp-image-3814 img-responsive\" src=\"https:\/\/centros.uepb.edu.br\/ccbsa\/files\/2016\/12\/DSC06130.jpg\" alt=\"\" width=\"840\" height=\"454\" srcset=\"https:\/\/centros.uepb.edu.br\/ccbsa\/files\/2016\/12\/DSC06130.jpg 840w, https:\/\/centros.uepb.edu.br\/ccbsa\/files\/2016\/12\/DSC06130-300x162.jpg 300w, https:\/\/centros.uepb.edu.br\/ccbsa\/files\/2016\/12\/DSC06130-768x415.jpg 768w, https:\/\/centros.uepb.edu.br\/ccbsa\/files\/2016\/12\/DSC06130-370x200.jpg 370w\" sizes=\"auto, (max-width: 840px) 100vw, 840px\" \/><\/a><\/p>\n<p>O professor Murilo Mesquita enfatiza a import\u00e2ncia de abordar temas de relev\u00e2ncia na \u00e1rea de Rela\u00e7\u00f5es Internacionais, como o jogo pol\u00edtico nacional e internacional e golpe parlamentar, sob o ponto de vista cient\u00edfico, a partir de uma perspectiva cr\u00edtica e que n\u00e3o esteja vinculado ao senso comum que tem dominado as discuss\u00f5es em redes sociais, ve\u00edculos de imprensa com vi\u00e9s mercadol\u00f3gico e outras vias de comunica\u00e7\u00e3o.<\/p>\n<p>A estudante do 1\u00ba per\u00edodo de Rela\u00e7\u00f5es internacionais Thayn\u00e1 Martins, que ingressou na referida gradua\u00e7\u00e3o ap\u00f3s conhecer o conte\u00fado e perfil da gradua\u00e7\u00e3o, destacou a import\u00e2ncia de eventos que possam inserir o calouro nas discuss\u00f5es relevantes na \u00e1rea. A discente destaca ainda a surpresa positiva que teve ao conhecer pessoalmente a gradua\u00e7\u00e3o em Rela\u00e7\u00f5es Internacionais da UEPB.<\/p>\n<p>Os organizadores do evento, definem a iniciativa como uma a\u00e7\u00e3o para apresentar o curso de Rela\u00e7\u00f5es Internacionais aos estudantes novatos com o intuito de possibilitar reflex\u00f5es sobre as movimenta\u00e7\u00f5es da pol\u00edtica internacional e esta nova (des)ordem que se aproxima, tomando por base quest\u00f5es como o Impeachment, esc\u00e2ndalos de corrup\u00e7\u00e3o, aprova\u00e7\u00e3o da PEC 55 no Brasil, a elei\u00e7\u00e3o de Donald Trump, a promessa de cria\u00e7\u00e3o de um muro e pol\u00edticas anti-imigra\u00e7\u00e3o nos Estados Unidos.<\/p>\n<p>Esta iniciativa contou com o apoio da coordena\u00e7\u00e3o do curso de gradua\u00e7\u00e3o em Rela\u00e7\u00f5es Internacionais, que j\u00e1 havia realizado, nos dias 28 e 29 de novembro, um semin\u00e1rio e aula magna voltada aos feras do per\u00edodo letivo 2016.2.<\/p>\n","protected":false},"excerpt":{"rendered":"<p>&nbsp; Com uma exposi\u00e7\u00e3o de projetos de pesquisa e extens\u00e3o e uma discuss\u00e3o sobre pol\u00edtica nacional e internacional foi realizado, nesta quinta e sexta-feira (16), no Campus V da Universidade Estadual da Para\u00edba, o evento promovido pelo Centro Acad\u00eamico Epit\u00e1cio Pessoa para recepcionar os feras da gradua\u00e7\u00e3o em Rela\u00e7\u00f5es Internacionais do per\u00edodo letivo 2016.2. Durante <a class=\"leiamais\" href=\"https:\/\/centros.uepb.edu.br\/ccbsa\/centro-academico-de-relacoes-internacionais-promove-evento-de-recepcao-aos-feras-do-periodo-letivo-2016-2-2\/\">Leia Mais&#8230;<\/a><\/p>\n","protected":false},"author":8,"featured_media":3814,"comment_status":"closed","ping_status":"closed","sticky":false,"template":"","format":"standard","meta":{"footnotes":""},"categories":[3,11],"tags":[],"class_list":["post-3812","post","type-post","status-publish","format-standard","has-post-thumbnail","hentry","category-noticias","category-noticias-destaque-img"],"jetpack_featured_media_url":"https:\/\/centros.uepb.edu.br\/ccbsa\/files\/2016\/12\/DSC06130.jpg","_links":{"self":[{"href":"https:\/\/centros.uepb.edu.br\/ccbsa\/wp-json\/wp\/v2\/posts\/3812","targetHints":{"allow":["GET"]}}],"collection":[{"href":"https:\/\/centros.uepb.edu.br\/ccbsa\/wp-json\/wp\/v2\/posts"}],"about":[{"href":"https:\/\/centros.uepb.edu.br\/ccbsa\/wp-json\/wp\/v2\/types\/post"}],"author":[{"embeddable":true,"href":"https:\/\/centros.uepb.edu.br\/ccbsa\/wp-json\/wp\/v2\/users\/8"}],"replies":[{"embeddable":true,"href":"https:\/\/centros.uepb.edu.br\/ccbsa\/wp-json\/wp\/v2\/comments?post=3812"}],"version-history":[{"count":0,"href":"https:\/\/centros.uepb.edu.br\/ccbsa\/wp-json\/wp\/v2\/posts\/3812\/revisions"}],"wp:featuredmedia":[{"embeddable":true,"href":"https:\/\/centros.uepb.edu.br\/ccbsa\/wp-json\/wp\/v2\/media\/3814"}],"wp:attachment":[{"href":"https:\/\/centros.uepb.edu.br\/ccbsa\/wp-json\/wp\/v2\/media?parent=3812"}],"wp:term":[{"taxonomy":"category","embeddable":true,"href":"https:\/\/centros.uepb.edu.br\/ccbsa\/wp-json\/wp\/v2\/categories?post=3812"},{"taxonomy":"post_tag","embeddable":true,"href":"https:\/\/centros.uepb.edu.br\/ccbsa\/wp-json\/wp\/v2\/tags?post=3812"}],"curies":[{"name":"wp","href":"https:\/\/api.w.org\/{rel}","templated":true}]}}