{"id":3802,"date":"2016-12-14T12:47:11","date_gmt":"2016-12-14T12:47:11","guid":{"rendered":"https:\/\/centros.uepb.edu.br\/ccbsa\/?p=3802"},"modified":"2016-12-14T12:47:11","modified_gmt":"2016-12-14T12:47:11","slug":"projeto-do-campus-v-conclui-atividades-de-alfabetizacao-voltadas-a-catadores-de-joao-pessoa-e-acoes-de-educacao-ambiental","status":"publish","type":"post","link":"https:\/\/centros.uepb.edu.br\/ccbsa\/projeto-do-campus-v-conclui-atividades-de-alfabetizacao-voltadas-a-catadores-de-joao-pessoa-e-acoes-de-educacao-ambiental\/","title":{"rendered":"Projeto do Campus V conclui atividades de alfabetiza\u00e7\u00e3o voltadas a catadores de Jo\u00e3o Pessoa e a\u00e7\u00f5es de educa\u00e7\u00e3o ambiental"},"content":{"rendered":"<p><a href=\"https:\/\/centros.uepb.edu.br\/ccbsa\/files\/2016\/12\/unnamed-1.jpg\"><img loading=\"lazy\" decoding=\"async\" class=\"aligncenter size-full wp-image-3803 img-responsive\" src=\"https:\/\/centros.uepb.edu.br\/ccbsa\/files\/2016\/12\/unnamed-1.jpg\" alt=\"\" width=\"840\" height=\"454\" srcset=\"https:\/\/centros.uepb.edu.br\/ccbsa\/files\/2016\/12\/unnamed-1.jpg 840w, https:\/\/centros.uepb.edu.br\/ccbsa\/files\/2016\/12\/unnamed-1-300x162.jpg 300w, https:\/\/centros.uepb.edu.br\/ccbsa\/files\/2016\/12\/unnamed-1-768x415.jpg 768w, https:\/\/centros.uepb.edu.br\/ccbsa\/files\/2016\/12\/unnamed-1-370x200.jpg 370w\" sizes=\"auto, (max-width: 840px) 100vw, 840px\" \/><\/a><\/p>\n<p>Dar apoio para a formaliza\u00e7\u00e3o e organiza\u00e7\u00e3o em cooperativas, promover a alfabetiza\u00e7\u00e3o e o letramento e, assim, possibilitar melhores condi\u00e7\u00f5es de vida para catadores de materiais recicl\u00e1veis da Zona da Mata (Jo\u00e3o Pessoa, Bayeux e Santa Rita), esses tem sido alguns dos objetivos alcan\u00e7ados pelo projeto de extens\u00e3o \u201cMobiliza\u00e7\u00e3o, inclus\u00e3o e forma\u00e7\u00e3o de catadores\/as de materiais recicl\u00e1veis da cidade de Jo\u00e3o Pessoa: uma experi\u00eancia necess\u00e1ria\u201d, realizado desde 2013 no Centro de Ci\u00eancias Biol\u00f3gicas e Sociais Aplicadas da Universidade Estadual da Para\u00edba.<\/p>\n<p>O projeto concluiu neste m\u00eas de dezembro o ano de atividades de alfabetiza\u00e7\u00e3o e letramento de adultos, com as tr\u00eas turmas formadas por catadores de recicl\u00e1veis, familiares e pessoas da comunidade, mantidas nos espa\u00e7os utilizados pela cooperativa Acordo Verde, na EMPASA e no Vale das Palmeiras. A iniciativa \u00e9 desenvolvida em parceria com o projeto Sal da terra, que cede o professor, e a UEPB \u00e9 respons\u00e1vel por montar a estrutura f\u00edsica. Em 2017, ser\u00e3o abertas mais duas salas de alfabetiza\u00e7\u00e3o e letramento, uma no Centro de Triagem e Coleta Seletiva da UEPB, em Mandacaru, e a outra no galp\u00e3o do Vale das Palmeiras.<\/p>\n<p>Al\u00e9m dessas a\u00e7\u00f5es de alfabetiza\u00e7\u00e3o, o projeto da UEPB, que \u00e9 financiado pelo Minist\u00e9rio do Trabalho e pela Secretaria de Economia Solid\u00e1ria do Governo Federal, adquiriu um caminh\u00e3o que auxiliar\u00e1 na log\u00edstica da atividade de cooperativas de catadores da Zona da Mata (Jo\u00e3o Pessoa, Bayeux e Santa Rita) atendidas pelo projeto. Tamb\u00e9m foi organizado o Centro de Triagem e Coleta Seletiva da UEPB, localizado em Mandacaru, que conta com um galp\u00e3o destinado a servir de espa\u00e7o de apoio ao p\u00fablico atendido pelo projeto e uma sala de aula, e dever\u00e1 ser inaugurado em breve. O local, que j\u00e1 conta com baias para a separa\u00e7\u00e3o de res\u00edduos e carrinhos destinados ao trabalho, dever\u00e1 ter em breve outros equipamentos como prensa, balan\u00e7a, Equipamentos de Prote\u00e7\u00e3o Individual, geladeira, fog\u00e3o.<\/p>\n<p><a href=\"https:\/\/centros.uepb.edu.br\/ccbsa\/files\/2016\/12\/unnamed-2.jpg\"><img loading=\"lazy\" decoding=\"async\" class=\"aligncenter size-full wp-image-3804 img-responsive\" src=\"https:\/\/centros.uepb.edu.br\/ccbsa\/files\/2016\/12\/unnamed-2.jpg\" alt=\"unnamed-2\" width=\"840\" height=\"454\" srcset=\"https:\/\/centros.uepb.edu.br\/ccbsa\/files\/2016\/12\/unnamed-2.jpg 840w, https:\/\/centros.uepb.edu.br\/ccbsa\/files\/2016\/12\/unnamed-2-300x162.jpg 300w, https:\/\/centros.uepb.edu.br\/ccbsa\/files\/2016\/12\/unnamed-2-768x415.jpg 768w, https:\/\/centros.uepb.edu.br\/ccbsa\/files\/2016\/12\/unnamed-2-370x200.jpg 370w\" sizes=\"auto, (max-width: 840px) 100vw, 840px\" \/><\/a><\/p>\n<p>No Centro de Triagem da UEPB est\u00e3o sendo realizadas, ainda, aulas pr\u00e1ticas do componente curricular \u201cEduca\u00e7\u00e3o Ambiental\u201d, do curso de Ci\u00eancias Biol\u00f3gicas. Na aula realizada na segunda-feira (12), os estudantes puderam conhecer de perto o trabalho realizado pelos catadores vinculados ao projeto da UEPB, e ouviram os relatos das catadoras Egrinalda dos Santos e Maria de Jesus Leite.<\/p>\n<p>\u201cA vida do catador \u00e9 sofrida e apesar de realizarmos um trabalho importante para a sociedade o retorno financeiro \u00e9 pouco. Ent\u00e3o, cada pessoa que faz a coleta seletiva em casa est\u00e1 facilitando o trabalho de m\u00e3es e pais de fam\u00edlia\u201d, relata Maria de Jesus Leite, que h\u00e1 8 anos perdeu um filho num acidente dom\u00e9stico quando havia sa\u00eddo de casa para buscar recursos para comprar algum alimento para fam\u00edlia.<\/p>\n<p>O exemplo de vida apresentado pelas catadoras \u00e9 uma das centenas de viv\u00eancias transformadas com a iniciativa deste projeto de extens\u00e3o, que compatibilizou o cadastro de mais de 700 catadores, 30% destes organizados e 70% avulsos. Tamb\u00e9m foram realizadas oficinas de reciclagem, interc\u00e2mbios com cooperativas da cidade de Jo\u00e3o Pessoa e Santa Rita, organizada a participa\u00e7\u00e3o dos catadores em eventos.<\/p>\n","protected":false},"excerpt":{"rendered":"<p>Dar apoio para a formaliza\u00e7\u00e3o e organiza\u00e7\u00e3o em cooperativas, promover a alfabetiza\u00e7\u00e3o e o letramento e, assim, possibilitar melhores condi\u00e7\u00f5es de vida para catadores de materiais recicl\u00e1veis da Zona da Mata (Jo\u00e3o Pessoa, Bayeux e Santa Rita), esses tem sido alguns dos objetivos alcan\u00e7ados pelo projeto de extens\u00e3o \u201cMobiliza\u00e7\u00e3o, inclus\u00e3o e forma\u00e7\u00e3o de catadores\/as de <a class=\"leiamais\" href=\"https:\/\/centros.uepb.edu.br\/ccbsa\/projeto-do-campus-v-conclui-atividades-de-alfabetizacao-voltadas-a-catadores-de-joao-pessoa-e-acoes-de-educacao-ambiental\/\">Leia Mais&#8230;<\/a><\/p>\n","protected":false},"author":8,"featured_media":3804,"comment_status":"closed","ping_status":"closed","sticky":false,"template":"","format":"standard","meta":{"footnotes":""},"categories":[3,11],"tags":[],"class_list":["post-3802","post","type-post","status-publish","format-standard","has-post-thumbnail","hentry","category-noticias","category-noticias-destaque-img"],"jetpack_featured_media_url":"https:\/\/centros.uepb.edu.br\/ccbsa\/files\/2016\/12\/unnamed-2.jpg","_links":{"self":[{"href":"https:\/\/centros.uepb.edu.br\/ccbsa\/wp-json\/wp\/v2\/posts\/3802","targetHints":{"allow":["GET"]}}],"collection":[{"href":"https:\/\/centros.uepb.edu.br\/ccbsa\/wp-json\/wp\/v2\/posts"}],"about":[{"href":"https:\/\/centros.uepb.edu.br\/ccbsa\/wp-json\/wp\/v2\/types\/post"}],"author":[{"embeddable":true,"href":"https:\/\/centros.uepb.edu.br\/ccbsa\/wp-json\/wp\/v2\/users\/8"}],"replies":[{"embeddable":true,"href":"https:\/\/centros.uepb.edu.br\/ccbsa\/wp-json\/wp\/v2\/comments?post=3802"}],"version-history":[{"count":0,"href":"https:\/\/centros.uepb.edu.br\/ccbsa\/wp-json\/wp\/v2\/posts\/3802\/revisions"}],"wp:featuredmedia":[{"embeddable":true,"href":"https:\/\/centros.uepb.edu.br\/ccbsa\/wp-json\/wp\/v2\/media\/3804"}],"wp:attachment":[{"href":"https:\/\/centros.uepb.edu.br\/ccbsa\/wp-json\/wp\/v2\/media?parent=3802"}],"wp:term":[{"taxonomy":"category","embeddable":true,"href":"https:\/\/centros.uepb.edu.br\/ccbsa\/wp-json\/wp\/v2\/categories?post=3802"},{"taxonomy":"post_tag","embeddable":true,"href":"https:\/\/centros.uepb.edu.br\/ccbsa\/wp-json\/wp\/v2\/tags?post=3802"}],"curies":[{"name":"wp","href":"https:\/\/api.w.org\/{rel}","templated":true}]}}