{"id":3770,"date":"2016-12-07T15:44:50","date_gmt":"2016-12-07T15:44:50","guid":{"rendered":"https:\/\/centros.uepb.edu.br\/ccbsa\/?p=3770"},"modified":"2016-12-07T15:47:47","modified_gmt":"2016-12-07T15:47:47","slug":"3a-semana-academica-marca-a-abertura-do-semestre-letivo-2016-2","status":"publish","type":"post","link":"https:\/\/centros.uepb.edu.br\/ccbsa\/3a-semana-academica-marca-a-abertura-do-semestre-letivo-2016-2\/","title":{"rendered":"3\u00aa Semana Acad\u00eamica marca a abertura do semestre letivo 2016.2 do curso de Arquivologia"},"content":{"rendered":"<p><a href=\"https:\/\/centros.uepb.edu.br\/ccbsa\/files\/2016\/12\/DSC05777.jpg\"><img loading=\"lazy\" decoding=\"async\" class=\"aligncenter size-full wp-image-3771 img-responsive\" src=\"https:\/\/centros.uepb.edu.br\/ccbsa\/files\/2016\/12\/DSC05777.jpg\" alt=\"\" width=\"840\" height=\"454\" srcset=\"https:\/\/centros.uepb.edu.br\/ccbsa\/files\/2016\/12\/DSC05777.jpg 840w, https:\/\/centros.uepb.edu.br\/ccbsa\/files\/2016\/12\/DSC05777-300x162.jpg 300w, https:\/\/centros.uepb.edu.br\/ccbsa\/files\/2016\/12\/DSC05777-768x415.jpg 768w, https:\/\/centros.uepb.edu.br\/ccbsa\/files\/2016\/12\/DSC05777-370x200.jpg 370w\" sizes=\"auto, (max-width: 840px) 100vw, 840px\" \/><\/a><\/p>\n<p>\u201cPreserva\u00e7\u00e3o da mem\u00f3ria e difus\u00e3o cultural nos Arquivos\u201d, esse \u00e9 o tema da 3\u00aa Semana Acad\u00eamica de Arquivologia da Universidade Estadual da Para\u00edba, realizada nesta ter\u00e7a (6) e quarta-feira (7), no Campus V da UEPB marcando a abertura do semestre letivo 2016.2 e a recep\u00e7\u00e3o aos novatos do curso de Arquivologia.<\/p>\n<p>A abertura do evento reuniu os ex-presos pol\u00edticos, Jos\u00e9 Emilson e Jos\u00e9 Calistrato, e a pesquisadora da UEPB, Nereida Martins, para uma discuss\u00e3o sobre \u201cMem\u00f3rias reveladas da ditadura militar\u201d. Durante a mesa redonda, Jos\u00e9 Emilson e Jos\u00e9 Calistrato, relembraram algumas experi\u00eancias ndo per\u00edodo em que ambos faziam parte de movimentos sociais, pol\u00edticos e sindicais contr\u00e1rios \u00e0 ditadura militar.<\/p>\n<p>\u201cFomos presos, passamos dias sendo torturados de v\u00e1rias formas, de pau de arara, choque el\u00e9trico, e s\u00f3 sa\u00edmos da cadeia depois de uma greve de fome que durou trinta dias. Mas n\u00e3o abaixamos a cabe\u00e7a (\u2026) O brasileiro \u00e9 um povo que n\u00e3o l\u00ea, por isso nossa hist\u00f3ria \u00e9 t\u00e3o deturpada e jogada para debaixo do tapete e momentos como esse s\u00e3o importantes para que a sociedade n\u00e3o esque\u00e7a das injusti\u00e7as que foram cometidas\u201d, destacou Jos\u00e9 Emilson.<\/p>\n<p>Para a professora Nereira Martins falar de mem\u00f3ria \u00e9 tamb\u00e9m falar sobre esquecimento, considerando que \u201cmuitas democracias modernas utilizam o discurso do esquecimento como forma de supostamente possibilitar a paz e o bem-estar social\u201d. Por\u00e9m, a docente destaca que \u00e9 preciso ter mem\u00f3ria de tudo que ocorreu relacionado \u00e0 quest\u00e3o da ditadura militar como forma de respeito \u00e0 justi\u00e7a e direito da sociedade \u00e0 ter acesso \u00e0 verdade sobre esse fato.<\/p>\n<p><a href=\"https:\/\/centros.uepb.edu.br\/ccbsa\/files\/2016\/12\/DSC05850.jpg\"><img loading=\"lazy\" decoding=\"async\" class=\"aligncenter size-full wp-image-3772 img-responsive\" src=\"https:\/\/centros.uepb.edu.br\/ccbsa\/files\/2016\/12\/DSC05850.jpg\" alt=\"\" width=\"840\" height=\"454\" srcset=\"https:\/\/centros.uepb.edu.br\/ccbsa\/files\/2016\/12\/DSC05850.jpg 840w, https:\/\/centros.uepb.edu.br\/ccbsa\/files\/2016\/12\/DSC05850-300x162.jpg 300w, https:\/\/centros.uepb.edu.br\/ccbsa\/files\/2016\/12\/DSC05850-768x415.jpg 768w, https:\/\/centros.uepb.edu.br\/ccbsa\/files\/2016\/12\/DSC05850-370x200.jpg 370w\" sizes=\"auto, (max-width: 840px) 100vw, 840px\" \/><\/a><\/p>\n<p>\u00c0 noite foi realizada a mesa \u201cOs desafios profissionais do arquivista\u201d, com os arquivistas Josivan Soares, Marli Fidelis, e o professor da UEPB S\u00e2nderson Dorneles, tendo a professora Anna Carla Queiroz como mediadora. Na oportunidade, a arquivista Marli Fidelis abordou a import\u00e2ncia da educa\u00e7\u00e3o continuada e o do arcabou\u00e7o te\u00f3rico e metodol\u00f3gico mesmo ap\u00f3s a conclus\u00e3o dos cursos de gradua\u00e7\u00e3o. A arquivista que \u00e9 egressa do curso de Arquivologia da UEPB, abordou, ainda, a experi\u00eancia de ter ingressado na carreira p\u00fablica antes mesmo de concluir o curso de gradua\u00e7\u00e3o, em 2011, e os principais desafios enfrentados.<\/p>\n<p>Para o arquivista Josivan Soares, que atua na iniciativa privada, \u00e9 importante que os estudantes de arquivologia possam enxergar possibilidades de carreira profissional n\u00e3o s\u00f3 no setor p\u00fablico, mas, em empresas privadas, no terceiro setor e no mercado de consultoria. O professor S\u00e2nderson Dorneles tamb\u00e9m enfatizou a necessidade de que estudantes desenvolvam o potencial empreendedor para alcan\u00e7ar outros nichos de mercado dispon\u00edveis para o arquivista.<\/p>\n<p>A aula magna \u201cPanorama da Arquivologia no Brasil\u201d, foi realizada na manh\u00e3 desta quarta-feira (7) com o arquivista Ramon Ferreira, que apresentou a relev\u00e2ncia do engajamento pol\u00edtico e da milit\u00e2ncia de estudantes de arquivologia desde cedo nas inst\u00e2ncias deliberativas e administrativas da \u00e1rea.<\/p>\n<p><a href=\"https:\/\/centros.uepb.edu.br\/ccbsa\/files\/2016\/12\/DSC05867.jpg\"><img loading=\"lazy\" decoding=\"async\" class=\"aligncenter size-full wp-image-3774 img-responsive\" src=\"https:\/\/centros.uepb.edu.br\/ccbsa\/files\/2016\/12\/DSC05867.jpg\" alt=\"\" width=\"840\" height=\"454\" srcset=\"https:\/\/centros.uepb.edu.br\/ccbsa\/files\/2016\/12\/DSC05867.jpg 840w, https:\/\/centros.uepb.edu.br\/ccbsa\/files\/2016\/12\/DSC05867-300x162.jpg 300w, https:\/\/centros.uepb.edu.br\/ccbsa\/files\/2016\/12\/DSC05867-768x415.jpg 768w, https:\/\/centros.uepb.edu.br\/ccbsa\/files\/2016\/12\/DSC05867-370x200.jpg 370w\" sizes=\"auto, (max-width: 840px) 100vw, 840px\" \/><\/a><\/p>\n<p>\u201cEu poderia falar sobre as possibilidades de atua\u00e7\u00e3o do arquivista no mercado de trabalho na atualidade que s\u00e3o extremamente favor\u00e1veis, mas, no momento pol\u00edtico que vivemos na atualidade n\u00e3o podemos nos furtar dessa discuss\u00e3o sobre o envolvimento pol\u00edtico que \u00e9 importante e necess\u00e1rio. Hoje, est\u00e1 sendo votado o Projeto de Lei 146, que, entre outras quest\u00f5es, disp\u00f5e sobre a destrui\u00e7\u00e3o de documentos em \u00f3rg\u00e3os p\u00fablicos, um tema importante que certamente poucos que aqui est\u00e3o t\u00eam conhecimento. Ent\u00e3o \u00e9 preciso que ocupemos esses espa\u00e7os e tenhamos consci\u00eancia do papel de cada um junto a essas entidades a exemplo do nosso Conselho Nacional de Arquivos, Executiva Nacional dos Estudantes de Arquivologia, entre outros\u201d, avaliou o arquivista.<\/p>\n<p>A mesa de discuss\u00e3o do evento contou com a presen\u00e7a da coordenadora do curso de Arquivologia, professora Esmeralda Porf\u00edrio Sales; do coordenador de est\u00e1gios do curso de Arquivologia, S\u00e2nderson Dorneles; da presidente da Associa\u00e7\u00e3o dos Arquivistas da Para\u00edba, R\u00e9gia F\u00e9lix; do representante da empresa J\u00fanior de Arquivologia e do Centro Acad\u00eamico Briggida Louren\u00e7o, Junio Felipe e da representante da Executiva Nacional dos Estudantes de Arquivologia, Yara Andrade.<\/p>\n<p>O encerramento do evento contou com com a palestra \u201cDiscutindo a cria\u00e7\u00e3o do Arquivo P\u00fablico do Estado da Para\u00edba\u201d, tendo como ministrantes a coordenadora de documenta\u00e7\u00e3o e arquivo da Funda\u00e7\u00e3o Casa de Jos\u00e9 Am\u00e9rico, Irene Fernandes, e os docentes da UEPB, Josemar Henrique de Melo e Esmeralda Porf\u00edrio de Sales.<\/p>\n","protected":false},"excerpt":{"rendered":"<p>\u201cPreserva\u00e7\u00e3o da mem\u00f3ria e difus\u00e3o cultural nos Arquivos\u201d, esse \u00e9 o tema da 3\u00aa Semana Acad\u00eamica de Arquivologia da Universidade Estadual da Para\u00edba, realizada nesta ter\u00e7a (6) e quarta-feira (7), no Campus V da UEPB marcando a abertura do semestre letivo 2016.2 e a recep\u00e7\u00e3o aos novatos do curso de Arquivologia. A abertura do evento <a class=\"leiamais\" href=\"https:\/\/centros.uepb.edu.br\/ccbsa\/3a-semana-academica-marca-a-abertura-do-semestre-letivo-2016-2\/\">Leia Mais&#8230;<\/a><\/p>\n","protected":false},"author":8,"featured_media":3771,"comment_status":"closed","ping_status":"closed","sticky":false,"template":"","format":"standard","meta":{"footnotes":""},"categories":[3,11],"tags":[],"class_list":["post-3770","post","type-post","status-publish","format-standard","has-post-thumbnail","hentry","category-noticias","category-noticias-destaque-img"],"jetpack_featured_media_url":"https:\/\/centros.uepb.edu.br\/ccbsa\/files\/2016\/12\/DSC05777.jpg","_links":{"self":[{"href":"https:\/\/centros.uepb.edu.br\/ccbsa\/wp-json\/wp\/v2\/posts\/3770","targetHints":{"allow":["GET"]}}],"collection":[{"href":"https:\/\/centros.uepb.edu.br\/ccbsa\/wp-json\/wp\/v2\/posts"}],"about":[{"href":"https:\/\/centros.uepb.edu.br\/ccbsa\/wp-json\/wp\/v2\/types\/post"}],"author":[{"embeddable":true,"href":"https:\/\/centros.uepb.edu.br\/ccbsa\/wp-json\/wp\/v2\/users\/8"}],"replies":[{"embeddable":true,"href":"https:\/\/centros.uepb.edu.br\/ccbsa\/wp-json\/wp\/v2\/comments?post=3770"}],"version-history":[{"count":0,"href":"https:\/\/centros.uepb.edu.br\/ccbsa\/wp-json\/wp\/v2\/posts\/3770\/revisions"}],"wp:featuredmedia":[{"embeddable":true,"href":"https:\/\/centros.uepb.edu.br\/ccbsa\/wp-json\/wp\/v2\/media\/3771"}],"wp:attachment":[{"href":"https:\/\/centros.uepb.edu.br\/ccbsa\/wp-json\/wp\/v2\/media?parent=3770"}],"wp:term":[{"taxonomy":"category","embeddable":true,"href":"https:\/\/centros.uepb.edu.br\/ccbsa\/wp-json\/wp\/v2\/categories?post=3770"},{"taxonomy":"post_tag","embeddable":true,"href":"https:\/\/centros.uepb.edu.br\/ccbsa\/wp-json\/wp\/v2\/tags?post=3770"}],"curies":[{"name":"wp","href":"https:\/\/api.w.org\/{rel}","templated":true}]}}