{"id":3746,"date":"2016-12-02T14:52:39","date_gmt":"2016-12-02T14:52:39","guid":{"rendered":"https:\/\/centros.uepb.edu.br\/ccbsa\/?p=3746"},"modified":"2016-12-02T14:52:39","modified_gmt":"2016-12-02T14:52:39","slug":"coordenacao-e-centro-academico-de-ciencias-biologicas-realizam-aula-inaugural-para-feras-do-periodo-letivo-2016-2","status":"publish","type":"post","link":"https:\/\/centros.uepb.edu.br\/ccbsa\/coordenacao-e-centro-academico-de-ciencias-biologicas-realizam-aula-inaugural-para-feras-do-periodo-letivo-2016-2\/","title":{"rendered":"Coordena\u00e7\u00e3o e Centro Acad\u00eamico de Ci\u00eancias Biol\u00f3gicas realizam aula inaugural para feras do per\u00edodo letivo 2016.2"},"content":{"rendered":"<p>&nbsp;<\/p>\n<p><a href=\"https:\/\/centros.uepb.edu.br\/ccbsa\/files\/2016\/12\/DSC05767.jpg\"><img loading=\"lazy\" decoding=\"async\" class=\"aligncenter size-full wp-image-3748 img-responsive\" src=\"https:\/\/centros.uepb.edu.br\/ccbsa\/files\/2016\/12\/DSC05767.jpg\" alt=\"\" width=\"840\" height=\"454\" srcset=\"https:\/\/centros.uepb.edu.br\/ccbsa\/files\/2016\/12\/DSC05767.jpg 840w, https:\/\/centros.uepb.edu.br\/ccbsa\/files\/2016\/12\/DSC05767-300x162.jpg 300w, https:\/\/centros.uepb.edu.br\/ccbsa\/files\/2016\/12\/DSC05767-768x415.jpg 768w, https:\/\/centros.uepb.edu.br\/ccbsa\/files\/2016\/12\/DSC05767-370x200.jpg 370w\" sizes=\"auto, (max-width: 840px) 100vw, 840px\" \/><\/a><\/p>\n<p>A coordena\u00e7\u00e3o do curso de Ci\u00eancias Biol\u00f3gicas do Campus V da Universidade Estadual da Para\u00edba e o Centro Acad\u00eamico Bioss\u00edntese, realizaram, na manh\u00e3 desta sexta-feira (2), a aula inaugural do per\u00edodo letivo 2016.2. O evento contou com a participa\u00e7\u00e3o de estudantes novatos e veteranos e docentes do curso.<\/p>\n<p>Na oportunidade, o coordenador do curso de Ci\u00eancias Biol\u00f3gicas, professor Cleber Salimon, e o coordenador adjunto, Vancarder Brito, apresentaram o curso, as mudan\u00e7as do Projeto Pedag\u00f3gico do Curso (PPC) e os presentes puderam esclarecer algumas d\u00favidas sobre a referida gradua\u00e7\u00e3o. De acordo com o professor Cleber Salimon a principal mudan\u00e7a no PPC do curso de Ci\u00eancias Biol\u00f3gicas do Campus V da UEPB \u201cest\u00e1 relacionada \u00e0 inclus\u00e3o de mais pr\u00e1tica e assuntos abrangentes, para que o aluno logo de cara perceba o campo de atua\u00e7\u00e3o e as rotinas de um bi\u00f3logo. Al\u00e9m disto, houve uma pequena diminui\u00e7\u00e3o na carga hor\u00e1ria de disciplinas obrigat\u00f3rias de Ecologia, tornando-as como eletivas. Tamb\u00e9m foi feita uma lista de equival\u00eancias entre os componentes curriculares novos e as \u2018antigos\u2019 para que haja aproveitamento das disciplinas j\u00e1 feitas, caso os alunos veteranos desejem migrar para o novo PPC\u201d, explicou.<\/p>\n<p><a href=\"https:\/\/centros.uepb.edu.br\/ccbsa\/files\/2016\/12\/DSC05748.jpg\"><img loading=\"lazy\" decoding=\"async\" class=\"aligncenter size-full wp-image-3747 img-responsive\" src=\"https:\/\/centros.uepb.edu.br\/ccbsa\/files\/2016\/12\/DSC05748.jpg\" alt=\"\" width=\"840\" height=\"454\" srcset=\"https:\/\/centros.uepb.edu.br\/ccbsa\/files\/2016\/12\/DSC05748.jpg 840w, https:\/\/centros.uepb.edu.br\/ccbsa\/files\/2016\/12\/DSC05748-300x162.jpg 300w, https:\/\/centros.uepb.edu.br\/ccbsa\/files\/2016\/12\/DSC05748-768x415.jpg 768w, https:\/\/centros.uepb.edu.br\/ccbsa\/files\/2016\/12\/DSC05748-370x200.jpg 370w\" sizes=\"auto, (max-width: 840px) 100vw, 840px\" \/><\/a><\/p>\n<p>O evento contou tamb\u00e9m com uma palestra ministrada pelo diretor da Associa\u00e7\u00e3o de Catadores de Mangabeira (ASCAMANG), Francisco Rosa da Silva, que apresentou a rotina de um catador de materiais recicl\u00e1veis, as rotinas de seguran\u00e7a, a import\u00e2ncia do trabalho desempenhado por este p\u00fablico, os preconceitos com essa atividade e encorajou os estudantes a utilizarem o conhecimento adquirido na academia para contribuir com trabalhos voltados \u00e0 coleta seletiva e melhoria de vida dos catadores.<\/p>\n<p>Em seguida a coordenadora do projeto de extens\u00e3o \u201cMobiliza\u00e7\u00e3o, inclus\u00e3o e forma\u00e7\u00e3o de catadores\/as de materiais recicl\u00e1veis da cidade de Jo\u00e3o Pessoa: uma experi\u00eancia necess\u00e1ria\u201d, professora Maria de F\u00e1tima Ara\u00fajo, apresentou o projeto, que \u00e9 financiado pelo Minist\u00e9rio do Trabalho e pela Secretaria de Economia Solid\u00e1ria do Governo Federal , destacando a import\u00e2ncia do trabalho j\u00e1 realizado.<\/p>\n<p>\u201cJ\u00e1 contabilizamos a identifica\u00e7\u00e3o e cadastro de mais de 700 catadores, 30% destes organizados e 70% avulsos. Tamb\u00e9m realizamos oficinas de reciclagem, interc\u00e2mbios com cooperativas da cidade de Jo\u00e3o Pessoa e Santa Rita, organizamos a participa\u00e7\u00e3o dos catadores em eventos, montamos a estrutura e articulamos junto a parceiros aulas de alfabetiza\u00e7\u00e3o e letramento, adquirimos um caminh\u00e3o e alugamos um galp\u00e3o para oferecer melhores condi\u00e7\u00f5es de trabalho e de vida para a popula\u00e7\u00e3o atendida pelo nosso projeto\u201d, avalia a professora F\u00e1tima Ara\u00fajo.<\/p>\n","protected":false},"excerpt":{"rendered":"<p>&nbsp; A coordena\u00e7\u00e3o do curso de Ci\u00eancias Biol\u00f3gicas do Campus V da Universidade Estadual da Para\u00edba e o Centro Acad\u00eamico Bioss\u00edntese, realizaram, na manh\u00e3 desta sexta-feira (2), a aula inaugural do per\u00edodo letivo 2016.2. O evento contou com a participa\u00e7\u00e3o de estudantes novatos e veteranos e docentes do curso. Na oportunidade, o coordenador do curso <a class=\"leiamais\" href=\"https:\/\/centros.uepb.edu.br\/ccbsa\/coordenacao-e-centro-academico-de-ciencias-biologicas-realizam-aula-inaugural-para-feras-do-periodo-letivo-2016-2\/\">Leia Mais&#8230;<\/a><\/p>\n","protected":false},"author":8,"featured_media":3747,"comment_status":"closed","ping_status":"closed","sticky":false,"template":"","format":"standard","meta":{"footnotes":""},"categories":[3,11],"tags":[],"class_list":["post-3746","post","type-post","status-publish","format-standard","has-post-thumbnail","hentry","category-noticias","category-noticias-destaque-img"],"jetpack_featured_media_url":"https:\/\/centros.uepb.edu.br\/ccbsa\/files\/2016\/12\/DSC05748.jpg","_links":{"self":[{"href":"https:\/\/centros.uepb.edu.br\/ccbsa\/wp-json\/wp\/v2\/posts\/3746","targetHints":{"allow":["GET"]}}],"collection":[{"href":"https:\/\/centros.uepb.edu.br\/ccbsa\/wp-json\/wp\/v2\/posts"}],"about":[{"href":"https:\/\/centros.uepb.edu.br\/ccbsa\/wp-json\/wp\/v2\/types\/post"}],"author":[{"embeddable":true,"href":"https:\/\/centros.uepb.edu.br\/ccbsa\/wp-json\/wp\/v2\/users\/8"}],"replies":[{"embeddable":true,"href":"https:\/\/centros.uepb.edu.br\/ccbsa\/wp-json\/wp\/v2\/comments?post=3746"}],"version-history":[{"count":0,"href":"https:\/\/centros.uepb.edu.br\/ccbsa\/wp-json\/wp\/v2\/posts\/3746\/revisions"}],"wp:featuredmedia":[{"embeddable":true,"href":"https:\/\/centros.uepb.edu.br\/ccbsa\/wp-json\/wp\/v2\/media\/3747"}],"wp:attachment":[{"href":"https:\/\/centros.uepb.edu.br\/ccbsa\/wp-json\/wp\/v2\/media?parent=3746"}],"wp:term":[{"taxonomy":"category","embeddable":true,"href":"https:\/\/centros.uepb.edu.br\/ccbsa\/wp-json\/wp\/v2\/categories?post=3746"},{"taxonomy":"post_tag","embeddable":true,"href":"https:\/\/centros.uepb.edu.br\/ccbsa\/wp-json\/wp\/v2\/tags?post=3746"}],"curies":[{"name":"wp","href":"https:\/\/api.w.org\/{rel}","templated":true}]}}