{"id":3734,"date":"2016-12-01T14:35:19","date_gmt":"2016-12-01T14:35:19","guid":{"rendered":"https:\/\/centros.uepb.edu.br\/ccbsa\/?p=3734"},"modified":"2016-12-01T14:35:19","modified_gmt":"2016-12-01T14:35:19","slug":"estudantes-e-docentes-do-campus-v-realizam-evento-em-alusao-aos-50-anos-da-alianca-biblica-universitaria","status":"publish","type":"post","link":"https:\/\/centros.uepb.edu.br\/ccbsa\/estudantes-e-docentes-do-campus-v-realizam-evento-em-alusao-aos-50-anos-da-alianca-biblica-universitaria\/","title":{"rendered":"Estudantes e docentes do Campus V realizam evento em alus\u00e3o aos 50 anos da Alian\u00e7a B\u00edblica Universit\u00e1ria"},"content":{"rendered":"<p><a href=\"https:\/\/centros.uepb.edu.br\/ccbsa\/files\/2016\/12\/DSC05734.jpg\"><img loading=\"lazy\" decoding=\"async\" class=\"aligncenter size-full wp-image-3736 img-responsive\" src=\"https:\/\/centros.uepb.edu.br\/ccbsa\/files\/2016\/12\/DSC05734.jpg\" alt=\"\" width=\"840\" height=\"454\" srcset=\"https:\/\/centros.uepb.edu.br\/ccbsa\/files\/2016\/12\/DSC05734.jpg 840w, https:\/\/centros.uepb.edu.br\/ccbsa\/files\/2016\/12\/DSC05734-300x162.jpg 300w, https:\/\/centros.uepb.edu.br\/ccbsa\/files\/2016\/12\/DSC05734-768x415.jpg 768w, https:\/\/centros.uepb.edu.br\/ccbsa\/files\/2016\/12\/DSC05734-370x200.jpg 370w\" sizes=\"auto, (max-width: 840px) 100vw, 840px\" \/><\/a><\/p>\n<p>Ap\u00f3s quatro anos de atividades no Campus V da Universidade Estadual da Para\u00edba, um grupo de estudantes e docentes do Centro de Ci\u00eancias Biol\u00f3gicas e Sociais Aplicadas, realizou\u00a0nesta quarta-feira (30) \u00e0s 12h no audit\u00f3rio Pioneiros, um evento em alus\u00e3o aos 50 anos da Alian\u00e7a B\u00edblica Universit\u00e1ria do Brasil (ABUB), organiza\u00e7\u00e3o mission\u00e1rios com o objetivo de compartilhar o evangelho entre estudantes universit\u00e1rios.<\/p>\n<p>&nbsp;<\/p>\n<p>Participaram do evento estudantes e egressos dos tr\u00eas cursos de gradua\u00e7\u00e3o da UEPB. Al\u00e9m de uma palestra de divulga\u00e7\u00e3o\u00a0da ABUB, foi realizado um momento de reflex\u00e3o com o professor de Teologia, Andr\u00e9 Luis, seguido de uma apresenta\u00e7\u00e3o musical. No momento o Campus V conta com 15 pessoas, dos tr\u00eas cursos de gradua\u00e7\u00e3o, que participam dos encontros semanais da ABUB.<\/p>\n","protected":false},"excerpt":{"rendered":"<p>Ap\u00f3s quatro anos de atividades no Campus V da Universidade Estadual da Para\u00edba, um grupo de estudantes e docentes do Centro de Ci\u00eancias Biol\u00f3gicas e Sociais Aplicadas, realizou\u00a0nesta quarta-feira (30) \u00e0s 12h no audit\u00f3rio Pioneiros, um evento em alus\u00e3o aos 50 anos da Alian\u00e7a B\u00edblica Universit\u00e1ria do Brasil (ABUB), organiza\u00e7\u00e3o mission\u00e1rios com o objetivo de <a class=\"leiamais\" href=\"https:\/\/centros.uepb.edu.br\/ccbsa\/estudantes-e-docentes-do-campus-v-realizam-evento-em-alusao-aos-50-anos-da-alianca-biblica-universitaria\/\">Leia Mais&#8230;<\/a><\/p>\n","protected":false},"author":8,"featured_media":3736,"comment_status":"closed","ping_status":"closed","sticky":false,"template":"","format":"standard","meta":{"footnotes":""},"categories":[3,11],"tags":[],"class_list":["post-3734","post","type-post","status-publish","format-standard","has-post-thumbnail","hentry","category-noticias","category-noticias-destaque-img"],"jetpack_featured_media_url":"https:\/\/centros.uepb.edu.br\/ccbsa\/files\/2016\/12\/DSC05734.jpg","_links":{"self":[{"href":"https:\/\/centros.uepb.edu.br\/ccbsa\/wp-json\/wp\/v2\/posts\/3734","targetHints":{"allow":["GET"]}}],"collection":[{"href":"https:\/\/centros.uepb.edu.br\/ccbsa\/wp-json\/wp\/v2\/posts"}],"about":[{"href":"https:\/\/centros.uepb.edu.br\/ccbsa\/wp-json\/wp\/v2\/types\/post"}],"author":[{"embeddable":true,"href":"https:\/\/centros.uepb.edu.br\/ccbsa\/wp-json\/wp\/v2\/users\/8"}],"replies":[{"embeddable":true,"href":"https:\/\/centros.uepb.edu.br\/ccbsa\/wp-json\/wp\/v2\/comments?post=3734"}],"version-history":[{"count":0,"href":"https:\/\/centros.uepb.edu.br\/ccbsa\/wp-json\/wp\/v2\/posts\/3734\/revisions"}],"wp:featuredmedia":[{"embeddable":true,"href":"https:\/\/centros.uepb.edu.br\/ccbsa\/wp-json\/wp\/v2\/media\/3736"}],"wp:attachment":[{"href":"https:\/\/centros.uepb.edu.br\/ccbsa\/wp-json\/wp\/v2\/media?parent=3734"}],"wp:term":[{"taxonomy":"category","embeddable":true,"href":"https:\/\/centros.uepb.edu.br\/ccbsa\/wp-json\/wp\/v2\/categories?post=3734"},{"taxonomy":"post_tag","embeddable":true,"href":"https:\/\/centros.uepb.edu.br\/ccbsa\/wp-json\/wp\/v2\/tags?post=3734"}],"curies":[{"name":"wp","href":"https:\/\/api.w.org\/{rel}","templated":true}]}}