{"id":3730,"date":"2016-11-30T12:20:18","date_gmt":"2016-11-30T12:20:18","guid":{"rendered":"https:\/\/centros.uepb.edu.br\/ccbsa\/?p=3730"},"modified":"2016-11-30T12:20:18","modified_gmt":"2016-11-30T12:20:18","slug":"cursos-de-graduacao-e-pos-graduacao-em-relacoes-internacionais-da-uepb-realizam-seminarios-de-abertura-do-semestre-2016-2","status":"publish","type":"post","link":"https:\/\/centros.uepb.edu.br\/ccbsa\/cursos-de-graduacao-e-pos-graduacao-em-relacoes-internacionais-da-uepb-realizam-seminarios-de-abertura-do-semestre-2016-2\/","title":{"rendered":"Cursos de gradua\u00e7\u00e3o e p\u00f3s-gradua\u00e7\u00e3o em Rela\u00e7\u00f5es Internacionais da UEPB realizam semin\u00e1rios de abertura do semestre 2016.2"},"content":{"rendered":"<p><a href=\"https:\/\/centros.uepb.edu.br\/ccbsa\/files\/2016\/11\/DSC05715.jpg\"><img loading=\"lazy\" decoding=\"async\" class=\"aligncenter size-full wp-image-3731 img-responsive\" src=\"https:\/\/centros.uepb.edu.br\/ccbsa\/files\/2016\/11\/DSC05715.jpg\" alt=\"\" width=\"840\" height=\"454\" srcset=\"https:\/\/centros.uepb.edu.br\/ccbsa\/files\/2016\/11\/DSC05715.jpg 840w, https:\/\/centros.uepb.edu.br\/ccbsa\/files\/2016\/11\/DSC05715-300x162.jpg 300w, https:\/\/centros.uepb.edu.br\/ccbsa\/files\/2016\/11\/DSC05715-768x415.jpg 768w, https:\/\/centros.uepb.edu.br\/ccbsa\/files\/2016\/11\/DSC05715-370x200.jpg 370w\" sizes=\"auto, (max-width: 840px) 100vw, 840px\" \/><\/a><\/p>\n<p>Com o objetivo de apresentar aos estudantes novatos temas de relev\u00e2ncia na \u00e1rea de Rela\u00e7\u00f5es Internacionais, e possibilitar aos veteranos discuss\u00f5es com a presen\u00e7a de pesquisadores de centros de refer\u00eancia na \u00e1rea, os cursos de gradua\u00e7\u00e3o e p\u00f3s-gradua\u00e7\u00e3o em Rela\u00e7\u00f5es Internacionais da Universidade Estadual da Para\u00edba (UEPB), realizaram, na segunda e ter\u00e7a-feira (29), no Campus V da UEPB, o \u201cSemin\u00e1rio de Economia Pol\u00edtica Internacional\u201d e o \u201cSemin\u00e1rio Nacional: O Brasil e o Conselho de Seguran\u00e7a da ONU\u201d, como abertura do semestre 2016.2.<\/p>\n<p>A aula magna \u201cO Conselho de Seguran\u00e7a ap\u00f3s 2011: impasses e perspectivas\u201d, foi ministrada na segunda-feira (28) \u00e0 noite pelo professor da Pontif\u00edcia Universidade Cat\u00f3lica de Minas Gerais e presidente da Associa\u00e7\u00e3o Brasileira de Rela\u00e7\u00f5es Internacionais, Eug\u00eanio Diniz. Na oportunidade, o docente destacou a import\u00e2ncia da UEPB como polo de reflex\u00e3o das Rela\u00e7\u00f5es Internacionais no Nordeste e ressaltou a necessidade de desenvolvimento de eventos e pesquisas voltados ao estudo das organiza\u00e7\u00f5es internacionais.<\/p>\n<p>\u201cNo Brasil h\u00e1 poucos estudos sobre o Conselho de Seguran\u00e7a das Na\u00e7\u00f5es Unidas e \u00e9 interessante que se fale sobre organiza\u00e7\u00f5es internacionais em nosso curso. O mundo acad\u00eamico est\u00e1 sem olhar a situa\u00e7\u00e3o delicada que o Conselho de Seguran\u00e7a e as Na\u00e7\u00f5es unidas vivem atualmente. Enfim, as Na\u00e7\u00f5es Unidas devem ser mais estudadas do ponto de vista dos processos pol\u00edticos\u201d, avaliou Eug\u00eanio Diniz.<\/p>\n<p>O primeiro dia de evento tamb\u00e9m contou com a palestra \u201cA Pol\u00edtica Externa Brasileira no Conselho de Seguran\u00e7a da ONU no per\u00edodo p\u00f3s Guerra Fria\u201d, ministrada pelo professor do Mestrado em Rela\u00e7\u00f5es Internacionais Carlos Enrique Ruiz Ferreira.<\/p>\n<p>Nesta ter\u00e7a-feira (29) foi realizado o Semin\u00e1rio de Economia Pol\u00edtica Internacional, com a participa\u00e7\u00e3o do professor da PUC-Minas, Leonardo C\u00e9sar Ramos, que apresentou a discuss\u00e3o \u201cEstado da arte da Economia Pol\u00edtica Internacional (EPI) no Brasil\u201d, e dos professores da Universidade Federal de Pernambuco, Marcos Costa Lima, da UFPB, Thiago Lima, sob a coordena\u00e7\u00e3o do professor do PPGRI-UEPB, Alexandre C\u00e9sar Cunha Leite. Na oportunidade, foi exposto o livro da Cole\u00e7\u00e3o Pensamento Cr\u00edtico, intitulado &#8220;Perspectivas Asi\u00e1ticas&#8221;, obra organizada pelo professor Marcos Costa Lima.<\/p>\n<p><a href=\"https:\/\/centros.uepb.edu.br\/ccbsa\/files\/2016\/11\/DSC05712.jpg\"><img loading=\"lazy\" decoding=\"async\" class=\"aligncenter size-full wp-image-3732 img-responsive\" src=\"https:\/\/centros.uepb.edu.br\/ccbsa\/files\/2016\/11\/DSC05712.jpg\" alt=\"\" width=\"840\" height=\"454\" srcset=\"https:\/\/centros.uepb.edu.br\/ccbsa\/files\/2016\/11\/DSC05712.jpg 840w, https:\/\/centros.uepb.edu.br\/ccbsa\/files\/2016\/11\/DSC05712-300x162.jpg 300w, https:\/\/centros.uepb.edu.br\/ccbsa\/files\/2016\/11\/DSC05712-768x415.jpg 768w, https:\/\/centros.uepb.edu.br\/ccbsa\/files\/2016\/11\/DSC05712-370x200.jpg 370w\" sizes=\"auto, (max-width: 840px) 100vw, 840px\" \/><\/a><\/p>\n<p>A programa\u00e7\u00e3o do semin\u00e1rio contou, ainda, com a mesa redonda \u201cPol\u00edtica Externa Brasileira e a ONU\u201d, com uma discuss\u00e3o sobre \u201cDilemas contempor\u00e2neos: a responsabilidade ao proteger: uma inova\u00e7\u00e3o brasileira?\u201d, tendo como palestrante a professora da Faculdade Est\u00e1cio Mar\u00edlia Cordeiro Serra; \u201cO Brasil no Conselho de Seguran\u00e7a da ONU: Haiti e Timor Leste\u201d, ministrada pelo docente da UEPB, Wemblley Lucena de Ara\u00fajo, e \u201cA quest\u00e3o portuguesa e a pol\u00edtica externa brasileira na ONU\u201d, tendo como ministrante o convidado do Minist\u00e9rio P\u00fablico da Para\u00edba, Alex Douglas Meaux. A iniciativa foi coordenada pela professora do PPGRI-UEPB, Raquel Bezerra Leal de Melo.<\/p>\n<p>O encerramento do evento contou com a palestra \u201cAs grandes pot\u00eancias e o \u2018resto\u2019 na pol\u00edtica internacional: de Bandung ao TPP\u201d, tendo como ministrante o professor do PPGRI-UEPB, professor Henrique Altemani, com a coordena\u00e7\u00e3o do estudante do Centro Acad\u00eamico de Rela\u00e7\u00f5es Internacionais da UEPB Pedro Benevides.<\/p>\n<p>De acordo com o professor Alexandre Cunha Leite, a perspectiva \u00e9 que o Programa de P\u00f3s-Gradua\u00e7\u00e3o em Rela\u00e7\u00f5es Internacionais (PPGRI) da UEPB promova regularmente semin\u00e1rios com discuss\u00f5es de temas espec\u00edficos da \u00e1rea de Rela\u00e7\u00f5es Internacionais. Tais eventos s\u00e3o voltados aos estudantes de gradua\u00e7\u00e3o e p\u00f3s-gradua\u00e7\u00e3o em Rela\u00e7\u00f5es Internacionais e \u00e1reas afins.<\/p>\n","protected":false},"excerpt":{"rendered":"<p>Com o objetivo de apresentar aos estudantes novatos temas de relev\u00e2ncia na \u00e1rea de Rela\u00e7\u00f5es Internacionais, e possibilitar aos veteranos discuss\u00f5es com a presen\u00e7a de pesquisadores de centros de refer\u00eancia na \u00e1rea, os cursos de gradua\u00e7\u00e3o e p\u00f3s-gradua\u00e7\u00e3o em Rela\u00e7\u00f5es Internacionais da Universidade Estadual da Para\u00edba (UEPB), realizaram, na segunda e ter\u00e7a-feira (29), no Campus <a class=\"leiamais\" href=\"https:\/\/centros.uepb.edu.br\/ccbsa\/cursos-de-graduacao-e-pos-graduacao-em-relacoes-internacionais-da-uepb-realizam-seminarios-de-abertura-do-semestre-2016-2\/\">Leia Mais&#8230;<\/a><\/p>\n","protected":false},"author":8,"featured_media":3731,"comment_status":"closed","ping_status":"closed","sticky":false,"template":"","format":"standard","meta":{"footnotes":""},"categories":[3,11],"tags":[],"class_list":["post-3730","post","type-post","status-publish","format-standard","has-post-thumbnail","hentry","category-noticias","category-noticias-destaque-img"],"jetpack_featured_media_url":"https:\/\/centros.uepb.edu.br\/ccbsa\/files\/2016\/11\/DSC05715.jpg","_links":{"self":[{"href":"https:\/\/centros.uepb.edu.br\/ccbsa\/wp-json\/wp\/v2\/posts\/3730","targetHints":{"allow":["GET"]}}],"collection":[{"href":"https:\/\/centros.uepb.edu.br\/ccbsa\/wp-json\/wp\/v2\/posts"}],"about":[{"href":"https:\/\/centros.uepb.edu.br\/ccbsa\/wp-json\/wp\/v2\/types\/post"}],"author":[{"embeddable":true,"href":"https:\/\/centros.uepb.edu.br\/ccbsa\/wp-json\/wp\/v2\/users\/8"}],"replies":[{"embeddable":true,"href":"https:\/\/centros.uepb.edu.br\/ccbsa\/wp-json\/wp\/v2\/comments?post=3730"}],"version-history":[{"count":0,"href":"https:\/\/centros.uepb.edu.br\/ccbsa\/wp-json\/wp\/v2\/posts\/3730\/revisions"}],"wp:featuredmedia":[{"embeddable":true,"href":"https:\/\/centros.uepb.edu.br\/ccbsa\/wp-json\/wp\/v2\/media\/3731"}],"wp:attachment":[{"href":"https:\/\/centros.uepb.edu.br\/ccbsa\/wp-json\/wp\/v2\/media?parent=3730"}],"wp:term":[{"taxonomy":"category","embeddable":true,"href":"https:\/\/centros.uepb.edu.br\/ccbsa\/wp-json\/wp\/v2\/categories?post=3730"},{"taxonomy":"post_tag","embeddable":true,"href":"https:\/\/centros.uepb.edu.br\/ccbsa\/wp-json\/wp\/v2\/tags?post=3730"}],"curies":[{"name":"wp","href":"https:\/\/api.w.org\/{rel}","templated":true}]}}