{"id":3707,"date":"2016-11-17T13:49:34","date_gmt":"2016-11-17T13:49:34","guid":{"rendered":"https:\/\/centros.uepb.edu.br\/ccbsa\/?p=3707"},"modified":"2016-11-17T13:49:34","modified_gmt":"2016-11-17T13:49:34","slug":"encontro-paraibano-de-genetica-e-biotecnologia-tem-inicio-no-campus-v-da-uepb-com-palestra-e-minicursos","status":"publish","type":"post","link":"https:\/\/centros.uepb.edu.br\/ccbsa\/encontro-paraibano-de-genetica-e-biotecnologia-tem-inicio-no-campus-v-da-uepb-com-palestra-e-minicursos\/","title":{"rendered":"Encontro Paraibano de Gen\u00e9tica e Biotecnologia tem in\u00edcio no Campus V da UEPB com palestra e minicursos"},"content":{"rendered":"<p><a href=\"https:\/\/centros.uepb.edu.br\/ccbsa\/files\/2016\/11\/DSC05624edt.jpg\"><img loading=\"lazy\" decoding=\"async\" class=\"aligncenter wp-image-3708 size-full img-responsive\" src=\"https:\/\/centros.uepb.edu.br\/ccbsa\/files\/2016\/11\/DSC05624edt.jpg\" width=\"840\" height=\"454\" srcset=\"https:\/\/centros.uepb.edu.br\/ccbsa\/files\/2016\/11\/DSC05624edt.jpg 840w, https:\/\/centros.uepb.edu.br\/ccbsa\/files\/2016\/11\/DSC05624edt-300x162.jpg 300w, https:\/\/centros.uepb.edu.br\/ccbsa\/files\/2016\/11\/DSC05624edt-768x415.jpg 768w, https:\/\/centros.uepb.edu.br\/ccbsa\/files\/2016\/11\/DSC05624edt-370x200.jpg 370w\" sizes=\"auto, (max-width: 840px) 100vw, 840px\" \/><\/a><br \/>\nMelhoramento gen\u00e9tico para aperfei\u00e7oamento de animais e vegetais, desenvolvimento de novas vacinas a partir de descobertas da biotecnologia, a rela\u00e7\u00e3o entre doen\u00e7as e a heran\u00e7a gen\u00e9tica, s\u00e3o alguns dos temas discutidos durante o Encontro de Gen\u00e9tica e Biotecnologia da Para\u00edba (ENGEB-PB), que teve in\u00edcio nesta quarta-feira e segue at\u00e9 a sexta-feira (18) no Campus V da Universidade Estadual da Para\u00edba, em Jo\u00e3o Pessoa, com palestras, minicursos, mesas-redondas e apresenta\u00e7\u00f5es de trabalhos.<\/p>\n<p>A solenidade de abertura do ENGEB contou com a participa\u00e7\u00e3o do diretor adjunto do Centro de Ci\u00eancias Biol\u00f3gicas e Sociais Aplicadas, professor \u00canio Wocyli Dantas; do coordenador do curso de Ci\u00eancias Biol\u00f3gicas, Cleber Salimon; das integrantes da comiss\u00e3o organizadora do ENGEB, professoras Brigida de Lucena e Daniela Pontes e do presidente do Centro Acad\u00eamico de Ci\u00eancias Biol\u00f3gicas, Otoniel Lima. A noite de abertura do encontro contou com a apresenta\u00e7\u00e3o cultural de Robson Azevedo, estudante do curso de Ci\u00eancias Biol\u00f3gicas da UEPB, J\u00e9ssica Sena, ex-aluna, e Vin\u00edcius Pontes.<\/p>\n<p>Na oportunidade, o professor \u00canio Wocyli, destacou a import\u00e2ncia da realiza\u00e7\u00e3o de eventos regionais com o perfil do ENGEB, evidenciou os investimentos realizados recentemente pela institui\u00e7\u00e3o no laborat\u00f3rio de Gen\u00e9tica do Campus V e enalteceu os esfor\u00e7os da comiss\u00e3o organizadora para realizar o Encontro.<\/p>\n<p>A professora Brigida de Lucena compartilhou com os presentes a surpresa da comiss\u00e3o organizadora com o grande n\u00famero de participantes inscritos no evento, lembrou o alto n\u00edvel dos palestrantes e ministrantes de minicursos, e exaltou o amadurecimento dos discentes do curso de Ci\u00eancias Biol\u00f3gicas, que tiveram a ideia do ENGEB e auxiliaram em todas as etapas de prepara\u00e7\u00e3o do evento.<\/p>\n<p><a href=\"https:\/\/centros.uepb.edu.br\/ccbsa\/files\/2016\/11\/DSC05645edt.jpg\"><img loading=\"lazy\" decoding=\"async\" class=\"aligncenter size-full wp-image-3709 img-responsive\" src=\"https:\/\/centros.uepb.edu.br\/ccbsa\/files\/2016\/11\/DSC05645edt.jpg\" alt=\"\" width=\"840\" height=\"454\" srcset=\"https:\/\/centros.uepb.edu.br\/ccbsa\/files\/2016\/11\/DSC05645edt.jpg 840w, https:\/\/centros.uepb.edu.br\/ccbsa\/files\/2016\/11\/DSC05645edt-300x162.jpg 300w, https:\/\/centros.uepb.edu.br\/ccbsa\/files\/2016\/11\/DSC05645edt-768x415.jpg 768w, https:\/\/centros.uepb.edu.br\/ccbsa\/files\/2016\/11\/DSC05645edt-370x200.jpg 370w\" sizes=\"auto, (max-width: 840px) 100vw, 840px\" \/><\/a><\/p>\n<p>\u201cN\u00e3o h\u00e1 ci\u00eancia b\u00e1sica ou aplicada, existem sim aplica\u00e7\u00f5es da ci\u00eancia\u201d, esse pensamento de Louis Pasteur foi utilizado pelo pesquisador Marcos Morais J\u00fanior, ministrante da palestra de abertura \u201cGenes e as tecnologias: estimulo cient\u00edfico rumo a novas e importantes descobertas\u201d, para introduzir uma discuss\u00e3o centrada na aplica\u00e7\u00e3o da ci\u00eancia e no desenvolvimento do conhecimento cient\u00edfico na atualidade.<\/p>\n<p>\u201cEstamos passando por um per\u00edodo de revolu\u00e7\u00e3o biol\u00f3gica. Por muito tempo a biologia destinava-se apenas \u00e0 observa\u00e7\u00e3o dos fen\u00f4menos da natureza. S\u00f3 depois nos vimos diante da possibilidade n\u00e3o s\u00f3 de estudar os fen\u00f4menos, mas, identific\u00e1-los e at\u00e9 modific\u00e1-los. Assim, nos encontramos diante da oportunidade de gerar, por exemplo, organismos modificados para uso na agricultura, ou corrigir defeitos gen\u00e9ticos em humanos para curar algumas doen\u00e7as, enfim algumas possibilidades que nos mostram a import\u00e2ncia das descobertas e aplica\u00e7\u00e3o da ci\u00eancia\u201d, avalia Marcos Morais J\u00fanior.<\/p>\n<p>O primeiro dia de evento contou com os minicursos \u201cBioinform\u00e1tica B\u00e1sica\u201d, \u201cCitogen\u00e9tica Animal e Humana\u201d, \u201cGen\u00e9tica forense: Universidade e Aplicabilidade\u201d, \u201cDesenvolvimento de nanossistemas aplicados a sa\u00fade\u201d e \u201cGen\u00e9tica da Conserva\u00e7\u00e3o \u00a0aplicada \u00e0 biodiversidade neotropical\u201d, todos com carga hor\u00e1ria de 6 horas.<\/p>\n<p>A palestra de encerramento do ENGEB \u201cO Projeto Genogr\u00e1fico e a hist\u00f3ria do povoamento da Am\u00e9rica do Sul\u201d, ocorrer\u00e1 nesta sexta-feira, 18 de novembro, \u00e0s 17h, tendo como ministrante o professor da Universidade Federal de Minas Gerais, Fabr\u00edcio Rodrigues dos Santos, que \u00e9 bi\u00f3logo e geneticista com doutorado pela UFMG, p\u00f3s-doutorados pela Universidade de Oxford, Reino Unido e pela National Geographic Society\/Universidade da Pensilv\u00e2nia, EUA. Atua no Instituto de Estudos Avan\u00e7ados (IEAT), e \u00e9 pesquisador da \u00e1rea de Gen\u00e9tica e Evolu\u00e7\u00e3o e Diretor do Centro de Cole\u00e7\u00f5es Taxon\u00f4micas da UFMG. Foi membro do Comit\u00ea Assessor de Gen\u00e9tica do CNPq entre 2011 e 2015.<\/p>\n","protected":false},"excerpt":{"rendered":"<p>Melhoramento gen\u00e9tico para aperfei\u00e7oamento de animais e vegetais, desenvolvimento de novas vacinas a partir de descobertas da biotecnologia, a rela\u00e7\u00e3o entre doen\u00e7as e a heran\u00e7a gen\u00e9tica, s\u00e3o alguns dos temas discutidos durante o Encontro de Gen\u00e9tica e Biotecnologia da Para\u00edba (ENGEB-PB), que teve in\u00edcio nesta quarta-feira e segue at\u00e9 a sexta-feira (18) no Campus V <a class=\"leiamais\" href=\"https:\/\/centros.uepb.edu.br\/ccbsa\/encontro-paraibano-de-genetica-e-biotecnologia-tem-inicio-no-campus-v-da-uepb-com-palestra-e-minicursos\/\">Leia Mais&#8230;<\/a><\/p>\n","protected":false},"author":8,"featured_media":3709,"comment_status":"closed","ping_status":"closed","sticky":false,"template":"","format":"standard","meta":{"footnotes":""},"categories":[3,11],"tags":[],"class_list":["post-3707","post","type-post","status-publish","format-standard","has-post-thumbnail","hentry","category-noticias","category-noticias-destaque-img"],"jetpack_featured_media_url":"https:\/\/centros.uepb.edu.br\/ccbsa\/files\/2016\/11\/DSC05645edt.jpg","_links":{"self":[{"href":"https:\/\/centros.uepb.edu.br\/ccbsa\/wp-json\/wp\/v2\/posts\/3707","targetHints":{"allow":["GET"]}}],"collection":[{"href":"https:\/\/centros.uepb.edu.br\/ccbsa\/wp-json\/wp\/v2\/posts"}],"about":[{"href":"https:\/\/centros.uepb.edu.br\/ccbsa\/wp-json\/wp\/v2\/types\/post"}],"author":[{"embeddable":true,"href":"https:\/\/centros.uepb.edu.br\/ccbsa\/wp-json\/wp\/v2\/users\/8"}],"replies":[{"embeddable":true,"href":"https:\/\/centros.uepb.edu.br\/ccbsa\/wp-json\/wp\/v2\/comments?post=3707"}],"version-history":[{"count":0,"href":"https:\/\/centros.uepb.edu.br\/ccbsa\/wp-json\/wp\/v2\/posts\/3707\/revisions"}],"wp:featuredmedia":[{"embeddable":true,"href":"https:\/\/centros.uepb.edu.br\/ccbsa\/wp-json\/wp\/v2\/media\/3709"}],"wp:attachment":[{"href":"https:\/\/centros.uepb.edu.br\/ccbsa\/wp-json\/wp\/v2\/media?parent=3707"}],"wp:term":[{"taxonomy":"category","embeddable":true,"href":"https:\/\/centros.uepb.edu.br\/ccbsa\/wp-json\/wp\/v2\/categories?post=3707"},{"taxonomy":"post_tag","embeddable":true,"href":"https:\/\/centros.uepb.edu.br\/ccbsa\/wp-json\/wp\/v2\/tags?post=3707"}],"curies":[{"name":"wp","href":"https:\/\/api.w.org\/{rel}","templated":true}]}}