{"id":3696,"date":"2016-11-11T12:28:58","date_gmt":"2016-11-11T12:28:58","guid":{"rendered":"https:\/\/centros.uepb.edu.br\/ccbsa\/?p=3696"},"modified":"2016-11-11T12:28:58","modified_gmt":"2016-11-11T12:28:58","slug":"nucleo-de-estudos-da-uepb-promove-curso-sobre-politica-e-direito-de-migracao-e-refugio-nos-estados-unidos","status":"publish","type":"post","link":"https:\/\/centros.uepb.edu.br\/ccbsa\/nucleo-de-estudos-da-uepb-promove-curso-sobre-politica-e-direito-de-migracao-e-refugio-nos-estados-unidos\/","title":{"rendered":"N\u00facleo de estudos da UEPB promove curso sobre pol\u00edtica e direito de migra\u00e7\u00e3o e ref\u00fagio nos Estados Unidos"},"content":{"rendered":"<p><a href=\"https:\/\/centros.uepb.edu.br\/ccbsa\/files\/2016\/11\/NEPDA.jpg\"><img loading=\"lazy\" decoding=\"async\" class=\"aligncenter size-full wp-image-3697 img-responsive\" src=\"https:\/\/centros.uepb.edu.br\/ccbsa\/files\/2016\/11\/NEPDA.jpg\" alt=\"nepda\" width=\"840\" height=\"454\" srcset=\"https:\/\/centros.uepb.edu.br\/ccbsa\/files\/2016\/11\/NEPDA.jpg 840w, https:\/\/centros.uepb.edu.br\/ccbsa\/files\/2016\/11\/NEPDA-300x162.jpg 300w, https:\/\/centros.uepb.edu.br\/ccbsa\/files\/2016\/11\/NEPDA-768x415.jpg 768w, https:\/\/centros.uepb.edu.br\/ccbsa\/files\/2016\/11\/NEPDA-370x200.jpg 370w\" sizes=\"auto, (max-width: 840px) 100vw, 840px\" \/><\/a><\/p>\n<p>Com diversos trabalhos de destaque, publica\u00e7\u00f5es em peri\u00f3dicos cient\u00edficos conceituados internacionalmente e o envolvimento de pesquisadores com uma s\u00f3lida trajet\u00f3ria acad\u00eamica e profissional voltada aos estudos na \u00e1rea de migra\u00e7\u00e3o, o N\u00facleo de Estudo e Pesquisa sobre Deslocados Ambientais (NEPDA) da Universidade Estadual da Para\u00edba, tornou-se refer\u00eancia para pesquisadores de institui\u00e7\u00f5es de ensino e pesquisa de todo o mundo que tenham interesse em desenvolver estudos na \u00e1rea de atua\u00e7\u00e3o do referido N\u00facleo. Assim, durante o m\u00eas de dezembro, o professor de Direito da American University Washington College of Law e diretor fundador da Cl\u00ednica de Justi\u00e7a Imigrante nessa faculdade, Jayesh Rathod, estar\u00e1 ministrando um minicurso e algumas aulas nos cursos de gradua\u00e7\u00e3o e p\u00f3s-gradua\u00e7\u00e3o em Rela\u00e7\u00f5es Internacionais da Universidade Estadual da Para\u00edba.<\/p>\n<p>Atuando na \u00e1rea de direito migrat\u00f3rio, direito laboral, direito internacional e educa\u00e7\u00e3o jur\u00eddica, Jayesh Rathod possui v\u00e1rios trabalhos publicados relacionados com o direito de imigra\u00e7\u00e3o, direito do trabalho e educa\u00e7\u00e3o jur\u00eddica. Professor Rathod foi convidado para falar sobre estes temas nas institui\u00e7\u00f5es em todo os Estados Unidos, e tem servido como um comentarista na m\u00eddia local e nacional (incluindo CNN, NBC News e National Public Radio) sobre temas de direito de imigra\u00e7\u00e3o e de trabalho.<\/p>\n<p>O pesquisador veio ao Brasil para conhecer as pesquisas desenvolvidas no pa\u00eds na \u00e1rea de migra\u00e7\u00e3o e desenvolver estudos na \u00e1rea, passando pela Universidade de Bras\u00edlia e chegando no Campus V da UEPB onde ir\u00e1 ministrar nos dias 05, 06, 12 e 13 de dezembro, das 12 \u00e0s 18h, o \u201cCurso de pol\u00edtica e direito de migra\u00e7\u00e3o e ref\u00fagio nos EUA\u201d, promovido pelo NEPDA e o Instituto Nacional de Ci\u00eancias e Tecnologia para Estudos sobre os Estados Unidos. As inscri\u00e7\u00f5es para o curso s\u00e3o gratuitas, realizadas por e-mail: nepda@uepb.edu.br.<\/p>\n<p><a href=\"https:\/\/centros.uepb.edu.br\/ccbsa\/files\/2016\/11\/IMG_1889.jpg\"><img loading=\"lazy\" decoding=\"async\" class=\"aligncenter size-full wp-image-3698 img-responsive\" src=\"https:\/\/centros.uepb.edu.br\/ccbsa\/files\/2016\/11\/IMG_1889.jpg\" alt=\"img_1889\" width=\"840\" height=\"454\" srcset=\"https:\/\/centros.uepb.edu.br\/ccbsa\/files\/2016\/11\/IMG_1889.jpg 840w, https:\/\/centros.uepb.edu.br\/ccbsa\/files\/2016\/11\/IMG_1889-300x162.jpg 300w, https:\/\/centros.uepb.edu.br\/ccbsa\/files\/2016\/11\/IMG_1889-768x415.jpg 768w, https:\/\/centros.uepb.edu.br\/ccbsa\/files\/2016\/11\/IMG_1889-370x200.jpg 370w\" sizes=\"auto, (max-width: 840px) 100vw, 840px\" \/><\/a><\/p>\n<p>Na oportunidade, Jayesh Rathod tamb\u00e9m ir\u00e1 compartilhar o componente curricular de Estudos Migrat\u00f3rios no Mestrado em Rela\u00e7\u00f5es Internacionais com a professora Andrea Pac\u00edfico, e, na gradua\u00e7\u00e3o em Rela\u00e7\u00f5es Internacionais, a disciplina Prote\u00e7\u00e3o Internacional aos Migrantes e Refugiados com a professora Thalita Franciely Silva.<\/p>\n<p><strong>A pol\u00edtica migrat\u00f3ria no Brasil e Estados Unidos<\/strong><\/p>\n<p>Dentre os temas que Rathod est\u00e1 estudando no Brasil est\u00e1 a criminaliza\u00e7\u00e3o da migra\u00e7\u00e3o no pa\u00eds, um estudo comparativo com as pr\u00e1ticas de migra\u00e7\u00e3o nos Estados Unidos. O docente destaca que, enquanto nos Estados Unidos a entrada sem documentos \u00e9 crime com uma pena, multas e muitas pessoas est\u00e3o sendo processadas por tentarem entrar no pa\u00eds ilegalmente, no Brasil, n\u00e3o h\u00e1 uma pr\u00e1tica extensiva de penalizar o imigrante por ter entrado ilegalmente. Assim, a pesquisa, iniciada recentemente, busca entender como o Brasil tem evitado a pr\u00e1tica de crimes e como utilizar a pol\u00edtica migrat\u00f3ria enquanto forma de assegurar a seguran\u00e7a nacional.<\/p>\n<p>Jayesh Rathod enfatiza a necessidade de cria\u00e7\u00e3o de uma pol\u00edtica p\u00fablica nacional voltada \u00e0 migra\u00e7\u00e3o, n\u00e3o s\u00f3 no Brasil, mas nos Estados Unidos e em outros pa\u00edses, e nos Estados e munic\u00edpios, voltada \u00e0 garantia de direitos e benef\u00edcios para os imigrantes.<\/p>\n<p>\u201cAqui no Brasil percebo uma pol\u00edtica bem flex\u00edvel para permitir a chegada de imigrantes, como ocorre, por exemplo com os haitianos, mas depois da chegada, eles n\u00e3o encontram muito apoio por parte do poder p\u00fablico. \u00c9 dif\u00edcil, por exemplo, obter documentos necess\u00e1rios para trabalhar, n\u00e3o \u00e9 oferecido ensino de portugu\u00eas, e h\u00e1 uma car\u00eancia de um sistema organizado para conectar essas pessoas com benef\u00edcios de sa\u00fade e previd\u00eancia. Precisamos de uma pol\u00edtica de imigra\u00e7\u00e3o, o que \u00e9 bem complexo porque \u00e9 necess\u00e1rio dispor de recursos financeiros. Mas precisamos pensar a longo prazo em pol\u00edticas federais, estaduais e municipais com esse objetivo\u201d, avaliou Rathod.<\/p>\n","protected":false},"excerpt":{"rendered":"<p>Com diversos trabalhos de destaque, publica\u00e7\u00f5es em peri\u00f3dicos cient\u00edficos conceituados internacionalmente e o envolvimento de pesquisadores com uma s\u00f3lida trajet\u00f3ria acad\u00eamica e profissional voltada aos estudos na \u00e1rea de migra\u00e7\u00e3o, o N\u00facleo de Estudo e Pesquisa sobre Deslocados Ambientais (NEPDA) da Universidade Estadual da Para\u00edba, tornou-se refer\u00eancia para pesquisadores de institui\u00e7\u00f5es de ensino e pesquisa <a class=\"leiamais\" href=\"https:\/\/centros.uepb.edu.br\/ccbsa\/nucleo-de-estudos-da-uepb-promove-curso-sobre-politica-e-direito-de-migracao-e-refugio-nos-estados-unidos\/\">Leia Mais&#8230;<\/a><\/p>\n","protected":false},"author":8,"featured_media":3697,"comment_status":"closed","ping_status":"closed","sticky":false,"template":"","format":"standard","meta":{"footnotes":""},"categories":[3,11],"tags":[],"class_list":["post-3696","post","type-post","status-publish","format-standard","has-post-thumbnail","hentry","category-noticias","category-noticias-destaque-img"],"jetpack_featured_media_url":"https:\/\/centros.uepb.edu.br\/ccbsa\/files\/2016\/11\/NEPDA.jpg","_links":{"self":[{"href":"https:\/\/centros.uepb.edu.br\/ccbsa\/wp-json\/wp\/v2\/posts\/3696","targetHints":{"allow":["GET"]}}],"collection":[{"href":"https:\/\/centros.uepb.edu.br\/ccbsa\/wp-json\/wp\/v2\/posts"}],"about":[{"href":"https:\/\/centros.uepb.edu.br\/ccbsa\/wp-json\/wp\/v2\/types\/post"}],"author":[{"embeddable":true,"href":"https:\/\/centros.uepb.edu.br\/ccbsa\/wp-json\/wp\/v2\/users\/8"}],"replies":[{"embeddable":true,"href":"https:\/\/centros.uepb.edu.br\/ccbsa\/wp-json\/wp\/v2\/comments?post=3696"}],"version-history":[{"count":0,"href":"https:\/\/centros.uepb.edu.br\/ccbsa\/wp-json\/wp\/v2\/posts\/3696\/revisions"}],"wp:featuredmedia":[{"embeddable":true,"href":"https:\/\/centros.uepb.edu.br\/ccbsa\/wp-json\/wp\/v2\/media\/3697"}],"wp:attachment":[{"href":"https:\/\/centros.uepb.edu.br\/ccbsa\/wp-json\/wp\/v2\/media?parent=3696"}],"wp:term":[{"taxonomy":"category","embeddable":true,"href":"https:\/\/centros.uepb.edu.br\/ccbsa\/wp-json\/wp\/v2\/categories?post=3696"},{"taxonomy":"post_tag","embeddable":true,"href":"https:\/\/centros.uepb.edu.br\/ccbsa\/wp-json\/wp\/v2\/tags?post=3696"}],"curies":[{"name":"wp","href":"https:\/\/api.w.org\/{rel}","templated":true}]}}