{"id":369,"date":"2013-07-03T17:15:53","date_gmt":"2013-07-03T17:15:53","guid":{"rendered":"\/ccbsa\/?p=369"},"modified":"2013-07-03T17:15:53","modified_gmt":"2013-07-03T17:15:53","slug":"pesquisadores-da-uepb-analisam-mobilizacoes-realizadas-nos-ultimos-dias-em-todo-o-pais","status":"publish","type":"post","link":"https:\/\/centros.uepb.edu.br\/ccbsa\/pesquisadores-da-uepb-analisam-mobilizacoes-realizadas-nos-ultimos-dias-em-todo-o-pais\/","title":{"rendered":"Pesquisadores da UEPB analisam mobiliza\u00e7\u00f5es realizadas nos \u00faltimos dias em todo o pa\u00eds"},"content":{"rendered":"<p><a href=\"http:\/\/centros.ascom.uepb.edu.br\/ccbsa\/files\/2013\/07\/7956_10200408427748729_913679997_n.jpg\"><img loading=\"lazy\" decoding=\"async\" class=\"alignleft size-thumbnail wp-image-370 img-responsive\" alt=\"7956_10200408427748729_913679997_n\" src=\"http:\/\/centros.ascom.uepb.edu.br\/ccbsa\/files\/2013\/07\/7956_10200408427748729_913679997_n-150x150.jpg\" width=\"150\" height=\"150\" \/><\/a>Nos \u00faltimos dias o pa\u00eds tem presenciado uma s\u00e9rie de manifesta\u00e7\u00f5es que tiveram in\u00edcio nas reinvindica\u00e7\u00f5es contra o aumento das passagens de \u00f4nibus e trouxeram \u00e0 tona problemas ligados \u00e0s \u00e1reas de educa\u00e7\u00e3o, sa\u00fade, seguran\u00e7a p\u00fablica, corrup\u00e7\u00e3o, entre outras tem\u00e1ticas. A juventude brasileira liderou os protestos em todo o pa\u00eds, e, muitos estudantes e professores da UEPB tamb\u00e9m estiveram presentes nos atos organizados nas cidades paraibanas.<\/p>\n<p>Para o professor do Campus V da UEPB e fil\u00f3sofo M\u00e1rcio Adriano Dias, do ponto de vista da filosofia pr\u00e1tica esses movimentos de contesta\u00e7\u00e3o mundial e nacional est\u00e3o inseridos num contexto de crise de representatividade, gest\u00e3o e legitimidade pol\u00edtica, que s\u00f3 tem sa\u00edda atrav\u00e9s de media\u00e7\u00e3o e reforma pol\u00edtica.<\/p>\n<p>O coordenador do bacharelado em Rela\u00e7\u00f5es Internacionais da UEPB e economista Jos\u00e9 Carlos de Assis acredita que boa parte da produ\u00e7\u00e3o de ci\u00eancia pol\u00edtica e sociologia no Brasil n\u00e3o conseguiu refletir direito o que est\u00e1 se passando. \u201cH\u00e1 nesse movimento de jovens um conjunto de insatisfa\u00e7\u00f5es sem um foco determinado, mas, costurado h\u00e1 muito tempo por um sentimento comum: a descren\u00e7a cabal nas institui\u00e7\u00f5es. \u00c9 um sentimento difuso, que passa do \u00f4nibus e custo de vida \u00e0 PEC 37, da corrup\u00e7\u00e3o ao sobrepre\u00e7o nas obras da Copa, e de novo ao passe livre, ora culpando a Presid\u00eancia da Rep\u00fablica, ora o Congresso, ora os pol\u00edticos em geral\u201d, avalia.<\/p>\n<p>De acordo com o professor do curso de Ci\u00eancias Biol\u00f3gicas da UEPB e soci\u00f3logo Vancarder Brito, tais mobiliza\u00e7\u00f5es t\u00eam um ponto de partida comum que \u00e9 o descontentamento e a indigna\u00e7\u00e3o de forma acentuada. \u201cH\u00e1 um grande gargalo na pol\u00edtica institucional brasileira que n\u00e3o \u00e9 articulada com a ideia de avan\u00e7os democr\u00e1ticos desde a redemocratiza\u00e7\u00e3o. Vivemos uma corrida econ\u00f4mica exitosa, mas, uma defasagem em termos de desigualdade social, com tristes recordes de precariedade na educa\u00e7\u00e3o e viol\u00eancia contra segmentos vulner\u00e1veis da sociedade (negros, mulheres, ind\u00edgenas), entre outras quest\u00f5es que geraram essa revolta popular\u201d, analisa <a href=\"http:\/\/centros.ascom.uepb.edu.br\/ccbsa\/files\/2013\/07\/1005609_675957975754601_1138109684_n.jpg\"><img loading=\"lazy\" decoding=\"async\" class=\"alignright size-thumbnail wp-image-373 img-responsive\" alt=\"1005609_675957975754601_1138109684_n\" src=\"http:\/\/centros.ascom.uepb.edu.br\/ccbsa\/files\/2013\/07\/1005609_675957975754601_1138109684_n-150x150.jpg\" width=\"150\" height=\"150\" \/><\/a>o professor Vancarder.<\/p>\n<p>M\u00e1rcio Adriano destacou a originalidade pr\u00e1tica desse movimento suscitado pela juventude, sem um representante vertical. \u201c\u00c9 um movimento com um car\u00e1ter de anonimato, sem a participa\u00e7\u00e3o direta dos partidos pol\u00edticos. Embora alguns estudiosos caracterizem essa falta de envolvimento dos partidos pol\u00edticos como uma desvantagem, a meu ver, tal postura se configura num avan\u00e7o, pois tamb\u00e9m demonstra uma necessidade de reconfigura\u00e7\u00e3o dos partidos pol\u00edticos\u201d.<\/p>\n<p>J\u00e1 o professor Vancarder Brito pondera que \u201ca quest\u00e3o dos partidos \u00e9 que, da mesma forma como todos se cansaram da gest\u00e3o brasileira, os partidos, principalmente de esquerda, se afastaram dos movimentos sociais. Mas \u00e9 preciso reconhecer que essas mobiliza\u00e7\u00f5es j\u00e1 existiam antes, por\u00e9m, com menor visibilidade, com a participa\u00e7\u00e3o de movimentos sociais por moradia, reforma agr\u00e1ria, negros, mulheres, estudantes, e envolvimento direto dos partidos, que sempre estiveram l\u00e1, principalmente devido \u00e0 sua grande capacidade de mobiliza\u00e7\u00e3o. Enfim, a participa\u00e7\u00e3o dos partidos pol\u00edticos \u00e9 uma caracter\u00edstica natural do estado contempor\u00e2neo, e, certamente a tend\u00eancia \u00e9 que eles se envolvam nesse processo, por\u00e9m, \u00e9 not\u00f3rio que eles devem rever suas t\u00e1ticas, buscando um di\u00e1logo maior com o povo\u201d, destaca Vancarder.<\/p>\n<p>O pesquisador Jos\u00e9 Carlos de Assis lembra que h\u00e1 uma sensa\u00e7\u00e3o difusa de aus\u00eancia de diretivas pol\u00edticas que fa\u00e7am vibrar a na\u00e7\u00e3o em torno de um projeto de destino. Segundo ele essa seria uma tarefa da esfera pol\u00edtica, mas, tal classe se revela amorfa e oportunista, centrada em seus pr\u00f3prios interesses corporativos. Para ele os jovens atuam com a intui\u00e7\u00e3o de que a democracia pol\u00edtica \u00e9 um instrumento de mudan\u00e7a em favor da democracia social, contudo, eles n\u00e3o veem isso na pr\u00e1tica pol\u00edtica. E n\u00e3o \u00e9 poss\u00edvel a mobiliza\u00e7\u00e3o dessa juventude com base no trip\u00e9 \u2018meta de infla\u00e7\u00e3o, super\u00e1vit prim\u00e1rio e c\u00e2mbio livre\u2019, ela quer, sobretudo, justi\u00e7a social. \u201cGenerosos como s\u00e3o, n\u00e3o h\u00e1 jovens que se oponham \u00e0 Bolsa Fam\u00edlia. Contudo, que destino est\u00e1 reservado para aquela faixa da sociedade entre o Bolsa Fam\u00edlia e um empresariado contemplado com m\u00faltiplas bolsas sob o pretexto de incentivar um investimento que n\u00e3o fazem, e o Estado abriu m\u00e3o de fazer?\u201d, reflete o pesquisador.<\/p>\n<p>O professor M\u00e1rcio Adriano enfatiza que essas mobiliza\u00e7\u00f5es trazem \u00e0 tona novamente o pensamento de Rousseau, que propusera uma democracia mais participativa do que representativa, o que acabou caindo no esquecimento por muito tempo, mas, toda vez que acontece algum levante popular retoma-se esse posicionamento. Com rela\u00e7\u00e3o \u00e0 repercuss\u00e3o desse movimento para o futuro do pa\u00eds, o pesquisador enfatiza que estas manifesta\u00e7\u00f5es geram uma esperan\u00e7a de que haja uma modifica\u00e7\u00e3o no cen\u00e1rio das pr\u00f3ximas elei\u00e7\u00f5es, em 2014, trazendo benef\u00edcios nos setores b\u00e1sicos que s\u00e3o de responsabilidade do Estado: sa\u00fade, educa\u00e7\u00e3o, seguran\u00e7a, transporte, habita\u00e7\u00e3o e quest\u00f5es agr\u00e1rias.<\/p>\n<div id=\"attachment_374\" style=\"width: 160px\" class=\"wp-caption alignleft\"><a href=\"http:\/\/centros.ascom.uepb.edu.br\/ccbsa\/files\/2013\/07\/busto_1.jpg\"><img loading=\"lazy\" decoding=\"async\" aria-describedby=\"caption-attachment-374\" class=\"size-thumbnail wp-image-374 img-responsive\" alt=\"Fonte: G1\" src=\"http:\/\/centros.ascom.uepb.edu.br\/ccbsa\/files\/2013\/07\/busto_1-150x150.jpg\" width=\"150\" height=\"150\" \/><\/a><p id=\"caption-attachment-374\" class=\"wp-caption-text\">Fonte: G1<\/p><\/div>\n<p>Para o pesquisador Vancarder Brito lembra que h\u00e1 uma sistem\u00e1tica de ca\u00e7a \u00e0s periferias, de viol\u00eancia contra esse setor da sociedade, que a popula\u00e7\u00e3o brasileira sempre permitiu, recha\u00e7ando atos contra a classe social mais favorecida, das \u00e1reas nobres. \u201cNesse sentido, \u00e9 preciso que tenhamos isso em mente e estejamos atentos para que essa revolta seja canalizada para a constru\u00e7\u00e3o de pautas coerentes sob pena que cairmos num golpe ideol\u00f3gico que se afaste das bandeiras sociais. \u00c9 preciso que avancemos para um segundo momento de participa\u00e7\u00e3o popular, por meio de assembleias populares, que criemos uma cultura de mobiliza\u00e7\u00f5es, que possamos, enfim, amadurecer a nossa democracia com a\u00e7\u00f5es como voto distrital, voto aberto para quest\u00f5es pol\u00eamicas, vigil\u00e2ncia e participa\u00e7\u00e3o efetiva da sociedade\u201d, ressalta.<\/p>\n<p>O professor Jos\u00e9 Carlos de Assis conclui que \u201ca democracia social implicitamente exigida nas ruas diz respeito a um Estado or\u00e7amentariamente forte para garantir os direitos sociais b\u00e1sicos de sa\u00fade, de educa\u00e7\u00e3o, de previd\u00eancia, de sal\u00e1rio decente, de justo equil\u00edbrio entre trabalho e capital. Conscientemente ou n\u00e3o, isso continuar\u00e1 sendo exigido nas ruas, num momento em que, se podemos n\u00e3o saber para onde vai o mundo, podemos ao menos saber para onde ir\u201d.<\/p>\n","protected":false},"excerpt":{"rendered":"<p>Nos \u00faltimos dias o pa\u00eds tem presenciado uma s\u00e9rie de manifesta\u00e7\u00f5es que tiveram in\u00edcio nas reinvindica\u00e7\u00f5es contra o aumento das passagens de \u00f4nibus e trouxeram \u00e0 tona problemas ligados \u00e0s \u00e1reas de educa\u00e7\u00e3o, sa\u00fade, seguran\u00e7a p\u00fablica, corrup\u00e7\u00e3o, entre outras tem\u00e1ticas. A juventude brasileira liderou os protestos em todo o pa\u00eds, e, muitos estudantes e professores <a class=\"leiamais\" href=\"https:\/\/centros.uepb.edu.br\/ccbsa\/pesquisadores-da-uepb-analisam-mobilizacoes-realizadas-nos-ultimos-dias-em-todo-o-pais\/\">Leia Mais&#8230;<\/a><\/p>\n","protected":false},"author":8,"featured_media":0,"comment_status":"open","ping_status":"open","sticky":false,"template":"","format":"standard","meta":{"footnotes":""},"categories":[3,5],"tags":[],"class_list":["post-369","post","type-post","status-publish","format-standard","hentry","category-noticias","category-visiveis"],"jetpack_featured_media_url":"","_links":{"self":[{"href":"https:\/\/centros.uepb.edu.br\/ccbsa\/wp-json\/wp\/v2\/posts\/369","targetHints":{"allow":["GET"]}}],"collection":[{"href":"https:\/\/centros.uepb.edu.br\/ccbsa\/wp-json\/wp\/v2\/posts"}],"about":[{"href":"https:\/\/centros.uepb.edu.br\/ccbsa\/wp-json\/wp\/v2\/types\/post"}],"author":[{"embeddable":true,"href":"https:\/\/centros.uepb.edu.br\/ccbsa\/wp-json\/wp\/v2\/users\/8"}],"replies":[{"embeddable":true,"href":"https:\/\/centros.uepb.edu.br\/ccbsa\/wp-json\/wp\/v2\/comments?post=369"}],"version-history":[{"count":0,"href":"https:\/\/centros.uepb.edu.br\/ccbsa\/wp-json\/wp\/v2\/posts\/369\/revisions"}],"wp:attachment":[{"href":"https:\/\/centros.uepb.edu.br\/ccbsa\/wp-json\/wp\/v2\/media?parent=369"}],"wp:term":[{"taxonomy":"category","embeddable":true,"href":"https:\/\/centros.uepb.edu.br\/ccbsa\/wp-json\/wp\/v2\/categories?post=369"},{"taxonomy":"post_tag","embeddable":true,"href":"https:\/\/centros.uepb.edu.br\/ccbsa\/wp-json\/wp\/v2\/tags?post=369"}],"curies":[{"name":"wp","href":"https:\/\/api.w.org\/{rel}","templated":true}]}}