{"id":3684,"date":"2016-11-10T13:19:47","date_gmt":"2016-11-10T13:19:47","guid":{"rendered":"https:\/\/centros.uepb.edu.br\/ccbsa\/?p=3684"},"modified":"2016-11-10T13:19:47","modified_gmt":"2016-11-10T13:19:47","slug":"formandos-das-graduacoes-do-campus-v-participam-de-cerimonia-de-colacao-de-grau-do-periodo-letivo-2016-1","status":"publish","type":"post","link":"https:\/\/centros.uepb.edu.br\/ccbsa\/formandos-das-graduacoes-do-campus-v-participam-de-cerimonia-de-colacao-de-grau-do-periodo-letivo-2016-1\/","title":{"rendered":"Formandos das gradua\u00e7\u00f5es do Campus V participam de cerim\u00f4nia de Cola\u00e7\u00e3o de Grau do per\u00edodo letivo 2016.1"},"content":{"rendered":"<p><a href=\"https:\/\/centros.uepb.edu.br\/ccbsa\/files\/2016\/11\/14991025_1504671866227702_2491758865621981258_o.jpg\"><img loading=\"lazy\" decoding=\"async\" class=\"aligncenter size-full wp-image-3685 img-responsive\" src=\"https:\/\/centros.uepb.edu.br\/ccbsa\/files\/2016\/11\/14991025_1504671866227702_2491758865621981258_o.jpg\" alt=\"14991025_1504671866227702_2491758865621981258_o\" width=\"840\" height=\"454\" srcset=\"https:\/\/centros.uepb.edu.br\/ccbsa\/files\/2016\/11\/14991025_1504671866227702_2491758865621981258_o.jpg 840w, https:\/\/centros.uepb.edu.br\/ccbsa\/files\/2016\/11\/14991025_1504671866227702_2491758865621981258_o-300x162.jpg 300w, https:\/\/centros.uepb.edu.br\/ccbsa\/files\/2016\/11\/14991025_1504671866227702_2491758865621981258_o-768x415.jpg 768w, https:\/\/centros.uepb.edu.br\/ccbsa\/files\/2016\/11\/14991025_1504671866227702_2491758865621981258_o-370x200.jpg 370w\" sizes=\"auto, (max-width: 840px) 100vw, 840px\" \/><\/a><\/p>\n<p>Momentos de emo\u00e7\u00e3o, esperan\u00e7a e reflex\u00e3o marcaram a cerim\u00f4nia de Cola\u00e7\u00e3o de Grau do per\u00edodo letivo 2016.1 do Campus V da Universidade Estadual da Para\u00edba (UEPB), realizada na noite desta quarta-feira (09), no audit\u00f3rio do Col\u00e9gio Nossa Senhora de Lourdes (Lourdinas). A solenidade colocou \u00e0 disposi\u00e7\u00e3o do mercado de trabalho 70 novos profissionais de Arquivologia, Ci\u00eancias Biol\u00f3gicas, Rela\u00e7\u00f5es Internacionais e Administra\u00e7\u00e3o P\u00fablica.<\/p>\n<p>Compuseram a mesa de honra da solenidade o pro-reitor de gradua\u00e7\u00e3o da UEPB, professor Eli Brand\u00e3o, na ocasi\u00e3o representando o reitor Ant\u00f4nio Rangel J\u00fanior; a diretora do Centro de Ci\u00eancias Biol\u00f3gicas e Sociais Aplicadas, professora Jacqueline Echeverr\u00eda Barrancos; o diretor adjunto do CCBSA, professor \u00canio Wocyli Dantas; a paraninfa das turmas concluintes, professora Esmeralda Porf\u00edrio de Sales; a pro-reitora de gest\u00e3o administrativa, professora Socorro Barbosa; a pro-reitora adjunta de planejamento, Pollyana Xavier; o coordenador do curso de Ci\u00eancias Biol\u00f3gicas, professor Cleber Salimon e o coordenador de Rela\u00e7\u00f5es Internacionais, professor Filipe Reis.<\/p>\n<p>Na oportunidade, a oradora oficial, a estudante do curso de Arquivologia Karolyne de Melo Soares, lembrou os obst\u00e1culos vivenciados ao longo da forma\u00e7\u00e3o acad\u00eamica, destacou a import\u00e2ncia da universidade enquanto espa\u00e7o de aprendizado acad\u00eamico, profissional e humano e utilizou da poesia de Braulio Bessa para traduzir a supera\u00e7\u00e3o que dever\u00e1 fazer parte da vida dos novos profissionais:<\/p>\n<p>\u201cSobre a vida.. sendo eu um aprendiz, a vida me ensinou que besta \u00e9 quem vive triste, lembrando do que faltou, magoando a cicatriz, esquece de ser feliz, por tudo o que conquistou. Afinal, nem toda l\u00e1grima \u00e9 dor, nem toda gra\u00e7a \u00e9 sorriso, nem toda curva da vida tem uma placa de aviso. Nem sempre que voc\u00ea perde \u00e9 de fato preju\u00edzo. (\u2026) Passei por coisas que at\u00e9 Deus duvida, fiquei triste, capiongo, aperreado, por\u00e9m, nunca me senti desmotivado. Me agarrava sempre numa m\u00e3o amiga e de for\u00e7as a minha alma era munida, pois do c\u00e9u a voz de Deus dizia assi: suba o queixo, meta os p\u00e9s, confie em mim\u201d, declamou emocionada a oradora.<\/p>\n<p><a href=\"https:\/\/centros.uepb.edu.br\/ccbsa\/files\/2016\/11\/14939991_1504653496229539_7990816603554405358_o.jpg\"><img loading=\"lazy\" decoding=\"async\" class=\"aligncenter size-full wp-image-3687 img-responsive\" src=\"https:\/\/centros.uepb.edu.br\/ccbsa\/files\/2016\/11\/14939991_1504653496229539_7990816603554405358_o.jpg\" alt=\"14939991_1504653496229539_7990816603554405358_o\" width=\"840\" height=\"454\" srcset=\"https:\/\/centros.uepb.edu.br\/ccbsa\/files\/2016\/11\/14939991_1504653496229539_7990816603554405358_o.jpg 840w, https:\/\/centros.uepb.edu.br\/ccbsa\/files\/2016\/11\/14939991_1504653496229539_7990816603554405358_o-300x162.jpg 300w, https:\/\/centros.uepb.edu.br\/ccbsa\/files\/2016\/11\/14939991_1504653496229539_7990816603554405358_o-768x415.jpg 768w, https:\/\/centros.uepb.edu.br\/ccbsa\/files\/2016\/11\/14939991_1504653496229539_7990816603554405358_o-370x200.jpg 370w\" sizes=\"auto, (max-width: 840px) 100vw, 840px\" \/><\/a><\/p>\n<p>Conduzida pela comiss\u00e3o de honra formada pelos estudantes Kelly Stefany da Silva (Arquivologia), Jonas Emanuel da Silva (Ci\u00eancias Biol\u00f3gicas), Thomas Peres (Rela\u00e7\u00f5es Internacionais), a paraninfa das turmas concluintes, professora Esmeralda Porf\u00edrio de Sales, fez um discurso marcado pela emo\u00e7\u00e3o e gratid\u00e3o por ter sido escolhida para ser homenageada. A docente, ressaltou o orgulho de ser professora da UEPB, utilizou a experi\u00eancia profissional para aconselhar os concluintes durante a nova etapa de vida e enfatizou a import\u00e2ncia da participa\u00e7\u00e3o dos pais para a conquista dos formandos.<\/p>\n<p>\u201cEsse \u00e9 um triunfo extraordin\u00e1rio, de que poucos podem se orgulhar. Os senhores podem. Arrogando-me a fun\u00e7\u00e3o de porta-voz de todos os seus professores, desde os que lhes ensinaram as primeiras letras at\u00e9 aos meus ilustres colegas, parabeniza a todos voc\u00eas pelo not\u00e1vel \u00eaxito. Antes, por\u00e9m, dos professores \u2013 e acima deles \u2013 est\u00e3o os seus mestres primeiros e de sempre; os que lhes ensinaram a brincar, a falar palavras, a construir frases; os que lhes transmitiram os primeiros e mais altos valores culturais. De cada um dos estimados formandos s\u00e3o, eles a m\u00e3e e o pai, aos quais cabe uma grande parcela da conquista que ora se celebra (\u2026). A partir de agora cada um de voc\u00eas tem uma miss\u00e3o, enquanto profissionais respons\u00e1veis pelo desenvolvimento econ\u00f4mico, social e sustent\u00e1vel desse pa\u00eds. Desejo a todos aqui muita luz, paz, sorte, sabedoria, paci\u00eancia e sucesso\u201d, destacou professora Esmeralda.<\/p>\n<p>A paraninfa ainda homenageou o arquivista, formado pela UEPB no per\u00edodo letivo 2015.2, Jos\u00e9 Alberto Dobu, que faleceu atropelado quatro dias ap\u00f3s concluir o curso de Arquivologia; e a professora Maria Jos\u00e9 Cordeiro Lima (Mara), falecida em junho de 2016, tendo sido coordenadora do curso de Arquivologia, coordenadora de diversos projetos de pesquisa e extens\u00e3o da UEPB e iniciado o trabalho de orientadora de alguns dos formandos da turma 2016.1.<\/p>\n<p><a href=\"https:\/\/centros.uepb.edu.br\/ccbsa\/files\/2016\/11\/15003440_1504661046228784_8134998151969960102_o.jpg\"><img loading=\"lazy\" decoding=\"async\" class=\"aligncenter size-full wp-image-3686 img-responsive\" src=\"https:\/\/centros.uepb.edu.br\/ccbsa\/files\/2016\/11\/15003440_1504661046228784_8134998151969960102_o.jpg\" alt=\"15003440_1504661046228784_8134998151969960102_o\" width=\"840\" height=\"454\" srcset=\"https:\/\/centros.uepb.edu.br\/ccbsa\/files\/2016\/11\/15003440_1504661046228784_8134998151969960102_o.jpg 840w, https:\/\/centros.uepb.edu.br\/ccbsa\/files\/2016\/11\/15003440_1504661046228784_8134998151969960102_o-300x162.jpg 300w, https:\/\/centros.uepb.edu.br\/ccbsa\/files\/2016\/11\/15003440_1504661046228784_8134998151969960102_o-768x415.jpg 768w, https:\/\/centros.uepb.edu.br\/ccbsa\/files\/2016\/11\/15003440_1504661046228784_8134998151969960102_o-370x200.jpg 370w\" sizes=\"auto, (max-width: 840px) 100vw, 840px\" \/><\/a><\/p>\n<p>Na oportunidade, o pro-reitor de Gradua\u00e7\u00e3o, professor Eli Brand\u00e3o lembrou que as solenidades de cola\u00e7\u00e3o de Grau do per\u00edodo letivo 2016.1 encerram o jubileu de ouro da UEPB. O docente enfatizou a import\u00e2ncia da educa\u00e7\u00e3o como ferramenta de transforma\u00e7\u00e3o social para a constru\u00e7\u00e3o de uma sociedade mais justa e fraterna. O docente tamb\u00e9m lembrou as incertezas vivenciadas no Brasil e o papel dos novos profissionais na defesa de valores como a democracia, a cidadania, a universidade p\u00fablica.<\/p>\n<p>\u201cH\u00e1 um grande deficit em rela\u00e7\u00e3o ao n\u00famero de vagas no ensino p\u00fablico do pa\u00eds. E se \u00e9 dif\u00edcil ingressar numa universidade p\u00fablica, mais dif\u00edcil ainda \u00e9 enfrentar adversidades que est\u00e3o surgindo no cen\u00e1rio da educa\u00e7\u00e3o do nosso pa\u00eds. O que est\u00e1 em jogo \u00e9 o futuro da universidade p\u00fablica brasileira. Longe de querer desanim\u00e1-los, eu quero \u00e9 desafi\u00e1-los a renovar a aposta na vida, na esperan\u00e7a de dias melhores. Desejo que voc\u00eas continuem a lutar pela universidade p\u00fablica. Se tomarmos por empr\u00e9stimo as palavras de Lulu Santos e Nelson Mota, \u2018nada do que foi ser\u00e1 do jeito que j\u00e1 foi um dia\u2019, mas o que ser\u00e1 daqui pra frente depende de cada um de n\u00f3s\u201d, concluiu o pro-reitor.<\/p>\n<p>Receberam o grau acad\u00eamico, em nome dos demais formandos: Marcela Maria da Silva (Arquivologia), Jorge Santos Alves (Ci\u00eancias Biol\u00f3gicas) e Rayanne Nunes (Rela\u00e7\u00f5es Internacionais). A juramentista foi a estudante do curso de Rela\u00e7\u00f5es Internacionais Fernanda Patr\u00edcia Albuquerque.<\/p>\n<p><strong>Texto<\/strong>: <em>Juliana Marques<\/em><br \/>\n<strong>Fotos:<\/strong><em> Paizinha Lemos<\/em><\/p>\n","protected":false},"excerpt":{"rendered":"<p>Momentos de emo\u00e7\u00e3o, esperan\u00e7a e reflex\u00e3o marcaram a cerim\u00f4nia de Cola\u00e7\u00e3o de Grau do per\u00edodo letivo 2016.1 do Campus V da Universidade Estadual da Para\u00edba (UEPB), realizada na noite desta quarta-feira (09), no audit\u00f3rio do Col\u00e9gio Nossa Senhora de Lourdes (Lourdinas). A solenidade colocou \u00e0 disposi\u00e7\u00e3o do mercado de trabalho 70 novos profissionais de Arquivologia, <a class=\"leiamais\" href=\"https:\/\/centros.uepb.edu.br\/ccbsa\/formandos-das-graduacoes-do-campus-v-participam-de-cerimonia-de-colacao-de-grau-do-periodo-letivo-2016-1\/\">Leia Mais&#8230;<\/a><\/p>\n","protected":false},"author":8,"featured_media":3685,"comment_status":"closed","ping_status":"closed","sticky":false,"template":"","format":"standard","meta":{"footnotes":""},"categories":[3,11],"tags":[],"class_list":["post-3684","post","type-post","status-publish","format-standard","has-post-thumbnail","hentry","category-noticias","category-noticias-destaque-img"],"jetpack_featured_media_url":"https:\/\/centros.uepb.edu.br\/ccbsa\/files\/2016\/11\/14991025_1504671866227702_2491758865621981258_o.jpg","_links":{"self":[{"href":"https:\/\/centros.uepb.edu.br\/ccbsa\/wp-json\/wp\/v2\/posts\/3684","targetHints":{"allow":["GET"]}}],"collection":[{"href":"https:\/\/centros.uepb.edu.br\/ccbsa\/wp-json\/wp\/v2\/posts"}],"about":[{"href":"https:\/\/centros.uepb.edu.br\/ccbsa\/wp-json\/wp\/v2\/types\/post"}],"author":[{"embeddable":true,"href":"https:\/\/centros.uepb.edu.br\/ccbsa\/wp-json\/wp\/v2\/users\/8"}],"replies":[{"embeddable":true,"href":"https:\/\/centros.uepb.edu.br\/ccbsa\/wp-json\/wp\/v2\/comments?post=3684"}],"version-history":[{"count":0,"href":"https:\/\/centros.uepb.edu.br\/ccbsa\/wp-json\/wp\/v2\/posts\/3684\/revisions"}],"wp:featuredmedia":[{"embeddable":true,"href":"https:\/\/centros.uepb.edu.br\/ccbsa\/wp-json\/wp\/v2\/media\/3685"}],"wp:attachment":[{"href":"https:\/\/centros.uepb.edu.br\/ccbsa\/wp-json\/wp\/v2\/media?parent=3684"}],"wp:term":[{"taxonomy":"category","embeddable":true,"href":"https:\/\/centros.uepb.edu.br\/ccbsa\/wp-json\/wp\/v2\/categories?post=3684"},{"taxonomy":"post_tag","embeddable":true,"href":"https:\/\/centros.uepb.edu.br\/ccbsa\/wp-json\/wp\/v2\/tags?post=3684"}],"curies":[{"name":"wp","href":"https:\/\/api.w.org\/{rel}","templated":true}]}}