{"id":3677,"date":"2016-11-07T14:42:09","date_gmt":"2016-11-07T14:42:09","guid":{"rendered":"https:\/\/centros.uepb.edu.br\/ccbsa\/?p=3677"},"modified":"2016-11-07T14:43:39","modified_gmt":"2016-11-07T14:43:39","slug":"descobertas-na-area-de-genetica-e-biotecnologia-serao-discutidas-em-encontro-no-campus-v-da-uepb","status":"publish","type":"post","link":"https:\/\/centros.uepb.edu.br\/ccbsa\/descobertas-na-area-de-genetica-e-biotecnologia-serao-discutidas-em-encontro-no-campus-v-da-uepb\/","title":{"rendered":"Descobertas na \u00e1rea de Gen\u00e9tica e Biotecnologia ser\u00e3o discutidas em Encontro no Campus V da UEPB"},"content":{"rendered":"<p><a href=\"https:\/\/centros.uepb.edu.br\/ccbsa\/files\/2016\/09\/ENGEB-1.jpg\"><img loading=\"lazy\" decoding=\"async\" class=\"aligncenter size-full wp-image-3499 img-responsive\" src=\"https:\/\/centros.uepb.edu.br\/ccbsa\/files\/2016\/09\/ENGEB-1.jpg\" alt=\"engeb\" width=\"840\" height=\"454\" srcset=\"https:\/\/centros.uepb.edu.br\/ccbsa\/files\/2016\/09\/ENGEB-1.jpg 840w, https:\/\/centros.uepb.edu.br\/ccbsa\/files\/2016\/09\/ENGEB-1-300x162.jpg 300w, https:\/\/centros.uepb.edu.br\/ccbsa\/files\/2016\/09\/ENGEB-1-768x415.jpg 768w, https:\/\/centros.uepb.edu.br\/ccbsa\/files\/2016\/09\/ENGEB-1-370x200.jpg 370w\" sizes=\"auto, (max-width: 840px) 100vw, 840px\" \/><\/a><\/p>\n<p>As descobertas da ci\u00eancia relacionadas ao Zika v\u00edrus, ao c\u00e2ncer cervical e a outras doen\u00e7as gen\u00e9ticas; a import\u00e2ncia da biotecnologia para desenvolvimento de vacinas e bioprodutos para aplica\u00e7\u00e3o na ind\u00fastria e melhoramento gen\u00e9tico de plantas, s\u00e3o alguns dos temas que ser\u00e3o abordados por pesquisadores de reconhecimento em todo o pa\u00eds durante o Encontro de Gen\u00e9tica e Biotecnologia da Para\u00edba (ENGEB-PB), que ser\u00e1 realizado no Campus V da Universidade Estadual da Para\u00edba, em Jo\u00e3o Pessoa entre os dias 16 e 18 de novembro.<\/p>\n<p>O evento, que j\u00e1 superou as expectativas da comiss\u00e3o organizadora em rela\u00e7\u00e3o ao n\u00famero de inscritos, reunir\u00e1 pesquisadores, professores e estudantes das \u00e1reas da Gen\u00e9tica, Biologia Molecular e Biotecnologia da Para\u00edba e de outras regi\u00f5es, \u00e9 organizado pelo Centro Acad\u00eamico do curso de Ci\u00eancias Biol\u00f3gicas do Campus V.<\/p>\n<p>A palestra de abertura do evento, que ocorrer\u00e1 no dia 16 de novembro, \u00e0s 18h, no audit\u00f3rio Pioneiros, com o mesmo tema do Encontro: \u201cGenes e as tecnologias: estimulo cient\u00edfico rumo a novas e importantes descobertas\u201d, ser\u00e1 ministrada pelo professor do Departamento de Gen\u00e9tica da Universidade Federal de Pernambuco, Marcos de Morais Junior, que \u00e9 doutor em Ci\u00eancias Biol\u00f3gicas\/Bioquimica pela Universidade Federal do Rio Grande do Sul e p\u00f3s-doutor em Microbiologia Industrial pela Universidade de Tecnologia de Delft, Holanda.<\/p>\n<p>Durante os tr\u00eas dias de evento ser\u00e3o realizadas palestras, minicursos, mesas-redondas e apresenta\u00e7\u00f5es de trabalhos, com as inova\u00e7\u00f5es e descobertas na \u00e1rea de Gen\u00e9tica e Biotecnologia. Est\u00e3o confirmadas as participa\u00e7\u00f5es de palestrantes da UFMG, UFPE, Fiocruz, UFPB, UFCG, Embrapa e UEPB.<\/p>\n<p>A palestra de encerramento do ENGEB \u201cO Projeto Genogr\u00e1fico e a hist\u00f3ria do povoamento da Am\u00e9rica do Sul\u201d, ocorrer\u00e1 dia 18 de novembro \u00e0s 17h, tendo como ministrante o professor da Universidade Federal de Minas Gerais, Fabr\u00edcio Rodrigues dos Santos, que \u00e9 presidente da Sociedade Brasileira de Gen\u00e9tica, bi\u00f3logo e geneticista com doutorado pela UFMG, p\u00f3s-doutorados pela Universidade de Oxford, Reino Unido e pela National Geographic Society\/Universidade da Pensilv\u00e2nia, EUA. Atua no Instituto de Estudos Avan\u00e7ados (IEAT), e \u00e9 pesquisador da \u00e1rea de Gen\u00e9tica e Evolu\u00e7\u00e3o e Diretor do Centro de Cole\u00e7\u00f5es Taxon\u00f4micas da UFMG. Foi membro do Comit\u00ea Assessor de Gen\u00e9tica do CNPq entre 2011 e 2015.<\/p>\n<p>A integrante da comiss\u00e3o organizadora do evento, professora Daniela Pontes, destaca que o evento foi criado a partir de uma demanda de pesquisadores, docentes e discentes do curso de Ci\u00eancias Biol\u00f3gicas do Campus V da UEPB, que j\u00e1 desenvolviam estudos de relev\u00e2ncia na \u00e1rea e pensaram na possibilidade de realizar uma atividade de socializa\u00e7\u00e3o dessas pesquisas e contato com a produ\u00e7\u00e3o de outros centros de destaque na \u00e1rea. Nesse sentido, o Encontro busca possibilitar discuss\u00f5es da comunidade acad\u00eamica a partir de estudos diretamente associados a quest\u00f5es de interesse social como as pesquisas do Zika Virus, o desenvolvimento de Bioprodutos para aplica\u00e7\u00e3o na ind\u00fastria, a origem da vida e a hist\u00f3ria escondida em nosso DNA, entre outros temas das \u00e1reas de Gen\u00e9tica e Biotecnologia.<\/p>\n<p>\u201cVivemos uma era de ascens\u00e3o do desenvolvimento tecnol\u00f3gico e grandes descobertas vem revolucionando as pesquisas na \u00e1rea de gen\u00e9tica e biotecnologia. Essa busca pelo conhecimento e compreens\u00e3o da import\u00e2ncia e funcionalidade g\u00eanica visa principalmente trazer benef\u00edcios a popula\u00e7\u00e3o, buscando atender as necessidades eminentes nas \u00e1reas de sa\u00fade p\u00fablica humana e animal, farmac\u00eautica, industrial e de meio ambiente\u201d, explicou a professora Daniela.<\/p>\n<p>Durante o evento\u00a0ser\u00e3o ofertados cinco minicursos: Bioinform\u00e1tica B\u00e1sica, Citogen\u00e9tica Animal e Humana, Gen\u00e9tica forense: Universidade e Aplicabilidade, Desenvolvimento de nanossistemas aplicados a sa\u00fade e Gen\u00e9tica da Conserva\u00e7\u00e3o \u00a0aplicada \u00e0 biodiversidade neotropical, todos com carga hor\u00e1ria de 6 horas.<\/p>\n<p>De acordo com a comiss\u00e3o organizadora do ENGEB ainda restam 30 vagas para os minicursos e demais atividades do evento. As inscri\u00e7\u00f5es de participantes seguem enquanto as vagas restantes n\u00e3o forem preenchidas.<\/p>\n<p>Outras informa\u00e7\u00f5es:<a href=\"http:\/\/engeb-pb.wixsite.com\/engebpb\"> http:\/\/engeb-pb.wixsite.com\/engebpb<\/a><\/p>\n","protected":false},"excerpt":{"rendered":"<p>As descobertas da ci\u00eancia relacionadas ao Zika v\u00edrus, ao c\u00e2ncer cervical e a outras doen\u00e7as gen\u00e9ticas; a import\u00e2ncia da biotecnologia para desenvolvimento de vacinas e bioprodutos para aplica\u00e7\u00e3o na ind\u00fastria e melhoramento gen\u00e9tico de plantas, s\u00e3o alguns dos temas que ser\u00e3o abordados por pesquisadores de reconhecimento em todo o pa\u00eds durante o Encontro de Gen\u00e9tica <a class=\"leiamais\" href=\"https:\/\/centros.uepb.edu.br\/ccbsa\/descobertas-na-area-de-genetica-e-biotecnologia-serao-discutidas-em-encontro-no-campus-v-da-uepb\/\">Leia Mais&#8230;<\/a><\/p>\n","protected":false},"author":8,"featured_media":3499,"comment_status":"closed","ping_status":"closed","sticky":false,"template":"","format":"standard","meta":{"footnotes":""},"categories":[3,11],"tags":[],"class_list":["post-3677","post","type-post","status-publish","format-standard","has-post-thumbnail","hentry","category-noticias","category-noticias-destaque-img"],"jetpack_featured_media_url":"https:\/\/centros.uepb.edu.br\/ccbsa\/files\/2016\/09\/ENGEB-1.jpg","_links":{"self":[{"href":"https:\/\/centros.uepb.edu.br\/ccbsa\/wp-json\/wp\/v2\/posts\/3677","targetHints":{"allow":["GET"]}}],"collection":[{"href":"https:\/\/centros.uepb.edu.br\/ccbsa\/wp-json\/wp\/v2\/posts"}],"about":[{"href":"https:\/\/centros.uepb.edu.br\/ccbsa\/wp-json\/wp\/v2\/types\/post"}],"author":[{"embeddable":true,"href":"https:\/\/centros.uepb.edu.br\/ccbsa\/wp-json\/wp\/v2\/users\/8"}],"replies":[{"embeddable":true,"href":"https:\/\/centros.uepb.edu.br\/ccbsa\/wp-json\/wp\/v2\/comments?post=3677"}],"version-history":[{"count":0,"href":"https:\/\/centros.uepb.edu.br\/ccbsa\/wp-json\/wp\/v2\/posts\/3677\/revisions"}],"wp:featuredmedia":[{"embeddable":true,"href":"https:\/\/centros.uepb.edu.br\/ccbsa\/wp-json\/wp\/v2\/media\/3499"}],"wp:attachment":[{"href":"https:\/\/centros.uepb.edu.br\/ccbsa\/wp-json\/wp\/v2\/media?parent=3677"}],"wp:term":[{"taxonomy":"category","embeddable":true,"href":"https:\/\/centros.uepb.edu.br\/ccbsa\/wp-json\/wp\/v2\/categories?post=3677"},{"taxonomy":"post_tag","embeddable":true,"href":"https:\/\/centros.uepb.edu.br\/ccbsa\/wp-json\/wp\/v2\/tags?post=3677"}],"curies":[{"name":"wp","href":"https:\/\/api.w.org\/{rel}","templated":true}]}}