{"id":3672,"date":"2016-11-07T12:26:18","date_gmt":"2016-11-07T12:26:18","guid":{"rendered":"https:\/\/centros.uepb.edu.br\/ccbsa\/?p=3672"},"modified":"2016-11-07T12:26:18","modified_gmt":"2016-11-07T12:26:18","slug":"campus-v-recebe-modulos-que-serao-utilizados-como-espacos-laboratoriais-e-salas-multiuso-dos-cursos-de-graduacao","status":"publish","type":"post","link":"https:\/\/centros.uepb.edu.br\/ccbsa\/campus-v-recebe-modulos-que-serao-utilizados-como-espacos-laboratoriais-e-salas-multiuso-dos-cursos-de-graduacao\/","title":{"rendered":"Campus V recebe m\u00f3dulos que ser\u00e3o utilizados como espa\u00e7os laboratoriais e salas multiuso dos cursos de gradua\u00e7\u00e3o"},"content":{"rendered":"<p><a href=\"https:\/\/centros.uepb.edu.br\/ccbsa\/files\/2016\/11\/DSC05443.jpg\"><img loading=\"lazy\" decoding=\"async\" class=\"aligncenter size-full wp-image-3674 img-responsive\" src=\"https:\/\/centros.uepb.edu.br\/ccbsa\/files\/2016\/11\/DSC05443.jpg\" alt=\"\" width=\"840\" height=\"454\" srcset=\"https:\/\/centros.uepb.edu.br\/ccbsa\/files\/2016\/11\/DSC05443.jpg 840w, https:\/\/centros.uepb.edu.br\/ccbsa\/files\/2016\/11\/DSC05443-300x162.jpg 300w, https:\/\/centros.uepb.edu.br\/ccbsa\/files\/2016\/11\/DSC05443-768x415.jpg 768w, https:\/\/centros.uepb.edu.br\/ccbsa\/files\/2016\/11\/DSC05443-370x200.jpg 370w\" sizes=\"auto, (max-width: 840px) 100vw, 840px\" \/><\/a><\/p>\n<p>Com o objetivo de possibilitar melhores condi\u00e7\u00f5es de trabalho e espa\u00e7os adequados para a realiza\u00e7\u00e3o de atividades de pesquisa e extens\u00e3o, o Campus V da Universidade Estadual da Para\u00edba acaba de receber seis m\u00f3dulos habit\u00e1veis que foram destinados aos tr\u00eas cursos de gradua\u00e7\u00e3o do Centro de Ci\u00eancias Biol\u00f3gicas e Sociais Aplicadas.<\/p>\n<p>De acordo com a decis\u00e3o do Conselho de Centro, em reuni\u00e3o realizada no dia 25 de outubro, os novos espa\u00e7os ser\u00e3o divididos da seguinte forma: um container conjugado (medindo 6 x 4,8 metros) e um m\u00f3dulo tradicional (medindo 6 x 2,40) ser\u00e3o destinados ao curso de Rela\u00e7\u00f5es Internacionais, passando a servir de ambiente de reuni\u00e3o e laborat\u00f3rio; o curso de Arquivologia ser\u00e1 contemplado com um container que abrigar\u00e1 o projeto SESA e atender\u00e1 ao Mestrado em Arquivologia; e o curso de Ci\u00eancias Biol\u00f3gicas passar\u00e1 a contar com tr\u00eas novos laborat\u00f3rios, o Laborat\u00f3rio de Biologia Molecular, coordenado pelas professoras Daniela Pontes e Brigida Luckwu, o Laborat\u00f3rio de Bioac\u00fastica e Comportamento de Peixes \u2013 BCOMP, coordenado pela professora Tacyana Oliveira, e o Laborat\u00f3rio de Ecofisiologia Animal, sob a coordena\u00e7\u00e3o da professora Enelise Amado.<\/p>\n<p>De acordo com a diretora do CCBSA, professora Jacqueline Echeverr\u00eda Barrancos, os m\u00f3dulos s\u00e3o a solu\u00e7\u00e3o encontrada para atender algumas demandas urgentes do Campus V relacionadas \u00e0 infraestrutura. O coordenador do curso de Ci\u00eancias Biol\u00f3gicas, professor Cl\u00e9ber Salimon, destaca que a aquisi\u00e7\u00e3o dos novos espa\u00e7os ir\u00e1 suprir parte da car\u00eancia de locais para abrigar os laborat\u00f3rios onde s\u00e3o desenvolvidas pesquisas de diferentes \u00e1reas do curso, permitindo a compra de equipamentos atrav\u00e9s de editais de institui\u00e7\u00f5es de fomento \u00e0 pesquisa e uma melhor condi\u00e7\u00e3o de trabalho para discentes, t\u00e9cnicos e docentes que utilizar\u00e3o os m\u00f3dulos.<\/p>\n<p>Al\u00e9m destes espa\u00e7os, o Campus V j\u00e1 contava com dois m\u00f3dulos adquiridos por iniciativa do professor Douglas Zeppelini, do curso de Ci\u00eancias Biol\u00f3gicas, um destes, sendo utilizado como Laborat\u00f3rio de Sistem\u00e1tica de Collembola, e outro aguardando a realiza\u00e7\u00e3o de reforma para servir como espa\u00e7o de pesquisa do docente. Ambos est\u00e3o localizados na mesma \u00e1rea dos demais containeres, na \u00e1rea lateral ao pr\u00e9dio do CCBSA.<\/p>\n<p>O uso do container na constru\u00e7\u00e3o como elemento arquitet\u00f4nico atende demandas de novas pr\u00e1ticas construtivas e garante o reaproveitamento de cofres de cargas que ficam abandonados em portos. Trata-se de uma solu\u00e7\u00e3o sustent\u00e1vel e de baixo custo. Muito comum no Jap\u00e3o e na Europa \u2014 principalmente na Holanda e na Inglaterra \u2013 esse tipo de aplica\u00e7\u00e3o se destaca pela facilidade no deslocamento e expans\u00e3o do projeto.<\/p>\n<p>Os novos m\u00f3dulos do Campus V devem receber os ajustes necess\u00e1rios, tais como instala\u00e7\u00e3o de \u00e1gua, energia el\u00e9trica e bancadas, para que estejam dispon\u00edveis para a utiliza\u00e7\u00e3o.<\/p>\n","protected":false},"excerpt":{"rendered":"<p>Com o objetivo de possibilitar melhores condi\u00e7\u00f5es de trabalho e espa\u00e7os adequados para a realiza\u00e7\u00e3o de atividades de pesquisa e extens\u00e3o, o Campus V da Universidade Estadual da Para\u00edba acaba de receber seis m\u00f3dulos habit\u00e1veis que foram destinados aos tr\u00eas cursos de gradua\u00e7\u00e3o do Centro de Ci\u00eancias Biol\u00f3gicas e Sociais Aplicadas. De acordo com a <a class=\"leiamais\" href=\"https:\/\/centros.uepb.edu.br\/ccbsa\/campus-v-recebe-modulos-que-serao-utilizados-como-espacos-laboratoriais-e-salas-multiuso-dos-cursos-de-graduacao\/\">Leia Mais&#8230;<\/a><\/p>\n","protected":false},"author":8,"featured_media":3674,"comment_status":"closed","ping_status":"closed","sticky":false,"template":"","format":"standard","meta":{"footnotes":""},"categories":[3,11],"tags":[],"class_list":["post-3672","post","type-post","status-publish","format-standard","has-post-thumbnail","hentry","category-noticias","category-noticias-destaque-img"],"jetpack_featured_media_url":"https:\/\/centros.uepb.edu.br\/ccbsa\/files\/2016\/11\/DSC05443.jpg","_links":{"self":[{"href":"https:\/\/centros.uepb.edu.br\/ccbsa\/wp-json\/wp\/v2\/posts\/3672","targetHints":{"allow":["GET"]}}],"collection":[{"href":"https:\/\/centros.uepb.edu.br\/ccbsa\/wp-json\/wp\/v2\/posts"}],"about":[{"href":"https:\/\/centros.uepb.edu.br\/ccbsa\/wp-json\/wp\/v2\/types\/post"}],"author":[{"embeddable":true,"href":"https:\/\/centros.uepb.edu.br\/ccbsa\/wp-json\/wp\/v2\/users\/8"}],"replies":[{"embeddable":true,"href":"https:\/\/centros.uepb.edu.br\/ccbsa\/wp-json\/wp\/v2\/comments?post=3672"}],"version-history":[{"count":0,"href":"https:\/\/centros.uepb.edu.br\/ccbsa\/wp-json\/wp\/v2\/posts\/3672\/revisions"}],"wp:featuredmedia":[{"embeddable":true,"href":"https:\/\/centros.uepb.edu.br\/ccbsa\/wp-json\/wp\/v2\/media\/3674"}],"wp:attachment":[{"href":"https:\/\/centros.uepb.edu.br\/ccbsa\/wp-json\/wp\/v2\/media?parent=3672"}],"wp:term":[{"taxonomy":"category","embeddable":true,"href":"https:\/\/centros.uepb.edu.br\/ccbsa\/wp-json\/wp\/v2\/categories?post=3672"},{"taxonomy":"post_tag","embeddable":true,"href":"https:\/\/centros.uepb.edu.br\/ccbsa\/wp-json\/wp\/v2\/tags?post=3672"}],"curies":[{"name":"wp","href":"https:\/\/api.w.org\/{rel}","templated":true}]}}