{"id":3640,"date":"2016-10-27T13:59:35","date_gmt":"2016-10-27T13:59:35","guid":{"rendered":"https:\/\/centros.uepb.edu.br\/ccbsa\/?p=3640"},"modified":"2016-10-27T14:00:54","modified_gmt":"2016-10-27T14:00:54","slug":"curso-de-arquivologia-da-uepb-e-escolhido-para-sediar-8a-edicao-do-congresso-nacional-de-arquivologia","status":"publish","type":"post","link":"https:\/\/centros.uepb.edu.br\/ccbsa\/curso-de-arquivologia-da-uepb-e-escolhido-para-sediar-8a-edicao-do-congresso-nacional-de-arquivologia\/","title":{"rendered":"Curso de Arquivologia da UEPB \u00e9 escolhido para sediar 8\u00aa edi\u00e7\u00e3o do Congresso Nacional de Arquivologia"},"content":{"rendered":"<p><a href=\"https:\/\/centros.uepb.edu.br\/ccbsa\/files\/2016\/10\/14700980_1122979327793359_705821597142762119_o-1.jpg\"><img loading=\"lazy\" decoding=\"async\" class=\"aligncenter size-full wp-image-3642 img-responsive\" src=\"https:\/\/centros.uepb.edu.br\/ccbsa\/files\/2016\/10\/14700980_1122979327793359_705821597142762119_o-1.jpg\" alt=\"14700980_1122979327793359_705821597142762119_o\" width=\"840\" height=\"454\" srcset=\"https:\/\/centros.uepb.edu.br\/ccbsa\/files\/2016\/10\/14700980_1122979327793359_705821597142762119_o-1.jpg 840w, https:\/\/centros.uepb.edu.br\/ccbsa\/files\/2016\/10\/14700980_1122979327793359_705821597142762119_o-1-300x162.jpg 300w, https:\/\/centros.uepb.edu.br\/ccbsa\/files\/2016\/10\/14700980_1122979327793359_705821597142762119_o-1-768x415.jpg 768w, https:\/\/centros.uepb.edu.br\/ccbsa\/files\/2016\/10\/14700980_1122979327793359_705821597142762119_o-1-370x200.jpg 370w\" sizes=\"auto, (max-width: 840px) 100vw, 840px\" \/><\/a><\/p>\n<p>Estudantes, professores e arquivistas do curso de Arquivologia da Universidade Estadual da Para\u00edba participaram do 7\u00ba Congresso Nacional de Arquivologia (CNA), de 17 a 21 de outubro, em Fortaleza, Cear\u00e1, com a apresenta\u00e7\u00e3o de trabalhos de pesquisa e extens\u00e3o. Ao todo foram 16 trabalhos apresentados pela comitiva da UEPB.<\/p>\n<p>Com o tema \u201cArquivologia: da interdisciplinaridade \u00e0 interpolaridade\u201d durante o 7\u00ba CNA gestores p\u00fablicos, empres\u00e1rios, acad\u00eamicos e profissionais que atuam na preserva\u00e7\u00e3o do patrim\u00f4nio arquiv\u00edstico; acesso \u00e0 informa\u00e7\u00e3o e manuten\u00e7\u00e3o do poder de prova do documento f\u00edsico e digital, puderam refletir sobre a import\u00e2ncia da interdisciplinaridade na forma\u00e7\u00e3o de arquivistas e t\u00e9cnicos de arquivo; e garantia da interoperabilidade de sistemas, dados e metadados para melhor direcionar pol\u00edticas p\u00fablicas e definir estrat\u00e9gias em benef\u00edcio do cidad\u00e3o.<\/p>\n<p>Na oportunidade, a Associa\u00e7\u00e3o dos Arquivistas da Para\u00edba (AAPB) realizou a candidatura da Para\u00edba como sede da 8\u00aa edi\u00e7\u00e3o do CNA, sendo aprovada por unanimidade. Assim, o CNA, que \u00e9 considerado o maior evento em \u00e2mbito nacional, com proje\u00e7\u00e3o internacional, na \u00e1rea de arquivologia, ser\u00e1 realizado em 2018 no Campus V da Universidade Estadual da Para\u00edba.<\/p>\n","protected":false},"excerpt":{"rendered":"<p>Estudantes, professores e arquivistas do curso de Arquivologia da Universidade Estadual da Para\u00edba participaram do 7\u00ba Congresso Nacional de Arquivologia (CNA), de 17 a 21 de outubro, em Fortaleza, Cear\u00e1, com a apresenta\u00e7\u00e3o de trabalhos de pesquisa e extens\u00e3o. Ao todo foram 16 trabalhos apresentados pela comitiva da UEPB. Com o tema \u201cArquivologia: da interdisciplinaridade <a class=\"leiamais\" href=\"https:\/\/centros.uepb.edu.br\/ccbsa\/curso-de-arquivologia-da-uepb-e-escolhido-para-sediar-8a-edicao-do-congresso-nacional-de-arquivologia\/\">Leia Mais&#8230;<\/a><\/p>\n","protected":false},"author":8,"featured_media":3641,"comment_status":"closed","ping_status":"closed","sticky":false,"template":"","format":"standard","meta":{"footnotes":""},"categories":[3,11],"tags":[],"class_list":["post-3640","post","type-post","status-publish","format-standard","has-post-thumbnail","hentry","category-noticias","category-noticias-destaque-img"],"jetpack_featured_media_url":"https:\/\/centros.uepb.edu.br\/ccbsa\/files\/2016\/10\/14700980_1122979327793359_705821597142762119_o.jpg","_links":{"self":[{"href":"https:\/\/centros.uepb.edu.br\/ccbsa\/wp-json\/wp\/v2\/posts\/3640","targetHints":{"allow":["GET"]}}],"collection":[{"href":"https:\/\/centros.uepb.edu.br\/ccbsa\/wp-json\/wp\/v2\/posts"}],"about":[{"href":"https:\/\/centros.uepb.edu.br\/ccbsa\/wp-json\/wp\/v2\/types\/post"}],"author":[{"embeddable":true,"href":"https:\/\/centros.uepb.edu.br\/ccbsa\/wp-json\/wp\/v2\/users\/8"}],"replies":[{"embeddable":true,"href":"https:\/\/centros.uepb.edu.br\/ccbsa\/wp-json\/wp\/v2\/comments?post=3640"}],"version-history":[{"count":0,"href":"https:\/\/centros.uepb.edu.br\/ccbsa\/wp-json\/wp\/v2\/posts\/3640\/revisions"}],"wp:featuredmedia":[{"embeddable":true,"href":"https:\/\/centros.uepb.edu.br\/ccbsa\/wp-json\/wp\/v2\/media\/3641"}],"wp:attachment":[{"href":"https:\/\/centros.uepb.edu.br\/ccbsa\/wp-json\/wp\/v2\/media?parent=3640"}],"wp:term":[{"taxonomy":"category","embeddable":true,"href":"https:\/\/centros.uepb.edu.br\/ccbsa\/wp-json\/wp\/v2\/categories?post=3640"},{"taxonomy":"post_tag","embeddable":true,"href":"https:\/\/centros.uepb.edu.br\/ccbsa\/wp-json\/wp\/v2\/tags?post=3640"}],"curies":[{"name":"wp","href":"https:\/\/api.w.org\/{rel}","templated":true}]}}