{"id":3636,"date":"2016-10-19T13:03:12","date_gmt":"2016-10-19T13:03:12","guid":{"rendered":"https:\/\/centros.uepb.edu.br\/ccbsa\/?p=3636"},"modified":"2016-11-07T11:44:52","modified_gmt":"2016-11-07T11:44:52","slug":"nucleo-de-linguas-do-campus-v-realiza-matriculas-para-novatos-e-veteranos-4","status":"publish","type":"post","link":"https:\/\/centros.uepb.edu.br\/ccbsa\/nucleo-de-linguas-do-campus-v-realiza-matriculas-para-novatos-e-veteranos-4\/","title":{"rendered":"N\u00facleo de l\u00ednguas do Campus V realiza matr\u00edculas de alunos novatos e veteranos"},"content":{"rendered":"<p>O N\u00facleo de L\u00ednguas do Campus V da Universidade Estadual da Para\u00edba, em Jo\u00e3o Pessoa, realiza, de 7 a 10 de novembro, a matr\u00edcula de novatos e veteranos para os cursos de idiomas ofertados no local. Os estudantes da UEPB e veteranos podem realizar as matr\u00edculas nos dias 7 e 8 de novembro, das 8 \u00e0s 12h. E as matr\u00edculas de novatos, voltados \u00e0 comunidade em geral, ocorrem nos dias 9 e 10 de novembro, das 8 \u00e0s 12h.<\/p>\n<p>Ap\u00f3s o per\u00edodo de matr\u00edculas, no dia 11 de novembro, das 9 \u00e0s 11h, ser\u00e1 realizada uma prova de nivelamento para os estudantes que j\u00e1 tenham algum conhecimento no idioma do curso, para que saibam em que est\u00e1gio da forma\u00e7\u00e3o ir\u00e3o se enquadrar. Para efetivar a matr\u00edcula \u00e9 necess\u00e1rio apresentar duas fotos 3\u00d74 e comprovante de escolaridade.<\/p>\n<p>O N\u00facleo de L\u00ednguas do Campus V conta com cursos de l\u00edngua portuguesa, inglesa, francesa e espanhola oferecidos nos tr\u00eas turnos, de segunda a sexta feira. As matr\u00edculas s\u00e3o realizadas na secretaria do setor que funciona \u00e0 Rua Hor\u00e1cio Trajano de Oliveira, s\/n, Cristo, Jo\u00e3o Pessoa.<\/p>\n<p>Outras informa\u00e7\u00f5es: (83) 3223- 1128 (ramal:214) \/ cl.uepb@gmail.com<\/p>\n","protected":false},"excerpt":{"rendered":"<p>O N\u00facleo de L\u00ednguas do Campus V da Universidade Estadual da Para\u00edba, em Jo\u00e3o Pessoa, realiza, de 7 a 10 de novembro, a matr\u00edcula de novatos e veteranos para os cursos de idiomas ofertados no local. Os estudantes da UEPB e veteranos podem realizar as matr\u00edculas nos dias 7 e 8 de novembro, das 8 <a class=\"leiamais\" href=\"https:\/\/centros.uepb.edu.br\/ccbsa\/nucleo-de-linguas-do-campus-v-realiza-matriculas-para-novatos-e-veteranos-4\/\">Leia Mais&#8230;<\/a><\/p>\n","protected":false},"author":8,"featured_media":3575,"comment_status":"closed","ping_status":"closed","sticky":false,"template":"","format":"standard","meta":{"footnotes":""},"categories":[3,11],"tags":[],"class_list":["post-3636","post","type-post","status-publish","format-standard","has-post-thumbnail","hentry","category-noticias","category-noticias-destaque-img"],"jetpack_featured_media_url":"https:\/\/centros.uepb.edu.br\/ccbsa\/files\/2013\/05\/DSC03841.jpg","_links":{"self":[{"href":"https:\/\/centros.uepb.edu.br\/ccbsa\/wp-json\/wp\/v2\/posts\/3636","targetHints":{"allow":["GET"]}}],"collection":[{"href":"https:\/\/centros.uepb.edu.br\/ccbsa\/wp-json\/wp\/v2\/posts"}],"about":[{"href":"https:\/\/centros.uepb.edu.br\/ccbsa\/wp-json\/wp\/v2\/types\/post"}],"author":[{"embeddable":true,"href":"https:\/\/centros.uepb.edu.br\/ccbsa\/wp-json\/wp\/v2\/users\/8"}],"replies":[{"embeddable":true,"href":"https:\/\/centros.uepb.edu.br\/ccbsa\/wp-json\/wp\/v2\/comments?post=3636"}],"version-history":[{"count":0,"href":"https:\/\/centros.uepb.edu.br\/ccbsa\/wp-json\/wp\/v2\/posts\/3636\/revisions"}],"wp:featuredmedia":[{"embeddable":true,"href":"https:\/\/centros.uepb.edu.br\/ccbsa\/wp-json\/wp\/v2\/media\/3575"}],"wp:attachment":[{"href":"https:\/\/centros.uepb.edu.br\/ccbsa\/wp-json\/wp\/v2\/media?parent=3636"}],"wp:term":[{"taxonomy":"category","embeddable":true,"href":"https:\/\/centros.uepb.edu.br\/ccbsa\/wp-json\/wp\/v2\/categories?post=3636"},{"taxonomy":"post_tag","embeddable":true,"href":"https:\/\/centros.uepb.edu.br\/ccbsa\/wp-json\/wp\/v2\/tags?post=3636"}],"curies":[{"name":"wp","href":"https:\/\/api.w.org\/{rel}","templated":true}]}}