{"id":363,"date":"2013-07-03T10:38:07","date_gmt":"2013-07-03T10:38:07","guid":{"rendered":"\/ccbsa\/?p=363"},"modified":"2013-07-04T14:08:42","modified_gmt":"2013-07-04T14:08:42","slug":"docente-de-relacoes-internacionais-cria-pagina-para-discutir-questoes-relacionadas-a-politica-e-economia","status":"publish","type":"post","link":"https:\/\/centros.uepb.edu.br\/ccbsa\/docente-de-relacoes-internacionais-cria-pagina-para-discutir-questoes-relacionadas-a-politica-e-economia\/","title":{"rendered":"Docente de Rela\u00e7\u00f5es Internacionais cria p\u00e1gina para discutir quest\u00f5es relacionadas \u00e0 pol\u00edtica e economia"},"content":{"rendered":"<p>Para onde vai o mundo? Para onde queremos ir? Quest\u00f5es que surgem diante de um cen\u00e1rio marcado por uma s\u00e9rie de acontecimentos pol\u00edticos, econ\u00f4micos e sociais, nacionais e internacionais, que norteiam os rumos que o pa\u00eds ir\u00e1 tomar, e que est\u00e3o articuladas ao intuito da p\u00e1gina Conto do Uir\u00e1-puru, de autoria do coordenador do curso de Rela\u00e7\u00f5es Internacionais, professor Jos\u00e9 Carlos de Assis. O espa\u00e7o tem a pretens\u00e3o de discutir com acad\u00eamicos e pesquisadores temas atuais que marcam a sociedade brasileira.<\/p>\n<p>Economista, professor de Economia Internacional, Jos\u00e9 Carlos de Assis j\u00e1 atuou como rep\u00f3rter de economia na Folha de S\u00e3o Paulo, Jornal do Brasil, O Jornal do Rio de Janeiro; foi vencedor do Pr\u00eamio Esso de Reportagem; \u00e9 colunista da Carta Maior e autor de v\u00e1rias publica\u00e7\u00f5es, entre elas o livro \u201cA Raz\u00e3o de Deus\u201d, da editora Civiliza\u00e7\u00e3o Brasileira. A escolha do nome \u201cConto do Uir\u00e1-Puru\u201d para a p\u00e1gina nas redes sociais \u00e9 uma refer\u00eancia \u00e0 trajet\u00f3ria do pesquisador que utilizava esse codinome para assinar algumas de suas mat\u00e9rias no per\u00edodo em que atuava como rep\u00f3rter.<\/p>\n<p>Na p\u00e1gina ser\u00e3o difundidas cr\u00f4nicas com cr\u00edticas ao sistema pol\u00edtico e econ\u00f4mico brasileiro com um sentido propositivo e reflexivo e amparadas por um ponto de vista independente e divertido. O personagem principal das est\u00f3rias \u00e9 denominado \u2018Simpl\u00edcio\u2019, que segundo o professor Jos\u00e9 Carlos \u201csimboliza a figura de brasileiros inquietos e generosos, sonhadores, ut\u00f3picos, realizadores da vida\u201d.<\/p>\n<p>\u201cClaro que gostamos das manifesta\u00e7\u00f5es de rua que aconteceram em junho em muitas cidades brasileiras, s\u00e3o a nossa cara! Entretanto, queremos contribuir para dar respostas \u00e0s demandas sociais que afloraram nelas. E repelimos o oportunismo de direita que quis se apropriar das manifesta\u00e7\u00f5es segundo seus pr\u00f3prios interesses. \u00c9 que grande parte da grande m\u00eddia, e de outras for\u00e7as que sempre estiveram atr\u00e1s da carruagem manipulando o povo, se apressaram a pular na frente dos cavalos depois que a carruagem disparou. Simpl\u00edcio saber\u00e1 escapar dessa manipula\u00e7\u00e3o\u201d, afirma o professor Jos\u00e9 Carlos.<\/p>\n<p>Todas as cr\u00f4nicas contam com o trabalho de ilustra\u00e7\u00e3o do estudante de RI Nivaldo Pires. Tamb\u00e9m foram respons\u00e1veis pela editora\u00e7\u00e3o gr\u00e1fica da p\u00e1gina os estudantes Jos\u00e9 Robson e Valter \u00c2ngelo, e o aluno Nillo Carlos, presta assessoria ao projeto.<\/p>\n<p>Para acessar a <a href=\"https:\/\/www.facebook.com\/CantoDoUiraPuru\">p\u00e1gina<\/a>, basta clicar no link dispon\u00edvel ao lado direito da p\u00e1gina principal do CCBSA, no espa\u00e7o destinado ao acesso r\u00e1pido.<\/p>\n","protected":false},"excerpt":{"rendered":"<p>Para onde vai o mundo? Para onde queremos ir? Quest\u00f5es que surgem diante de um cen\u00e1rio marcado por uma s\u00e9rie de acontecimentos pol\u00edticos, econ\u00f4micos e sociais, nacionais e internacionais, que norteiam os rumos que o pa\u00eds ir\u00e1 tomar, e que est\u00e3o articuladas ao intuito da p\u00e1gina Conto do Uir\u00e1-puru, de autoria do coordenador do curso <a class=\"leiamais\" href=\"https:\/\/centros.uepb.edu.br\/ccbsa\/docente-de-relacoes-internacionais-cria-pagina-para-discutir-questoes-relacionadas-a-politica-e-economia\/\">Leia Mais&#8230;<\/a><\/p>\n","protected":false},"author":8,"featured_media":364,"comment_status":"open","ping_status":"open","sticky":false,"template":"","format":"standard","meta":{"footnotes":""},"categories":[6],"tags":[],"class_list":["post-363","post","type-post","status-publish","format-standard","has-post-thumbnail","hentry","category-slide"],"jetpack_featured_media_url":"https:\/\/centros.uepb.edu.br\/ccbsa\/files\/2013\/07\/CANTO.jpg","_links":{"self":[{"href":"https:\/\/centros.uepb.edu.br\/ccbsa\/wp-json\/wp\/v2\/posts\/363","targetHints":{"allow":["GET"]}}],"collection":[{"href":"https:\/\/centros.uepb.edu.br\/ccbsa\/wp-json\/wp\/v2\/posts"}],"about":[{"href":"https:\/\/centros.uepb.edu.br\/ccbsa\/wp-json\/wp\/v2\/types\/post"}],"author":[{"embeddable":true,"href":"https:\/\/centros.uepb.edu.br\/ccbsa\/wp-json\/wp\/v2\/users\/8"}],"replies":[{"embeddable":true,"href":"https:\/\/centros.uepb.edu.br\/ccbsa\/wp-json\/wp\/v2\/comments?post=363"}],"version-history":[{"count":0,"href":"https:\/\/centros.uepb.edu.br\/ccbsa\/wp-json\/wp\/v2\/posts\/363\/revisions"}],"wp:featuredmedia":[{"embeddable":true,"href":"https:\/\/centros.uepb.edu.br\/ccbsa\/wp-json\/wp\/v2\/media\/364"}],"wp:attachment":[{"href":"https:\/\/centros.uepb.edu.br\/ccbsa\/wp-json\/wp\/v2\/media?parent=363"}],"wp:term":[{"taxonomy":"category","embeddable":true,"href":"https:\/\/centros.uepb.edu.br\/ccbsa\/wp-json\/wp\/v2\/categories?post=363"},{"taxonomy":"post_tag","embeddable":true,"href":"https:\/\/centros.uepb.edu.br\/ccbsa\/wp-json\/wp\/v2\/tags?post=363"}],"curies":[{"name":"wp","href":"https:\/\/api.w.org\/{rel}","templated":true}]}}