{"id":3620,"date":"2016-10-18T11:46:24","date_gmt":"2016-10-18T11:46:24","guid":{"rendered":"https:\/\/centros.uepb.edu.br\/ccbsa\/?p=3620"},"modified":"2016-10-18T11:46:24","modified_gmt":"2016-10-18T11:46:24","slug":"nucleo-de-linguas-do-campus-v-realiza-workshop-de-estudos-linguisticos-em-lingua-espanhola-para-brasileiros","status":"publish","type":"post","link":"https:\/\/centros.uepb.edu.br\/ccbsa\/nucleo-de-linguas-do-campus-v-realiza-workshop-de-estudos-linguisticos-em-lingua-espanhola-para-brasileiros\/","title":{"rendered":"N\u00facleo de L\u00ednguas do Campus V realiza workshop de estudos lingu\u00edsticos em l\u00edngua espanhola para brasileiros"},"content":{"rendered":"<p>&nbsp;<\/p>\n<p><a href=\"https:\/\/centros.uepb.edu.br\/ccbsa\/files\/2016\/10\/IMG_1652edit.jpg\"><img loading=\"lazy\" decoding=\"async\" class=\"aligncenter size-full wp-image-3624 img-responsive\" src=\"https:\/\/centros.uepb.edu.br\/ccbsa\/files\/2016\/10\/IMG_1652edit.jpg\" alt=\"img_1652edit\" width=\"840\" height=\"454\" srcset=\"https:\/\/centros.uepb.edu.br\/ccbsa\/files\/2016\/10\/IMG_1652edit.jpg 840w, https:\/\/centros.uepb.edu.br\/ccbsa\/files\/2016\/10\/IMG_1652edit-300x162.jpg 300w, https:\/\/centros.uepb.edu.br\/ccbsa\/files\/2016\/10\/IMG_1652edit-768x415.jpg 768w, https:\/\/centros.uepb.edu.br\/ccbsa\/files\/2016\/10\/IMG_1652edit-370x200.jpg 370w\" sizes=\"auto, (max-width: 840px) 100vw, 840px\" \/><\/a><\/p>\n<p>Uma das l\u00ednguas mais faladas no mundo, com uma aparente familiaridade com o portugu\u00eas e que est\u00e1 presente no dia a dia de muitos brasileiros moradores de locais de fronteira com pa\u00edses que possuem esse idioma oficial, a l\u00edngua espanhola foi tema do \u201c1\u00ba Workshop de estudos lingu\u00edsticos em l\u00edngua espanhola para brasileiros\u201d, realizado pelo N\u00facleo de L\u00ednguas do Campus V da Universidade Estadual da Para\u00edba, nesta segunda-feira (17) nos turnos da manh\u00e3 e tarde.<\/p>\n<p>O evento foi promovido pelas docentes do Campus V Eneida Gurgel, Kariny Dias de Oliveira, Monya Urue\u00f1a e Neila Coelho com o objetivo de divulgar o N\u00facleo de L\u00ednguas e abordar algumas dificuldades dos estudantes relacionadas a quest\u00f5es verbais, fon\u00e9ticas, varia\u00e7\u00f5es lingu\u00edsticas. Tamb\u00e9m foram apresentadas algumas g\u00edrias utilizadas no espanhol, em pa\u00edses como Espanha e M\u00e9xico, e uma an\u00e1lise comparativa entre os v\u00edcios de linguagem e g\u00edrias nordestinas e espanholas.<\/p>\n<p>De acordo com a professora Eneida Gurgel esse evento foi pensado para possibilitar a discuss\u00e3o sobre algumas dificuldades espec\u00edficas apresentadas pelos estudantes de espanhol do n\u00facleo de L\u00ednguas em sala de aula. \u201cO fato de acreditarmos que \u00e9 semelhante \u00e0 nossa a l\u00edngua espanhola apresenta algumas diferen\u00e7as que se tornam barreiras para que possamos avan\u00e7ar. E foi com o objetivo que sanar algumas d\u00favidas sobre essas principais limita\u00e7\u00f5es que idealizamos essa iniciativa\u201d, explica.<\/p>\n<p>A diretora do Centro de Ci\u00eancias Biol\u00f3gicas e Sociais Aplicadas, professora Jacqueline Echeverr\u00eda Barrancos, destacou a import\u00e2ncia desse Workshop para oportunizar discuss\u00f5es fora do ambiente de sala de aula sobre a l\u00edngua espanhola e como forma de divulgar o trabalho desenvolvido pelo N\u00facleo de L\u00ednguas h\u00e1 10 anos. A docente agradeceu o empenho e ressaltou o trabalho realizado pela professora M\u00f4nica Santana, que deixou o cargo de coordenadora do N\u00facleo.<\/p>\n<p>Al\u00e9m das atividades acad\u00eamicas o evento contou com a apresenta\u00e7\u00e3o cultural do artista Jo\u00e3o Kleber, que executou a can\u00e7\u00e3o \u201cQuiz\u00e1s\u201d, de Enrique Iglesias. De acordo com as organizadoras do evento a perspectiva \u00e9 que outras edi\u00e7\u00f5es do Workshop sejam realizadas todo semestre.<\/p>\n","protected":false},"excerpt":{"rendered":"<p>&nbsp; Uma das l\u00ednguas mais faladas no mundo, com uma aparente familiaridade com o portugu\u00eas e que est\u00e1 presente no dia a dia de muitos brasileiros moradores de locais de fronteira com pa\u00edses que possuem esse idioma oficial, a l\u00edngua espanhola foi tema do \u201c1\u00ba Workshop de estudos lingu\u00edsticos em l\u00edngua espanhola para brasileiros\u201d, realizado <a class=\"leiamais\" href=\"https:\/\/centros.uepb.edu.br\/ccbsa\/nucleo-de-linguas-do-campus-v-realiza-workshop-de-estudos-linguisticos-em-lingua-espanhola-para-brasileiros\/\">Leia Mais&#8230;<\/a><\/p>\n","protected":false},"author":8,"featured_media":3624,"comment_status":"closed","ping_status":"closed","sticky":false,"template":"","format":"standard","meta":{"footnotes":""},"categories":[3,11],"tags":[],"class_list":["post-3620","post","type-post","status-publish","format-standard","has-post-thumbnail","hentry","category-noticias","category-noticias-destaque-img"],"jetpack_featured_media_url":"https:\/\/centros.uepb.edu.br\/ccbsa\/files\/2016\/10\/IMG_1652edit.jpg","_links":{"self":[{"href":"https:\/\/centros.uepb.edu.br\/ccbsa\/wp-json\/wp\/v2\/posts\/3620","targetHints":{"allow":["GET"]}}],"collection":[{"href":"https:\/\/centros.uepb.edu.br\/ccbsa\/wp-json\/wp\/v2\/posts"}],"about":[{"href":"https:\/\/centros.uepb.edu.br\/ccbsa\/wp-json\/wp\/v2\/types\/post"}],"author":[{"embeddable":true,"href":"https:\/\/centros.uepb.edu.br\/ccbsa\/wp-json\/wp\/v2\/users\/8"}],"replies":[{"embeddable":true,"href":"https:\/\/centros.uepb.edu.br\/ccbsa\/wp-json\/wp\/v2\/comments?post=3620"}],"version-history":[{"count":0,"href":"https:\/\/centros.uepb.edu.br\/ccbsa\/wp-json\/wp\/v2\/posts\/3620\/revisions"}],"wp:featuredmedia":[{"embeddable":true,"href":"https:\/\/centros.uepb.edu.br\/ccbsa\/wp-json\/wp\/v2\/media\/3624"}],"wp:attachment":[{"href":"https:\/\/centros.uepb.edu.br\/ccbsa\/wp-json\/wp\/v2\/media?parent=3620"}],"wp:term":[{"taxonomy":"category","embeddable":true,"href":"https:\/\/centros.uepb.edu.br\/ccbsa\/wp-json\/wp\/v2\/categories?post=3620"},{"taxonomy":"post_tag","embeddable":true,"href":"https:\/\/centros.uepb.edu.br\/ccbsa\/wp-json\/wp\/v2\/tags?post=3620"}],"curies":[{"name":"wp","href":"https:\/\/api.w.org\/{rel}","templated":true}]}}