{"id":3591,"date":"2016-10-07T12:23:33","date_gmt":"2016-10-07T12:23:33","guid":{"rendered":"https:\/\/centros.uepb.edu.br\/ccbsa\/?p=3591"},"modified":"2016-10-07T12:25:15","modified_gmt":"2016-10-07T12:25:15","slug":"evento-no-campus-v-discute-a-participacao-politica-popular-apos-o-periodo-eleitoral-como-ato-de-cidadania","status":"publish","type":"post","link":"https:\/\/centros.uepb.edu.br\/ccbsa\/evento-no-campus-v-discute-a-participacao-politica-popular-apos-o-periodo-eleitoral-como-ato-de-cidadania\/","title":{"rendered":"DemoPR\u00c1XIS discute no Campus V a participa\u00e7\u00e3o pol\u00edtica popular ap\u00f3s o per\u00edodo eleitoral como ato de cidadania"},"content":{"rendered":"<p><a href=\"https:\/\/centros.uepb.edu.br\/ccbsa\/files\/2016\/10\/DSC05294.jpg\"><img loading=\"lazy\" decoding=\"async\" class=\"aligncenter size-full wp-image-3592 img-responsive\" src=\"https:\/\/centros.uepb.edu.br\/ccbsa\/files\/2016\/10\/DSC05294.jpg\" alt=\"\" width=\"840\" height=\"454\" srcset=\"https:\/\/centros.uepb.edu.br\/ccbsa\/files\/2016\/10\/DSC05294.jpg 840w, https:\/\/centros.uepb.edu.br\/ccbsa\/files\/2016\/10\/DSC05294-300x162.jpg 300w, https:\/\/centros.uepb.edu.br\/ccbsa\/files\/2016\/10\/DSC05294-768x415.jpg 768w, https:\/\/centros.uepb.edu.br\/ccbsa\/files\/2016\/10\/DSC05294-370x200.jpg 370w\" sizes=\"auto, (max-width: 840px) 100vw, 840px\" \/><\/a><\/p>\n<p>\u201cExiste pol\u00edtica depois das elei\u00e7\u00f5es?\u201d, esse questionamento marcou as apresenta\u00e7\u00f5es dos stands que compuseram a 3\u00aa edi\u00e7\u00e3o da DemoPR\u00c1XIS, mostra promovida nesta quarta-feira (06), das 9 \u00e0s 20h, nas instala\u00e7\u00f5es do Centro de Ci\u00eancias Biol\u00f3gicas e Sociais Aplicadas da Universidade Estadual da Para\u00edba, em Jo\u00e3o Pessoa, pela turma de 1\u00ba per\u00edodo do componente curricular \u201cInforma\u00e7\u00e3o e Sociedade\u201d do Bacharelado em Arquivologia da UEPB e projeto de extens\u00e3o \u201cMem\u00f3ria, sociedade e cidadania (MUDDE): reflex\u00e3o para al\u00e9m dos muros acad\u00eamicos\u201d, como parte das atividades da 2\u00aa Semana Acad\u00eamica de Arquivologia, realizada at\u00e9 esta sexta-feira, 7 de outubro, no CCBSA.<\/p>\n<p>De acordo com o coordenador do evento, professor Henrique Fran\u00e7a, a iniciativa busca provocar na comunidade acad\u00eamica uma reflex\u00e3o sobre a cidadania a partir do processo democr\u00e1tico brasileiro e do sistema pol\u00edtico do pa\u00eds. \u201cPela primeira vez estamos realizando esse evento no per\u00edodo ap\u00f3s as elei\u00e7\u00f5es. Ent\u00e3o, aproveitamos a oportunidade para desfazer a ideia de que fazer pol\u00edtica \u00e9 apenas eleger um representante e abster-se de discuss\u00f5es posteriores. Procuramos apresentar aos participantes da mostra as possibilidades de acompanhamento da produ\u00e7\u00e3o parlamentar, fiscaliza\u00e7\u00e3o do poder executivo, instrumentos de combate \u00e0 corrup\u00e7\u00e3o, entre outros\u201d, destacou Henrique.<\/p>\n<p>O conceito de pol\u00edtica, o surgimento da democracia e a aplicabilidade de princ\u00edpios democr\u00e1ticos ao longo da hist\u00f3ria, o processo democr\u00e1tico e eleitoral no Brasil, os diversos sistemas pol\u00edticos existentes, as regalias dos pol\u00edticos brasileiros, exemplos de sistemas pol\u00edticos de outros pa\u00edses, s\u00e3o alguns dos temas abordados durante o evento. Segundo o estudante do 1\u00ba per\u00edodo de Arquivologia, Crisostenes Ara\u00fajo, essas discuss\u00f5es, que tiveram in\u00edcio em sala de aula, possibilitaram-lhe um amadurecimento maior sobre essas quest\u00f5es e um conhecimento sobre a import\u00e2ncia de acompanhar as decis\u00f5es pol\u00edticas do pa\u00eds.<\/p>\n<p>J\u00e1 a estudante do ensino m\u00e9dio da Escola Jos\u00e9 Lins do R\u00eago, colaboradora no projeto MUDDE Vitoria Alice, enfatiza a necessidade de que sejam desconstru\u00eddas no\u00e7\u00f5es de pol\u00edtica vinculadas a quest\u00f5es partid\u00e1rias e o entendimento equivocado de que pol\u00edtica acaba ap\u00f3s as elei\u00e7\u00f5es.<\/p>\n<p>\u201cDesde cedo eu fa\u00e7o parte do movimento estudantil e tenho entendimento da import\u00e2ncia da pol\u00edtica, que est\u00e1 presente em tudo que fazemos. Mas a partir do momento que eu ingressei no MUDDE \u00e9 que passei a conhecer muitos de meus direitos. Essa \u00e9 a ideia desse projeto, trazer consci\u00eancia sobre o que n\u00f3s temos de direito, possibilitar cidadania. E a mostra possui esse objetivo, nos fazer refletir sobre a nossa postura pol\u00edtica e cidad\u00e3\u201d, avalia Vitoria.<\/p>\n<p>A DemoPR\u00c1XIS contou, ainda, com exibi\u00e7\u00e3o de v\u00eddeos, distribui\u00e7\u00e3o de panfletos, roda de conversa e a apresenta\u00e7\u00e3o da banda do curso de Arquivologia \u201cTra\u00e7a de Arquivo\u201d, formada pelo professor Henrique Fran\u00e7a e os estudantes Antongnionne Monteiro, Beto Tavares e Italo Campos, que trouxe um repert\u00f3rio com a mesma t\u00f4nica do evento.<\/p>\n<p><strong>Semana Acad\u00eamica de Arquivologia<\/strong><\/p>\n<p>Integrando as atividades comemorativas pelo m\u00eas do arquivista a 2\u00aa Semana Acad\u00eamica de Arquivologia \u00e9 promovida pelo Centro Acad\u00eamico de Arquivologia da UEPB, Associa\u00e7\u00e3o dos Arquivistas da Para\u00edba (AAPB) e o componente curricular de Gest\u00e3o de Servi\u00e7os Arquiv\u00edsticos. A abertura do evento ocorreu na segunda-feira (3), e durante os cinco dias de evento foram realizadas palestras, lan\u00e7amentos de livros, minicursos, oficinas, mostras e atividades culturais.<\/p>\n<p>No ato da inscri\u00e7\u00e3o os participantes doaram 2kg de alimentos n\u00e3o perec\u00edveis que ser\u00e3o direcionados ao Hospital Padre Z\u00e9. Segundo o dirigente do CA de Arquivologia, Bruno Pereira, a iniciativa compreende uma s\u00e9rie de a\u00e7\u00f5es do projeto \u201cArquivologia Solid\u00e1ria\u201d, que arrecadar\u00e1 doa\u00e7\u00f5es em eventos acad\u00eamicos, numa calourada e copa de futsal com o envolvimento de toda a comunidade.<\/p>\n","protected":false},"excerpt":{"rendered":"<p>\u201cExiste pol\u00edtica depois das elei\u00e7\u00f5es?\u201d, esse questionamento marcou as apresenta\u00e7\u00f5es dos stands que compuseram a 3\u00aa edi\u00e7\u00e3o da DemoPR\u00c1XIS, mostra promovida nesta quarta-feira (06), das 9 \u00e0s 20h, nas instala\u00e7\u00f5es do Centro de Ci\u00eancias Biol\u00f3gicas e Sociais Aplicadas da Universidade Estadual da Para\u00edba, em Jo\u00e3o Pessoa, pela turma de 1\u00ba per\u00edodo do componente curricular \u201cInforma\u00e7\u00e3o <a class=\"leiamais\" href=\"https:\/\/centros.uepb.edu.br\/ccbsa\/evento-no-campus-v-discute-a-participacao-politica-popular-apos-o-periodo-eleitoral-como-ato-de-cidadania\/\">Leia Mais&#8230;<\/a><\/p>\n","protected":false},"author":8,"featured_media":3592,"comment_status":"closed","ping_status":"closed","sticky":false,"template":"","format":"standard","meta":{"footnotes":""},"categories":[3,11],"tags":[],"class_list":["post-3591","post","type-post","status-publish","format-standard","has-post-thumbnail","hentry","category-noticias","category-noticias-destaque-img"],"jetpack_featured_media_url":"https:\/\/centros.uepb.edu.br\/ccbsa\/files\/2016\/10\/DSC05294.jpg","_links":{"self":[{"href":"https:\/\/centros.uepb.edu.br\/ccbsa\/wp-json\/wp\/v2\/posts\/3591","targetHints":{"allow":["GET"]}}],"collection":[{"href":"https:\/\/centros.uepb.edu.br\/ccbsa\/wp-json\/wp\/v2\/posts"}],"about":[{"href":"https:\/\/centros.uepb.edu.br\/ccbsa\/wp-json\/wp\/v2\/types\/post"}],"author":[{"embeddable":true,"href":"https:\/\/centros.uepb.edu.br\/ccbsa\/wp-json\/wp\/v2\/users\/8"}],"replies":[{"embeddable":true,"href":"https:\/\/centros.uepb.edu.br\/ccbsa\/wp-json\/wp\/v2\/comments?post=3591"}],"version-history":[{"count":0,"href":"https:\/\/centros.uepb.edu.br\/ccbsa\/wp-json\/wp\/v2\/posts\/3591\/revisions"}],"wp:featuredmedia":[{"embeddable":true,"href":"https:\/\/centros.uepb.edu.br\/ccbsa\/wp-json\/wp\/v2\/media\/3592"}],"wp:attachment":[{"href":"https:\/\/centros.uepb.edu.br\/ccbsa\/wp-json\/wp\/v2\/media?parent=3591"}],"wp:term":[{"taxonomy":"category","embeddable":true,"href":"https:\/\/centros.uepb.edu.br\/ccbsa\/wp-json\/wp\/v2\/categories?post=3591"},{"taxonomy":"post_tag","embeddable":true,"href":"https:\/\/centros.uepb.edu.br\/ccbsa\/wp-json\/wp\/v2\/tags?post=3591"}],"curies":[{"name":"wp","href":"https:\/\/api.w.org\/{rel}","templated":true}]}}