{"id":358,"date":"2013-07-02T12:08:09","date_gmt":"2013-07-02T12:08:09","guid":{"rendered":"\/ccbsa\/?p=358"},"modified":"2013-07-31T18:32:48","modified_gmt":"2013-07-31T18:32:48","slug":"estudantes-em-situacao-de-abandono-ou-desligamento-podem-solicitar-reingresso-no-curso","status":"publish","type":"post","link":"https:\/\/centros.uepb.edu.br\/ccbsa\/estudantes-em-situacao-de-abandono-ou-desligamento-podem-solicitar-reingresso-no-curso\/","title":{"rendered":"PROEG informa sobre prazo para solicita\u00e7\u00e3o de mudan\u00e7a de turno"},"content":{"rendered":"<p>A Pro-reitoria de Gradua\u00e7\u00e3o da Universidade Estadual da Para\u00edba informa que s\u00e3o realizadas nesta quinta e sexta-feira, 1 e 2 de agosto, nas secretarias de cursos,\u00a0a solicita\u00e7\u00e3o de mudan\u00e7a de turno para alunos veteranos que ir\u00e3o matricular-se em 2013.2,\u00a0 . Os interessados em fazer tal pedido devem preencher uma requerimento apresentando uma justificativa para a solicita\u00e7\u00e3o\u00a0e, quando necess\u00e1rio, documentos comprobat\u00f3rios.<\/p>\n<p>&nbsp;<\/p>\n","protected":false},"excerpt":{"rendered":"<p>A Pro-reitoria de Gradua\u00e7\u00e3o da Universidade Estadual da Para\u00edba informa que s\u00e3o realizadas nesta quinta e sexta-feira, 1 e 2 de agosto, nas secretarias de cursos,\u00a0a solicita\u00e7\u00e3o de mudan\u00e7a de turno para alunos veteranos que ir\u00e3o matricular-se em 2013.2,\u00a0 . Os interessados em fazer tal pedido devem preencher uma requerimento apresentando uma justificativa para a <a class=\"leiamais\" href=\"https:\/\/centros.uepb.edu.br\/ccbsa\/estudantes-em-situacao-de-abandono-ou-desligamento-podem-solicitar-reingresso-no-curso\/\">Leia Mais&#8230;<\/a><\/p>\n","protected":false},"author":8,"featured_media":0,"comment_status":"open","ping_status":"open","sticky":false,"template":"","format":"standard","meta":{"footnotes":""},"categories":[3,5],"tags":[],"class_list":["post-358","post","type-post","status-publish","format-standard","hentry","category-noticias","category-visiveis"],"jetpack_featured_media_url":"","_links":{"self":[{"href":"https:\/\/centros.uepb.edu.br\/ccbsa\/wp-json\/wp\/v2\/posts\/358","targetHints":{"allow":["GET"]}}],"collection":[{"href":"https:\/\/centros.uepb.edu.br\/ccbsa\/wp-json\/wp\/v2\/posts"}],"about":[{"href":"https:\/\/centros.uepb.edu.br\/ccbsa\/wp-json\/wp\/v2\/types\/post"}],"author":[{"embeddable":true,"href":"https:\/\/centros.uepb.edu.br\/ccbsa\/wp-json\/wp\/v2\/users\/8"}],"replies":[{"embeddable":true,"href":"https:\/\/centros.uepb.edu.br\/ccbsa\/wp-json\/wp\/v2\/comments?post=358"}],"version-history":[{"count":0,"href":"https:\/\/centros.uepb.edu.br\/ccbsa\/wp-json\/wp\/v2\/posts\/358\/revisions"}],"wp:attachment":[{"href":"https:\/\/centros.uepb.edu.br\/ccbsa\/wp-json\/wp\/v2\/media?parent=358"}],"wp:term":[{"taxonomy":"category","embeddable":true,"href":"https:\/\/centros.uepb.edu.br\/ccbsa\/wp-json\/wp\/v2\/categories?post=358"},{"taxonomy":"post_tag","embeddable":true,"href":"https:\/\/centros.uepb.edu.br\/ccbsa\/wp-json\/wp\/v2\/tags?post=358"}],"curies":[{"name":"wp","href":"https:\/\/api.w.org\/{rel}","templated":true}]}}