{"id":3567,"date":"2016-10-04T16:42:41","date_gmt":"2016-10-04T16:42:41","guid":{"rendered":"https:\/\/centros.uepb.edu.br\/ccbsa\/?p=3567"},"modified":"2016-10-05T14:43:23","modified_gmt":"2016-10-05T14:43:23","slug":"2a-semana-academica-de-arquivologia-tem-inicio-no-campus-v-com-a-participacao-de-estudantes-e-profissionais","status":"publish","type":"post","link":"https:\/\/centros.uepb.edu.br\/ccbsa\/2a-semana-academica-de-arquivologia-tem-inicio-no-campus-v-com-a-participacao-de-estudantes-e-profissionais\/","title":{"rendered":"2\u00aa Semana Acad\u00eamica de Arquivologia tem in\u00edcio no Campus V com a participa\u00e7\u00e3o de estudantes e profissionais"},"content":{"rendered":"<p><a href=\"https:\/\/centros.uepb.edu.br\/ccbsa\/files\/2016\/10\/abertura2.jpg\"><img loading=\"lazy\" decoding=\"async\" class=\"aligncenter size-full wp-image-3568 img-responsive\" src=\"https:\/\/centros.uepb.edu.br\/ccbsa\/files\/2016\/10\/abertura2.jpg\" alt=\"\" width=\"840\" height=\"454\" srcset=\"https:\/\/centros.uepb.edu.br\/ccbsa\/files\/2016\/10\/abertura2.jpg 840w, https:\/\/centros.uepb.edu.br\/ccbsa\/files\/2016\/10\/abertura2-300x162.jpg 300w, https:\/\/centros.uepb.edu.br\/ccbsa\/files\/2016\/10\/abertura2-768x415.jpg 768w, https:\/\/centros.uepb.edu.br\/ccbsa\/files\/2016\/10\/abertura2-370x200.jpg 370w\" sizes=\"auto, (max-width: 840px) 100vw, 840px\" \/><\/a><\/p>\n<p>Estudantes, professores e profissionais da Universidade Estadual da Para\u00edba e de outras institui\u00e7\u00f5es do Estado, participam da 2\u00aa Semana Acad\u00eamica de Arquivologia, que teve in\u00edcio nesta segunda-feira (3) e segue at\u00e9 a sexta-feira, 7 de outubro, no Campus V da Universidade Estadual da Para\u00edba. O evento, que comp\u00f5e as atividades comemorativas pelo m\u00eas do arquivista, \u00e9 promovido pelo Centro Acad\u00eamico de Arquivologia da UEPB, Associa\u00e7\u00e3o dos Arquivistas da Para\u00edba (AAPB) e o componente curricular de Gest\u00e3o de Servi\u00e7os Arquiv\u00edsticos.<\/p>\n<p>A mesa de abertura do evento, realizada nesta segunda-feira (3) \u00e0 noite, contou com a participa\u00e7\u00e3o da coordenadora do curso de Arquivologia, Esmeralda Porf\u00edrio Sales; do integrante do Centro Acad\u00eamico de Arquivologia, Bruno Pereira; da arquivista e dirigente da AAPB R\u00e9gia Felix; das docentes da UEPB, Brenda Hirata e Suerde Brito, e da representante da Executiva Nacional dos Estudantes de Arquivologia, Iara Andrade.<\/p>\n<p>Na oportunidade, a professora Esmeralda Porf\u00edrio Sales e a arquivista R\u00e9gia F\u00e9lix, discutiram a consultoria arquiv\u00edstica, os conceitos relacionados \u00e0 tem\u00e1tica, o percurso hist\u00f3rico e apresentaram relatos de consultoria ao longo da trajet\u00f3ria acad\u00eamica e profissional de ambas.<\/p>\n<p>Com experi\u00eancia em institui\u00e7\u00f5es p\u00fablicas, privadas e do terceiro setor desde 1996, a professora Esmeralda destacou a necessidade de atualiza\u00e7\u00e3o dos cursos de Arquivologia no Brasil para a forma\u00e7\u00e3o de arquivistas com perfil gestor, que possam atuar como consultores, considerando a escassez no mercado. J\u00e1 a palestrante R\u00e9gia, lembrou a trajet\u00f3ria empreendedora desde a fase em que era discente, o perfil necess\u00e1rio para atuar no ramo de consultoria arquiv\u00edstica, os principais entraves encontrados e a cria\u00e7\u00e3o de m\u00e9todos alternativos que se tornaram diferenciais para a carreira como consultora, a exemplo do sistema Variadex, de autoria da arquivista.<\/p>\n<p>O processo de arquivamento conhecido como Variadex, que emprega cores como elementos auxiliares para facilitar o arquivamento e a localiza\u00e7\u00e3o de documentos \u00e9 o tema da oficina que ser\u00e1 ministrada por R\u00e9gia Felix durante a Semana Acad\u00eamica de Arquivologia, na quinta-feira (6) \u00e0 noite e sexta-feira (7), pela manh\u00e3.<\/p>\n<p><a href=\"https:\/\/centros.uepb.edu.br\/ccbsa\/files\/2016\/10\/CLAUDIALYNE-LIVRO.jpg\"><img loading=\"lazy\" decoding=\"async\" class=\"aligncenter size-full wp-image-3569 img-responsive\" src=\"https:\/\/centros.uepb.edu.br\/ccbsa\/files\/2016\/10\/CLAUDIALYNE-LIVRO.jpg\" alt=\"\" width=\"840\" height=\"454\" srcset=\"https:\/\/centros.uepb.edu.br\/ccbsa\/files\/2016\/10\/CLAUDIALYNE-LIVRO.jpg 840w, https:\/\/centros.uepb.edu.br\/ccbsa\/files\/2016\/10\/CLAUDIALYNE-LIVRO-300x162.jpg 300w, https:\/\/centros.uepb.edu.br\/ccbsa\/files\/2016\/10\/CLAUDIALYNE-LIVRO-768x415.jpg 768w, https:\/\/centros.uepb.edu.br\/ccbsa\/files\/2016\/10\/CLAUDIALYNE-LIVRO-370x200.jpg 370w\" sizes=\"auto, (max-width: 840px) 100vw, 840px\" \/><\/a><\/p>\n<p>Durante a manh\u00e3 desta ter\u00e7a-feira (4) foram realizadas as discuss\u00f5es \u201cSocializando informa\u00e7\u00f5es atrav\u00e9s da difus\u00e3o cultural em arquivos\u201d, ministrada pela professora da UEPB Claudialyne Ara\u00fajo; \u201cUma an\u00e1lise da rela\u00e7\u00e3o entre a Hist\u00f3ria e a Arquivologia a partir do projeto de reorganiza\u00e7\u00e3o do acervo da Santa Casa de Miseric\u00f3rdia\u201d, com a professora Nereida Martins; \u201cArquivo do Jornal A Uni\u00e3o: o acervo fotogr\u00e1fico como forma de remeter \u00e0 mem\u00f3ria paraibana\u201d, com a formanda de Arquivologia da UEPB, Ana Cristina Flor e uma discuss\u00e3o sobre o papel da Funda\u00e7\u00e3o Casa de Jos\u00e9 Am\u00e9rico, com as professoras Irene rodrigues e Maria Aparecida Chaves.<\/p>\n<p>Foi realizado o lan\u00e7amento dos livros \u201cDa informa\u00e7\u00e3o \u00e0 auditoria de conhecimento: a base da intelig\u00eancia organizacional\u201d, que teve como organizadores Eneida N\u00f3brega Duarte, Rosilene Agapito da Silva Llarena e Suzana de Lucena Lira, e \u201cReflex\u00f5es de pr\u00e1ticas de pesquisa em Ci\u00eancia da Informa\u00e7\u00e3o\u201d, organizado pelos professores Jorge Raimundo da Silva, Claudialyne da Silva Ara\u00fajo e Tha\u00eds Helen do Nascimento Santos. A primeira manh\u00e3 do evento tamb\u00e9m contou com a exposi\u00e7\u00e3o fotogr\u00e1fica \u201cJo\u00e3o Pessoa: ontem e hoje\u201d, de responsabilidade do o servidor da FUNESC Jo\u00e3o Pedro Ferreira da Silva.<\/p>\n<p>A programa\u00e7\u00e3o do evento conta, ainda, com as palestras sobre \u201cPol\u00edticas p\u00fablicas na Arquivologia\u201d, a ser ministrada pelos professores Luiz Eduardo Ferreira da Silva e Rams\u00e9s Nunes e Silva; \u201cPreserva\u00e7\u00e3o e conserva\u00e7\u00e3o de acervos arquiv\u00edsticos\u201d, tendo como ministrantes os professores Eutr\u00f3pio Pereira Bezerra e S\u00e2nderson Lopes Dorneles; \u201cA Arquivologia sob o olhar empreendedor\u201d, a ser ministrada por Cl\u00e9zio Gontijo Amorim e Josivan Soares Ferreira, e \u201cGest\u00e3o da qualidade nos servi\u00e7os arquiv\u00edsticos\u201d, tema a ser abordado pelas professoras Jacqueline Echeverr\u00eda Barrancos e Ana L\u00facia Carvalho de Souza.\u00a0Na quinta-feira (6) \u00e0 noite e sexta-feira (7) pela manh\u00e3 ser\u00e1 realizado o minicurso sobre elabora\u00e7\u00e3o de projetos de consultoria arquiv\u00edstica, com o arquivista Josivan Soares Ferreira.<\/p>\n<p>No ato da inscri\u00e7\u00e3o os participantes doaram 2kg de alimentos n\u00e3o perec\u00edveis que ser\u00e3o direcionados ao Hospital Padre Z\u00e9. Segundo o dirigente do CA de Arquivologia, Bruno Pereira, a iniciativa compreende uma s\u00e9rie de a\u00e7\u00f5es do projeto \u201cArquivologia Solid\u00e1ria\u201d, que arrecadar\u00e1 doa\u00e7\u00f5es em eventos acad\u00eamicos, numa calourada e copa de futsal com o envolvimento de toda a comunidade.<\/p>\n","protected":false},"excerpt":{"rendered":"<p>Estudantes, professores e profissionais da Universidade Estadual da Para\u00edba e de outras institui\u00e7\u00f5es do Estado, participam da 2\u00aa Semana Acad\u00eamica de Arquivologia, que teve in\u00edcio nesta segunda-feira (3) e segue at\u00e9 a sexta-feira, 7 de outubro, no Campus V da Universidade Estadual da Para\u00edba. O evento, que comp\u00f5e as atividades comemorativas pelo m\u00eas do arquivista, <a class=\"leiamais\" href=\"https:\/\/centros.uepb.edu.br\/ccbsa\/2a-semana-academica-de-arquivologia-tem-inicio-no-campus-v-com-a-participacao-de-estudantes-e-profissionais\/\">Leia Mais&#8230;<\/a><\/p>\n","protected":false},"author":8,"featured_media":3568,"comment_status":"closed","ping_status":"closed","sticky":false,"template":"","format":"standard","meta":{"footnotes":""},"categories":[3,11],"tags":[],"class_list":["post-3567","post","type-post","status-publish","format-standard","has-post-thumbnail","hentry","category-noticias","category-noticias-destaque-img"],"jetpack_featured_media_url":"https:\/\/centros.uepb.edu.br\/ccbsa\/files\/2016\/10\/abertura2.jpg","_links":{"self":[{"href":"https:\/\/centros.uepb.edu.br\/ccbsa\/wp-json\/wp\/v2\/posts\/3567","targetHints":{"allow":["GET"]}}],"collection":[{"href":"https:\/\/centros.uepb.edu.br\/ccbsa\/wp-json\/wp\/v2\/posts"}],"about":[{"href":"https:\/\/centros.uepb.edu.br\/ccbsa\/wp-json\/wp\/v2\/types\/post"}],"author":[{"embeddable":true,"href":"https:\/\/centros.uepb.edu.br\/ccbsa\/wp-json\/wp\/v2\/users\/8"}],"replies":[{"embeddable":true,"href":"https:\/\/centros.uepb.edu.br\/ccbsa\/wp-json\/wp\/v2\/comments?post=3567"}],"version-history":[{"count":0,"href":"https:\/\/centros.uepb.edu.br\/ccbsa\/wp-json\/wp\/v2\/posts\/3567\/revisions"}],"wp:featuredmedia":[{"embeddable":true,"href":"https:\/\/centros.uepb.edu.br\/ccbsa\/wp-json\/wp\/v2\/media\/3568"}],"wp:attachment":[{"href":"https:\/\/centros.uepb.edu.br\/ccbsa\/wp-json\/wp\/v2\/media?parent=3567"}],"wp:term":[{"taxonomy":"category","embeddable":true,"href":"https:\/\/centros.uepb.edu.br\/ccbsa\/wp-json\/wp\/v2\/categories?post=3567"},{"taxonomy":"post_tag","embeddable":true,"href":"https:\/\/centros.uepb.edu.br\/ccbsa\/wp-json\/wp\/v2\/tags?post=3567"}],"curies":[{"name":"wp","href":"https:\/\/api.w.org\/{rel}","templated":true}]}}