{"id":3561,"date":"2016-10-04T14:53:04","date_gmt":"2016-10-04T14:53:04","guid":{"rendered":"https:\/\/centros.uepb.edu.br\/ccbsa\/?p=3561"},"modified":"2016-10-04T14:59:26","modified_gmt":"2016-10-04T14:59:26","slug":"novos-gestores-do-centro-de-ciencias-biologicas-e-sociais-aplicadas-sao-empossados-para-o-bienio-20162018","status":"publish","type":"post","link":"https:\/\/centros.uepb.edu.br\/ccbsa\/novos-gestores-do-centro-de-ciencias-biologicas-e-sociais-aplicadas-sao-empossados-para-o-bienio-20162018\/","title":{"rendered":"Novos gestores do Centro de Ci\u00eancias Biol\u00f3gicas e Sociais Aplicadas s\u00e3o empossados para o bi\u00eanio 2016\/2018"},"content":{"rendered":"<p><a href=\"https:\/\/centros.uepb.edu.br\/ccbsa\/files\/2016\/10\/14480718_1460274014000821_8458677391415947399_o.jpg\"><img loading=\"lazy\" decoding=\"async\" class=\"aligncenter size-full wp-image-3562 img-responsive\" src=\"https:\/\/centros.uepb.edu.br\/ccbsa\/files\/2016\/10\/14480718_1460274014000821_8458677391415947399_o.jpg\" alt=\"14480718_1460274014000821_8458677391415947399_o\" width=\"840\" height=\"454\" srcset=\"https:\/\/centros.uepb.edu.br\/ccbsa\/files\/2016\/10\/14480718_1460274014000821_8458677391415947399_o.jpg 840w, https:\/\/centros.uepb.edu.br\/ccbsa\/files\/2016\/10\/14480718_1460274014000821_8458677391415947399_o-300x162.jpg 300w, https:\/\/centros.uepb.edu.br\/ccbsa\/files\/2016\/10\/14480718_1460274014000821_8458677391415947399_o-768x415.jpg 768w, https:\/\/centros.uepb.edu.br\/ccbsa\/files\/2016\/10\/14480718_1460274014000821_8458677391415947399_o-370x200.jpg 370w\" sizes=\"auto, (max-width: 840px) 100vw, 840px\" \/><\/a><\/p>\n<p>Em solenidade presidida pelo reitor Rangel Junior, foram empossados na tarde desta segunda-feira (3), no Audit\u00f3rio Pioneiros, os novos diretores e coordenadores dos cursos que comp\u00f5em o Centro de Ci\u00eancias Biol\u00f3gicas e Sociais Aplicadas (CCBSA) da Universidade Estadual da Para\u00edba (UEPB), no Campus V, em Jo\u00e3o Pessoa. A professora Jacqueline Echeverr\u00eda Barrancos foi eleita diretora do Centro e tomou posse para um novo mandato de dois anos, tendo como diretor adjunto o professor \u00canio Wocyli Dantas.<\/p>\n<p>Na oportunidade, a professora Jacqueline lembrou as mudan\u00e7as estrat\u00e9gicas com impacto social e ambiental implementadas pelos gestores Francisco Jaime e Giuliana Dias Vieira, recordou as dificuldades e conquistas obtidas ao longo dos dez anos de exist\u00eancia do Campus V, a contribui\u00e7\u00e3o do CCBSA para o desenvolvimento do Estado, destacando a participa\u00e7\u00e3o nessa hist\u00f3ria como uma das fundadoras do Campus V e destacou a busca pelas instala\u00e7\u00f5es definitivas do Campus V como a principal meta da atual gest\u00e3o.<\/p>\n<p>\u201cTemos a consci\u00eancia da responsabilidade que assumimos no dia de hoje, os desafios que nos s\u00e3o apresentados e as expectativas e confian\u00e7a depositadas. N\u00f3s acreditamos que \u00e9 com a integra\u00e7\u00e3o das pessoas e dos projetos institucionais da Universidade e de cada curso que podemos avan\u00e7ar e inovar. Enfim, comprometo-me a ser uma gestora com vis\u00e3o solid\u00e1ria, com foco nas quest\u00f5es institucionais respaldada por uma gest\u00e3o transparente, honesta e \u00e9tica\u201d, declarou Jacqueline.<\/p>\n<p><a href=\"https:\/\/centros.uepb.edu.br\/ccbsa\/files\/2016\/10\/DSC05193.jpg\"><img loading=\"lazy\" decoding=\"async\" class=\"aligncenter size-full wp-image-3563 img-responsive\" src=\"https:\/\/centros.uepb.edu.br\/ccbsa\/files\/2016\/10\/DSC05193.jpg\" alt=\"\" width=\"840\" height=\"454\" srcset=\"https:\/\/centros.uepb.edu.br\/ccbsa\/files\/2016\/10\/DSC05193.jpg 840w, https:\/\/centros.uepb.edu.br\/ccbsa\/files\/2016\/10\/DSC05193-300x162.jpg 300w, https:\/\/centros.uepb.edu.br\/ccbsa\/files\/2016\/10\/DSC05193-768x415.jpg 768w, https:\/\/centros.uepb.edu.br\/ccbsa\/files\/2016\/10\/DSC05193-370x200.jpg 370w\" sizes=\"auto, (max-width: 840px) 100vw, 840px\" \/><\/a><\/p>\n<p>A nova diretora destacou ainda o interesse em contribuir e apoiar as a\u00e7\u00f5es dos centros acad\u00eamicos e iniciativas voltadas \u00e0 assist\u00eancia estudantil, o compromisso com a valoriza\u00e7\u00e3o do corpo docente e t\u00e9cnico administrativo e a pol\u00edtica de comunica\u00e7\u00e3o e difus\u00e3o cient\u00edfica do CCBSA que dever\u00e1 ser implementada reiterando o respeito aos compromissos assumidos durante a campanha e a busca por tratamento igualit\u00e1rio e imparcial aos tr\u00eas segmentos.<\/p>\n<p>O diretor adjunto, professor \u00canio Wocyli Dantas, ressaltou a import\u00e2ncia da participa\u00e7\u00e3o de estudantes, docentes e t\u00e9cnicos-administrativos para comp\u00f4r uma equipe de trabalho e apoio \u00e0 gest\u00e3o e enfrentar os desafios que surgirem, construindo uma administra\u00e7\u00e3o inspirada pela experi\u00eancia dos gestores anteriores mas, com novas ideias e uma for\u00e7a de vontade para construir um legado pr\u00f3prio para o Campus V.<\/p>\n<p>Presidente da solenidade, o reitor Rangel Junior parabenizou os empossados, recordou o trabalho desenvolvido pelos professores Francisco Jaime e Giuliana Dias Vieira e reafirmou o compromisso da Reitoria em buscar as condi\u00e7\u00f5es de melhorias para o Centro. Segundo o reitor assumir cargos de gest\u00e3o em tempos de crise \u00e9 um desafio, e a constru\u00e7\u00e3o de um espa\u00e7o democr\u00e1tico de di\u00e1logo \u00e9 algo necess\u00e1rio e importante nesse momento para superar as barreiras impostas pelos problemas financeiros enfrentados na atualidade.<\/p>\n<p>Al\u00e9m dos novos diretores, tomaram posse para um mandato de dois anos os coordenadores dos cursos de gradua\u00e7\u00e3o do CCBSA. No curso de Arquivologia assumiram a professora Esmeralda Porfirio de Sales (coordenadora) e Henrique Fran\u00e7a (coordenador adjunto); para o curso de Ci\u00eancias Biol\u00f3gicas tomaram posse o professor Cleber Salimon (coordenador) e o professor Vancarder Brito (coordenador adjunto), e para o curso de Rela\u00e7\u00f5es Internacionais assumiram o professor Felipe Reis (coordenador) e Julio Cabrera (coordenador adjunto).<\/p>\n<p><strong>Texto:<\/strong> Juliana Marques<br \/>\n<strong>Fotos:<\/strong> Paizinha Lemos e Kefson F\u00e9lix<\/p>\n","protected":false},"excerpt":{"rendered":"<p>Em solenidade presidida pelo reitor Rangel Junior, foram empossados na tarde desta segunda-feira (3), no Audit\u00f3rio Pioneiros, os novos diretores e coordenadores dos cursos que comp\u00f5em o Centro de Ci\u00eancias Biol\u00f3gicas e Sociais Aplicadas (CCBSA) da Universidade Estadual da Para\u00edba (UEPB), no Campus V, em Jo\u00e3o Pessoa. A professora Jacqueline Echeverr\u00eda Barrancos foi eleita diretora <a class=\"leiamais\" href=\"https:\/\/centros.uepb.edu.br\/ccbsa\/novos-gestores-do-centro-de-ciencias-biologicas-e-sociais-aplicadas-sao-empossados-para-o-bienio-20162018\/\">Leia Mais&#8230;<\/a><\/p>\n","protected":false},"author":8,"featured_media":3564,"comment_status":"closed","ping_status":"closed","sticky":false,"template":"","format":"standard","meta":{"footnotes":""},"categories":[3,11],"tags":[],"class_list":["post-3561","post","type-post","status-publish","format-standard","has-post-thumbnail","hentry","category-noticias","category-noticias-destaque-img"],"jetpack_featured_media_url":"https:\/\/centros.uepb.edu.br\/ccbsa\/files\/2016\/10\/14480718_1460274014000821_8458677391415947399_o-1.jpg","_links":{"self":[{"href":"https:\/\/centros.uepb.edu.br\/ccbsa\/wp-json\/wp\/v2\/posts\/3561","targetHints":{"allow":["GET"]}}],"collection":[{"href":"https:\/\/centros.uepb.edu.br\/ccbsa\/wp-json\/wp\/v2\/posts"}],"about":[{"href":"https:\/\/centros.uepb.edu.br\/ccbsa\/wp-json\/wp\/v2\/types\/post"}],"author":[{"embeddable":true,"href":"https:\/\/centros.uepb.edu.br\/ccbsa\/wp-json\/wp\/v2\/users\/8"}],"replies":[{"embeddable":true,"href":"https:\/\/centros.uepb.edu.br\/ccbsa\/wp-json\/wp\/v2\/comments?post=3561"}],"version-history":[{"count":0,"href":"https:\/\/centros.uepb.edu.br\/ccbsa\/wp-json\/wp\/v2\/posts\/3561\/revisions"}],"wp:featuredmedia":[{"embeddable":true,"href":"https:\/\/centros.uepb.edu.br\/ccbsa\/wp-json\/wp\/v2\/media\/3564"}],"wp:attachment":[{"href":"https:\/\/centros.uepb.edu.br\/ccbsa\/wp-json\/wp\/v2\/media?parent=3561"}],"wp:term":[{"taxonomy":"category","embeddable":true,"href":"https:\/\/centros.uepb.edu.br\/ccbsa\/wp-json\/wp\/v2\/categories?post=3561"},{"taxonomy":"post_tag","embeddable":true,"href":"https:\/\/centros.uepb.edu.br\/ccbsa\/wp-json\/wp\/v2\/tags?post=3561"}],"curies":[{"name":"wp","href":"https:\/\/api.w.org\/{rel}","templated":true}]}}