{"id":3532,"date":"2016-09-26T14:11:42","date_gmt":"2016-09-26T14:11:42","guid":{"rendered":"https:\/\/centros.uepb.edu.br\/ccbsa\/?p=3532"},"modified":"2016-09-26T14:11:42","modified_gmt":"2016-09-26T14:11:42","slug":"jornada-de-administracao-publica-e-realizada-no-campus-v-com-a-participacao-de-estudantes-e-profissionais-da-area","status":"publish","type":"post","link":"https:\/\/centros.uepb.edu.br\/ccbsa\/jornada-de-administracao-publica-e-realizada-no-campus-v-com-a-participacao-de-estudantes-e-profissionais-da-area\/","title":{"rendered":"Jornada de Administra\u00e7\u00e3o P\u00fablica e realizada no Campus V com a participa\u00e7\u00e3o de estudantes e profissionais da \u00e1rea"},"content":{"rendered":"<p><a href=\"https:\/\/centros.uepb.edu.br\/ccbsa\/files\/2016\/09\/DSC05053.jpg\"><img loading=\"lazy\" decoding=\"async\" class=\"aligncenter size-full wp-image-3533 img-responsive\" src=\"https:\/\/centros.uepb.edu.br\/ccbsa\/files\/2016\/09\/DSC05053.jpg\" alt=\"\" width=\"840\" height=\"454\" srcset=\"https:\/\/centros.uepb.edu.br\/ccbsa\/files\/2016\/09\/DSC05053.jpg 840w, https:\/\/centros.uepb.edu.br\/ccbsa\/files\/2016\/09\/DSC05053-300x162.jpg 300w, https:\/\/centros.uepb.edu.br\/ccbsa\/files\/2016\/09\/DSC05053-768x415.jpg 768w, https:\/\/centros.uepb.edu.br\/ccbsa\/files\/2016\/09\/DSC05053-370x200.jpg 370w\" sizes=\"auto, (max-width: 840px) 100vw, 840px\" \/><\/a><\/p>\n<p>Gest\u00e3o estrat\u00e9gica, planejamento de carreira, efici\u00eancia e inova\u00e7\u00e3o organizacional, s\u00e3o alguns temas em ascens\u00e3o na \u00e1rea de administra\u00e7\u00e3o, mas, geralmente, atribu\u00eddos \u00e0 iniciativa privada. Por\u00e9m, na sexta e s\u00e1bado, 23 e 24 de setembro, no Campus V da Universidade Estadual da Para\u00edba, tais tem\u00e1ticas foram discutidas com foco na gest\u00e3o p\u00fablica, durante a 1\u00aa Jornada Nacional de Administra\u00e7\u00e3o P\u00fablica (JONAP) promovida pelo curso de Administra\u00e7\u00e3o P\u00fablica da Universidade Estadual da Para\u00edba (UEPB), vinculado \u00e0 Pr\u00f3-Reitoria de Ensino M\u00e9dio, T\u00e9cnico e Educa\u00e7\u00e3o a Dist\u00e2ncia (PROEAD).<\/p>\n<p>O evento reuniu estudantes e profissionais de Administra\u00e7\u00e3o, Arquivologia, Rela\u00e7\u00f5es Internacionais e \u00e1reas afins, que participaram de palestras, oficinas, minicursos e apresentaram trabalhos cient\u00edficos durante a sess\u00e3o de apresenta\u00e7\u00e3o de p\u00f4steres realizada no sab\u00e1do (24) pela manh\u00e3.<\/p>\n<p>A mesa de abertura da JONAP contou com a participa\u00e7\u00e3o da pro-reitora de Ensino M\u00e9dio, T\u00e9cnico e Educa\u00e7\u00e3o a Dist\u00e2ncia da UEPB, professora Eliane Moura; da coordenadora do curso de Administra\u00e7\u00e3o P\u00fablica da UEPB e respons\u00e1vel pela organiza\u00e7\u00e3o da JONAP, professora Jacqueline Echeverria Barrancos; da representante do Conselho Regional de Administra\u00e7\u00e3o, Y\u00eada Silveira; da docente da UEPB coordenadora geral dos Grupos de Trabalhos da JONAP, Manuela Maia e do representante dos estudantes de administra\u00e7\u00e3o p\u00fablica da UEPB, Josivaldo Dias Barbosa.<\/p>\n<p><a href=\"https:\/\/centros.uepb.edu.br\/ccbsa\/files\/2016\/09\/DSC05064.jpg\"><img loading=\"lazy\" decoding=\"async\" class=\"aligncenter size-full wp-image-3535 img-responsive\" src=\"https:\/\/centros.uepb.edu.br\/ccbsa\/files\/2016\/09\/DSC05064.jpg\" alt=\"\" width=\"840\" height=\"454\" srcset=\"https:\/\/centros.uepb.edu.br\/ccbsa\/files\/2016\/09\/DSC05064.jpg 840w, https:\/\/centros.uepb.edu.br\/ccbsa\/files\/2016\/09\/DSC05064-300x162.jpg 300w, https:\/\/centros.uepb.edu.br\/ccbsa\/files\/2016\/09\/DSC05064-768x415.jpg 768w, https:\/\/centros.uepb.edu.br\/ccbsa\/files\/2016\/09\/DSC05064-370x200.jpg 370w\" sizes=\"auto, (max-width: 840px) 100vw, 840px\" \/><\/a><\/p>\n<p>A coordenadora do evento, professora Jacqueline Barrancos, destacou a import\u00e2ncia da iniciativa para que estudantes, egressos e profissionais de Administra\u00e7\u00e3o P\u00fablica e \u00e1reas afins possam discutir tem\u00e1ticas atuais na \u00e1rea de gest\u00e3o, voltados \u00e0 valoriza\u00e7\u00e3o da carreira, ter conhecimento sobre as tend\u00eancias no mercado atual e socializar as pesquisas que est\u00e3o sendo desenvolvidas.<br \/>\nNa oportunidade, a professora Eliane Moura destacou a dedica\u00e7\u00e3o da coordena\u00e7\u00e3o do curso de Administra\u00e7\u00e3o P\u00fablica para a realiza\u00e7\u00e3o da JONAP e apresentou as conquistas da PROEAD no contexto da forma\u00e7\u00e3o de gestores no Estado.<\/p>\n<p>\u201cN\u00f3s possu\u00edmos um programa de forma\u00e7\u00e3o inicial e continuada de gestores com nossos cursos de gradua\u00e7\u00e3o em Administra\u00e7\u00e3o P\u00fablica, as especializa\u00e7\u00f5es em gest\u00e3o em sa\u00fade, gest\u00e3o p\u00fablica e gest\u00e3o p\u00fablica municipal, e esse evento serve para apresentarmos parte da produ\u00e7\u00e3o destes alunos. Al\u00e9m disso, recentemente, estreitamos os la\u00e7os com munic\u00edpios paraibanos para a efetiva\u00e7\u00e3o de uma parceira no sentido de ofertarmos o Curso de Gest\u00e3o P\u00fablica Tecn\u00f3logo, voltado a servidores p\u00fablicos municipais, que deve ter in\u00edcio em 2017, o que reflete a nossa preocupa\u00e7\u00e3o em possibilitar uma forma\u00e7\u00e3o de qualidade para os agentes p\u00fablicos do Estado da Para\u00edba\u201d, avalia a pro-reitora.<\/p>\n<p>&nbsp;<\/p>\n<p>A noite da sexta-feira (23) contou com a palestra \u201cGest\u00e3o Estrat\u00e9gica na Gest\u00e3o P\u00fablica\u201d, ministrada pelo gestor p\u00fablico da Secretaria de Planejamento, Or\u00e7amento e Gest\u00e3o (SEPLAG\/PE), Murilo Henrique Alves Baihe. Graduado Administra\u00e7\u00e3o pela UEPB, com P\u00f3s-gradua\u00e7\u00e3o em Administra\u00e7\u00e3o P\u00fablica e Ger\u00eancia de Cidades, o palestrante discutiu as principais dificuldades da administra\u00e7\u00e3o p\u00fablica e os caminhos para a realiza\u00e7\u00e3o de uma gest\u00e3o estrat\u00e9gica e eficaz.<\/p>\n<p><a href=\"https:\/\/centros.uepb.edu.br\/ccbsa\/files\/2016\/09\/DSC05098.jpg\"><img loading=\"lazy\" decoding=\"async\" class=\"aligncenter size-full wp-image-3534 img-responsive\" src=\"https:\/\/centros.uepb.edu.br\/ccbsa\/files\/2016\/09\/DSC05098.jpg\" alt=\"\" width=\"840\" height=\"454\" srcset=\"https:\/\/centros.uepb.edu.br\/ccbsa\/files\/2016\/09\/DSC05098.jpg 840w, https:\/\/centros.uepb.edu.br\/ccbsa\/files\/2016\/09\/DSC05098-300x162.jpg 300w, https:\/\/centros.uepb.edu.br\/ccbsa\/files\/2016\/09\/DSC05098-768x415.jpg 768w, https:\/\/centros.uepb.edu.br\/ccbsa\/files\/2016\/09\/DSC05098-370x200.jpg 370w\" sizes=\"auto, (max-width: 840px) 100vw, 840px\" \/><\/a><\/p>\n<p>\u201cTemos que pensar na gest\u00e3o p\u00fablica com mais criticidade, fazer com que ferramentas usadas com sucesso na gest\u00e3o privada possam ser usadas na gest\u00e3o privada para tornar a gest\u00e3o p\u00fablica mais eficiente, eficaz, gerar mais valor, entregar mais resultado. As pessoas querem atendimento com qualidade, ver resultado em forma de retorno social, n\u00e3o \u00e9 quest\u00e3o ideol\u00f3gica, a efici\u00eancia n\u00e3o tem partido, e \u00e9 preciso que as pessoas participem politicamente e se envolvam em todo esse processo para que tenhamos uma administra\u00e7\u00e3o p\u00fablica de qualidade\u201d, avaliou Murilo.<\/p>\n<p>Durante o evento foi realizada a oficina \u201cCoaching de excel\u00eancia para a sua carreira profissional\u201d, ministrada pela professora Izolda Carvalho, que possui especializa\u00e7\u00e3o em Gest\u00e3o Empresarial e de Pessoas, \u00e9 Mestranda em Neuroci\u00eancia Cognitiva e Comportamento e possui forma\u00e7\u00e3o em Coach de Vida e de Carreira pelo Instituto Brasileiro de Coaching, apresentou as ferramentas do coaching e os resultados que podem ser alcan\u00e7ados.<\/p>\n<p>\u201cO coaching possibilita a intelig\u00eancia emocional, a capacidade de programar-se para entender melhor o mundo, ter foco, metas, conhecimento e autoconsci\u00eancia, algo que em todas as profiss\u00f5es \u00e9 necess\u00e1rio. E as pessoas precisam equilibrar carreira, vida pessoal, entender melhor como se posicionar nesse projeto de vida\u201d, explicou Izolda Carvalho.<\/p>\n<p>Tamb\u00e9m integrou a programa\u00e7\u00e3o do evento a mesa redonda \u201cComo tornar a Administra\u00e7\u00e3o P\u00fablica mais eficiente, eficaz e efetiva?\u201d, que contou com a participa\u00e7\u00e3o do conselheiro do Tribunal de Contas do Estado da Para\u00edba, Ant\u00f4nio Gomes Vieira Filho; do coordenador adjunto do curso de Arquivologia da UEPB, professor Ant\u00f4nio Germano Ramalho, e do ouvidor da UFPB, C\u00e9sar Emanoel de Lima.<\/p>\n<p>Ao longo do evento os participantes doaram alimentos n\u00e3o perec\u00edveis que ser\u00e3o doados para a Institui\u00e7\u00e3o de Longa Perman\u00eancia para Idosos (ILPI) Vila Vicentina J\u00falia Freire (VVJF), localizada em Jo\u00e3o Pessoa, que j\u00e1 conta com projetos de extens\u00e3o da UEPB em desenvolvimento no local.<br \/>\nRealizada pela PROEAD da UEPB a JONAP contou com o apoio do Caf\u00e9 S\u00e3o Braz durante os dois dias de evento.<\/p>\n","protected":false},"excerpt":{"rendered":"<p>Gest\u00e3o estrat\u00e9gica, planejamento de carreira, efici\u00eancia e inova\u00e7\u00e3o organizacional, s\u00e3o alguns temas em ascens\u00e3o na \u00e1rea de administra\u00e7\u00e3o, mas, geralmente, atribu\u00eddos \u00e0 iniciativa privada. Por\u00e9m, na sexta e s\u00e1bado, 23 e 24 de setembro, no Campus V da Universidade Estadual da Para\u00edba, tais tem\u00e1ticas foram discutidas com foco na gest\u00e3o p\u00fablica, durante a 1\u00aa Jornada <a class=\"leiamais\" href=\"https:\/\/centros.uepb.edu.br\/ccbsa\/jornada-de-administracao-publica-e-realizada-no-campus-v-com-a-participacao-de-estudantes-e-profissionais-da-area\/\">Leia Mais&#8230;<\/a><\/p>\n","protected":false},"author":8,"featured_media":3533,"comment_status":"closed","ping_status":"closed","sticky":false,"template":"","format":"standard","meta":{"footnotes":""},"categories":[3,11],"tags":[],"class_list":["post-3532","post","type-post","status-publish","format-standard","has-post-thumbnail","hentry","category-noticias","category-noticias-destaque-img"],"jetpack_featured_media_url":"https:\/\/centros.uepb.edu.br\/ccbsa\/files\/2016\/09\/DSC05053.jpg","_links":{"self":[{"href":"https:\/\/centros.uepb.edu.br\/ccbsa\/wp-json\/wp\/v2\/posts\/3532","targetHints":{"allow":["GET"]}}],"collection":[{"href":"https:\/\/centros.uepb.edu.br\/ccbsa\/wp-json\/wp\/v2\/posts"}],"about":[{"href":"https:\/\/centros.uepb.edu.br\/ccbsa\/wp-json\/wp\/v2\/types\/post"}],"author":[{"embeddable":true,"href":"https:\/\/centros.uepb.edu.br\/ccbsa\/wp-json\/wp\/v2\/users\/8"}],"replies":[{"embeddable":true,"href":"https:\/\/centros.uepb.edu.br\/ccbsa\/wp-json\/wp\/v2\/comments?post=3532"}],"version-history":[{"count":0,"href":"https:\/\/centros.uepb.edu.br\/ccbsa\/wp-json\/wp\/v2\/posts\/3532\/revisions"}],"wp:featuredmedia":[{"embeddable":true,"href":"https:\/\/centros.uepb.edu.br\/ccbsa\/wp-json\/wp\/v2\/media\/3533"}],"wp:attachment":[{"href":"https:\/\/centros.uepb.edu.br\/ccbsa\/wp-json\/wp\/v2\/media?parent=3532"}],"wp:term":[{"taxonomy":"category","embeddable":true,"href":"https:\/\/centros.uepb.edu.br\/ccbsa\/wp-json\/wp\/v2\/categories?post=3532"},{"taxonomy":"post_tag","embeddable":true,"href":"https:\/\/centros.uepb.edu.br\/ccbsa\/wp-json\/wp\/v2\/tags?post=3532"}],"curies":[{"name":"wp","href":"https:\/\/api.w.org\/{rel}","templated":true}]}}