{"id":353,"date":"2013-07-01T13:51:28","date_gmt":"2013-07-01T13:51:28","guid":{"rendered":"\/ccbsa\/?p=353"},"modified":"2013-07-01T14:00:46","modified_gmt":"2013-07-01T14:00:46","slug":"cerimonial-da-uepb-informa-sobre-reuniao-com-formandos-do-periodo-2013-2","status":"publish","type":"post","link":"https:\/\/centros.uepb.edu.br\/ccbsa\/cerimonial-da-uepb-informa-sobre-reuniao-com-formandos-do-periodo-2013-2\/","title":{"rendered":"Cerimonial da UEPB informa sobre reuni\u00e3o com formandos do per\u00edodo 2013.1"},"content":{"rendered":"<p>O Cerimonial da Universidade Estadual da Para\u00edba, comunica aos formandos dos cursos de gradua\u00e7\u00e3o em Arquivologia, Ci\u00eancias Biol\u00f3gicas e Rela\u00e7\u00f5es Internacionais do Campus V que, ser\u00e1 realizada nesta ter\u00e7a-feira (2), \u00e0s 9h30, no audit\u00f3rio Pioneiros, a reuni\u00e3o destinada \u00e0 informes e defini\u00e7\u00e3o de detalhes referentes \u00e0 cerim\u00f4nia de cola\u00e7\u00e3o de Grau do per\u00edodo letivo 2013.1.<\/p>\n<p>Na oportunidade ser\u00e3o escolhidos o estudante que far\u00e1 o juramento em nome das turmas concluintes, o aluno que ir\u00e1 colar grau em nome dos concluintes de cada curso,\u00a0 os integrantes da comitiva que conduzir\u00e1 o Paraninfo Geral. Tamb\u00e9m ser\u00e3o apresentados os nomes para escolha do Paraninfo Geral.<\/p>\n<p>Durante a reuni\u00e3o tamb\u00e9m ser\u00e1 aberto o Edital para a escolha do Orador Oficial e fornecidas orienta\u00e7\u00f5es do cerimonial quanto a trajes, becas, ensaio geral, participa\u00e7\u00e3o dos fot\u00f3grafos e convidados, hora de chegada, entre outros assuntos de interesse dos futuros formandos.<\/p>\n<p>A solenidade de Cola\u00e7\u00e3o de Grau do semestre 2013.1 do Campus V ser\u00e1 realizada no dia 17 de setembro, em local a ser definido.<\/p>\n","protected":false},"excerpt":{"rendered":"<p>O Cerimonial da Universidade Estadual da Para\u00edba, comunica aos formandos dos cursos de gradua\u00e7\u00e3o em Arquivologia, Ci\u00eancias Biol\u00f3gicas e Rela\u00e7\u00f5es Internacionais do Campus V que, ser\u00e1 realizada nesta ter\u00e7a-feira (2), \u00e0s 9h30, no audit\u00f3rio Pioneiros, a reuni\u00e3o destinada \u00e0 informes e defini\u00e7\u00e3o de detalhes referentes \u00e0 cerim\u00f4nia de cola\u00e7\u00e3o de Grau do per\u00edodo letivo 2013.1. <a class=\"leiamais\" href=\"https:\/\/centros.uepb.edu.br\/ccbsa\/cerimonial-da-uepb-informa-sobre-reuniao-com-formandos-do-periodo-2013-2\/\">Leia Mais&#8230;<\/a><\/p>\n","protected":false},"author":8,"featured_media":0,"comment_status":"open","ping_status":"open","sticky":false,"template":"","format":"standard","meta":{"footnotes":""},"categories":[3,5],"tags":[],"class_list":["post-353","post","type-post","status-publish","format-standard","hentry","category-noticias","category-visiveis"],"jetpack_featured_media_url":"","_links":{"self":[{"href":"https:\/\/centros.uepb.edu.br\/ccbsa\/wp-json\/wp\/v2\/posts\/353","targetHints":{"allow":["GET"]}}],"collection":[{"href":"https:\/\/centros.uepb.edu.br\/ccbsa\/wp-json\/wp\/v2\/posts"}],"about":[{"href":"https:\/\/centros.uepb.edu.br\/ccbsa\/wp-json\/wp\/v2\/types\/post"}],"author":[{"embeddable":true,"href":"https:\/\/centros.uepb.edu.br\/ccbsa\/wp-json\/wp\/v2\/users\/8"}],"replies":[{"embeddable":true,"href":"https:\/\/centros.uepb.edu.br\/ccbsa\/wp-json\/wp\/v2\/comments?post=353"}],"version-history":[{"count":0,"href":"https:\/\/centros.uepb.edu.br\/ccbsa\/wp-json\/wp\/v2\/posts\/353\/revisions"}],"wp:attachment":[{"href":"https:\/\/centros.uepb.edu.br\/ccbsa\/wp-json\/wp\/v2\/media?parent=353"}],"wp:term":[{"taxonomy":"category","embeddable":true,"href":"https:\/\/centros.uepb.edu.br\/ccbsa\/wp-json\/wp\/v2\/categories?post=353"},{"taxonomy":"post_tag","embeddable":true,"href":"https:\/\/centros.uepb.edu.br\/ccbsa\/wp-json\/wp\/v2\/tags?post=353"}],"curies":[{"name":"wp","href":"https:\/\/api.w.org\/{rel}","templated":true}]}}