{"id":3528,"date":"2016-09-21T15:18:09","date_gmt":"2016-09-21T15:18:09","guid":{"rendered":"https:\/\/centros.uepb.edu.br\/ccbsa\/?p=3528"},"modified":"2016-09-21T15:18:09","modified_gmt":"2016-09-21T15:18:09","slug":"transparencia-publica-e-o-tema-de-discussao-que-encerra-seminario-promovido-com-apoio-do-curso-de-arquivologia","status":"publish","type":"post","link":"https:\/\/centros.uepb.edu.br\/ccbsa\/transparencia-publica-e-o-tema-de-discussao-que-encerra-seminario-promovido-com-apoio-do-curso-de-arquivologia\/","title":{"rendered":"Transpar\u00eancia P\u00fablica \u00e9 o tema de discuss\u00e3o que encerra semin\u00e1rio promovido com apoio do curso de Arquivologia"},"content":{"rendered":"<p><a href=\"https:\/\/centros.uepb.edu.br\/ccbsa\/files\/2016\/09\/DSC04944.jpg\"><img loading=\"lazy\" decoding=\"async\" class=\"aligncenter size-full wp-image-3529 img-responsive\" src=\"https:\/\/centros.uepb.edu.br\/ccbsa\/files\/2016\/09\/DSC04944.jpg\" alt=\"\" width=\"840\" height=\"454\" srcset=\"https:\/\/centros.uepb.edu.br\/ccbsa\/files\/2016\/09\/DSC04944.jpg 840w, https:\/\/centros.uepb.edu.br\/ccbsa\/files\/2016\/09\/DSC04944-300x162.jpg 300w, https:\/\/centros.uepb.edu.br\/ccbsa\/files\/2016\/09\/DSC04944-768x415.jpg 768w, https:\/\/centros.uepb.edu.br\/ccbsa\/files\/2016\/09\/DSC04944-370x200.jpg 370w\" sizes=\"auto, (max-width: 840px) 100vw, 840px\" \/><\/a><\/p>\n<p>Estudantes, docentes, pesquisadores e profissionais da Arquivologia estiveram presentes na discuss\u00e3o sobre transpar\u00eancia p\u00fablica realizada na noite desta ter\u00e7a-feira, 20 de setembro, no audit\u00f3rio Pioneiros, com a participa\u00e7\u00e3o do professor do curso de Arquivologia, Henrique Fran\u00e7a, e do auditor da Controladoria Geral da Uni\u00e3o, Rodrigo M\u00e1rcio Paiva, tendo como mediadora a professora de Arquivologia Anna Carla Queiroz. O evento integra o Semin\u00e1rio sobre o Papel da Associa\u00e7\u00e3o dos Arquivistas da Para\u00edba (AAPB), realizado pela AAPB em parceria com os cursos de Arquivologia da Universidade Estadual da Para\u00edba e Universidade Federal da Para\u00edba.<\/p>\n<p>De acordo com a professora Anna Carla Queiroz, vice-presidente da AAPB e mediadora do debate, o evento busca possibilitar a forma\u00e7\u00e3o de sujeitos mais conscientes dos direitos, destacando a import\u00e2ncia da quest\u00e3o da transpar\u00eancia da informa\u00e7\u00e3o, sobretudo com o vi\u00e9s da crise econ\u00f4mica.<\/p>\n<p>Na oportunidade, o auditor da CGU, Rodrigo Paiva, apresentou as a\u00e7\u00f5es desenvolvidas pela Controladoria Geral da Uni\u00e3o para estimular a transpar\u00eancia p\u00fablica, enfatizou a import\u00e2ncia da Arquivologia nesse processo e apontou para a necessidade de combate \u00e0 cultura do sigilo. \u201cInfelizmente temos uma cultura do sigilo e opacidade que \u00e9 comum na administra\u00e7\u00e3o p\u00fablica e que precisa ser quebrada. Nesse sentido, o acesso \u00e0 informa\u00e7\u00e3o, que \u00e9 considerado direito fundamental b\u00e1sico da popula\u00e7\u00e3o e \u00e9 pr\u00e9-requisito para a exist\u00eancia de uma democracia, permite a consolida\u00e7\u00e3o da transpar\u00eancia p\u00fablica. E a popula\u00e7\u00e3o, sobretudo os estudantes e egressos do curso de Arquivologia t\u00eam um papel fundamental nesse processo, para a dissemina\u00e7\u00e3o e mudan\u00e7a de cultura\u201d, explicou.<\/p>\n<p>O professor Henrique Fran\u00e7a trouxe um hist\u00f3rico sobre esse processo de transpar\u00eancia no Brasil e no mundo, o contexto de surgimento da Lei de Acesso \u00e0 Informa\u00e7\u00e3o, como ter acesso \u00e0 informa\u00e7\u00e3o p\u00fablica e apresentou trabalhos desenvolvidos sobre a tem\u00e1tica. \u201cEmbora muitos pensem que essa discuss\u00e3o sobre transpar\u00eancia p\u00fablica \u00e9 recente, por existir da Lei de 2013, mas \u00e9 um processo que se desenrola desde a Revolu\u00e7\u00e3o Francesa. Apesar disso, muitas pessoas ainda n\u00e3o sabem como lidar com esse direito e eu sinto uma defasagem de interesse. Temos todo o terreno prop\u00edcio para a Arquivologia plantar na transpar\u00eancia p\u00fablica mas, aparentemente, a Arquivologia segue t\u00edmida nesse processo\u201d, avaliou o docente.<\/p>\n<p>Ap\u00f3s a discuss\u00e3o sobre transpar\u00eancia p\u00fablica foi encerrado o Semin\u00e1rio da AAPB, que contou com duas rodadas de debates, o primeiro realizado no dia 6 de setembro na Universidade Federal da Para\u00edba, com uma palestra sobre \u201cGovernan\u00e7a Arquiv\u00edstica\u201d que teve como palestrantes a professora da UEPB, Jacqueline Barrancos, e o docente do curso de Arquivologia da UFPB, Luiz Eduardo, tendo como mediadora a coordenadora do curso de Arquivologia, professora Esmeralda Porf\u00edrio Sales.<\/p>\n<p>De acordo com a dirigente da AAPB, Regia Sueli, este evento foi promovido com o objetivo de unificar a Arquivologia no Estado, disseminar a campanha de associa\u00e7\u00e3o de filiados, divulgar a\u00e7\u00f5es da entidade e fortalecer a \u00e1rea por meio de eventos acad\u00eamicos que abordam quest\u00f5es da Arquivologia contempor\u00e2nea.<\/p>\n","protected":false},"excerpt":{"rendered":"<p>Estudantes, docentes, pesquisadores e profissionais da Arquivologia estiveram presentes na discuss\u00e3o sobre transpar\u00eancia p\u00fablica realizada na noite desta ter\u00e7a-feira, 20 de setembro, no audit\u00f3rio Pioneiros, com a participa\u00e7\u00e3o do professor do curso de Arquivologia, Henrique Fran\u00e7a, e do auditor da Controladoria Geral da Uni\u00e3o, Rodrigo M\u00e1rcio Paiva, tendo como mediadora a professora de Arquivologia Anna <a class=\"leiamais\" href=\"https:\/\/centros.uepb.edu.br\/ccbsa\/transparencia-publica-e-o-tema-de-discussao-que-encerra-seminario-promovido-com-apoio-do-curso-de-arquivologia\/\">Leia Mais&#8230;<\/a><\/p>\n","protected":false},"author":8,"featured_media":3529,"comment_status":"closed","ping_status":"closed","sticky":false,"template":"","format":"standard","meta":{"footnotes":""},"categories":[3,11],"tags":[],"class_list":["post-3528","post","type-post","status-publish","format-standard","has-post-thumbnail","hentry","category-noticias","category-noticias-destaque-img"],"jetpack_featured_media_url":"https:\/\/centros.uepb.edu.br\/ccbsa\/files\/2016\/09\/DSC04944.jpg","_links":{"self":[{"href":"https:\/\/centros.uepb.edu.br\/ccbsa\/wp-json\/wp\/v2\/posts\/3528","targetHints":{"allow":["GET"]}}],"collection":[{"href":"https:\/\/centros.uepb.edu.br\/ccbsa\/wp-json\/wp\/v2\/posts"}],"about":[{"href":"https:\/\/centros.uepb.edu.br\/ccbsa\/wp-json\/wp\/v2\/types\/post"}],"author":[{"embeddable":true,"href":"https:\/\/centros.uepb.edu.br\/ccbsa\/wp-json\/wp\/v2\/users\/8"}],"replies":[{"embeddable":true,"href":"https:\/\/centros.uepb.edu.br\/ccbsa\/wp-json\/wp\/v2\/comments?post=3528"}],"version-history":[{"count":0,"href":"https:\/\/centros.uepb.edu.br\/ccbsa\/wp-json\/wp\/v2\/posts\/3528\/revisions"}],"wp:featuredmedia":[{"embeddable":true,"href":"https:\/\/centros.uepb.edu.br\/ccbsa\/wp-json\/wp\/v2\/media\/3529"}],"wp:attachment":[{"href":"https:\/\/centros.uepb.edu.br\/ccbsa\/wp-json\/wp\/v2\/media?parent=3528"}],"wp:term":[{"taxonomy":"category","embeddable":true,"href":"https:\/\/centros.uepb.edu.br\/ccbsa\/wp-json\/wp\/v2\/categories?post=3528"},{"taxonomy":"post_tag","embeddable":true,"href":"https:\/\/centros.uepb.edu.br\/ccbsa\/wp-json\/wp\/v2\/tags?post=3528"}],"curies":[{"name":"wp","href":"https:\/\/api.w.org\/{rel}","templated":true}]}}