{"id":3521,"date":"2016-09-20T14:55:48","date_gmt":"2016-09-20T14:55:48","guid":{"rendered":"https:\/\/centros.uepb.edu.br\/ccbsa\/?p=3521"},"modified":"2016-09-20T14:56:06","modified_gmt":"2016-09-20T14:56:06","slug":"professora-esmeralda-porfirio-de-sales-e-eleita-paraninfa-das-turmas-concluintes-do-periodo-letivo-2016-1-do-ccbsa","status":"publish","type":"post","link":"https:\/\/centros.uepb.edu.br\/ccbsa\/professora-esmeralda-porfirio-de-sales-e-eleita-paraninfa-das-turmas-concluintes-do-periodo-letivo-2016-1-do-ccbsa\/","title":{"rendered":"Professora Esmeralda Porf\u00edrio de Sales \u00e9 eleita paraninfa das turmas concluintes do per\u00edodo letivo 2016.1"},"content":{"rendered":"<p><a href=\"https:\/\/centros.uepb.edu.br\/ccbsa\/files\/2016\/09\/DSC02431.png\"><img loading=\"lazy\" decoding=\"async\" class=\"aligncenter size-full wp-image-3522 img-responsive\" src=\"https:\/\/centros.uepb.edu.br\/ccbsa\/files\/2016\/09\/DSC02431.png\" alt=\"dsc02431\" width=\"840\" height=\"454\" srcset=\"https:\/\/centros.uepb.edu.br\/ccbsa\/files\/2016\/09\/DSC02431.png 840w, https:\/\/centros.uepb.edu.br\/ccbsa\/files\/2016\/09\/DSC02431-300x162.png 300w, https:\/\/centros.uepb.edu.br\/ccbsa\/files\/2016\/09\/DSC02431-768x415.png 768w, https:\/\/centros.uepb.edu.br\/ccbsa\/files\/2016\/09\/DSC02431-370x200.png 370w\" sizes=\"auto, (max-width: 840px) 100vw, 840px\" \/><\/a><\/p>\n<p>Com uma extensa contribui\u00e7\u00e3o para a Arquivologia paraibana e oito anos de servi\u00e7os prestados \u00e0 Universidade Estadual da Para\u00edba, a professora Esmeralda Porf\u00edrio de Sales foi escolhida paraninfa das turmas concluintes do per\u00edodo letivo 2016.1 do Centro de Ci\u00eancias Biol\u00f3gicas e Sociais Aplicadas.<\/p>\n<p>Graduada em Biblioteconomia, especialista em Organiza\u00e7\u00e3o de Arquivos e mestre em Ci\u00eancia da Informa\u00e7\u00e3o pela Universidade Federal da Para\u00edba, professora Esmeralda, atualmente, \u00e9 gestora do curso de Arquivologia da UEPB, onde ingressou como professora substituta em 2008 e em 2012 foi efetivada. J\u00e1 exerceu o cargo de coordenadora adjunta do referido bacharelado de 2013 a 2014, atuou em \u00f3rg\u00e3os p\u00fablicos como a Prefeitura Municipal de Jo\u00e3o Pessoa, Governo do Estado da Para\u00edba e Instituto de Metrologia e Qualidade Industrial da Para\u00edba \u2013 IMEQ, exercendo fun\u00e7\u00f5es de gest\u00e3o na \u00e1rea de Arquivo. Al\u00e9m disso, a docente integra o Conselho Nacional de Pol\u00edtica Cultural (CNPC) vinculado ao Minist\u00e9rio da Cultura.<\/p>\n<p>Para a professora Esmeralda, a indica\u00e7\u00e3o e escolha de seu nome como paraninfa do CCBSA foi recebida com surpresa, por\u00e9m, a docente acredita que seja o reconhecimento pelos anos de dedica\u00e7\u00e3o \u00e0 UEPB e ao Campus V. \u201cCom uma trajet\u00f3ria institucional t\u00e3o curta eu n\u00e3o esperava receber essa homenagem. Estou bastante emocionada porque acredito que \u00e9 uma forma de retorno pela dedica\u00e7\u00e3o que eu tenho com o meu trabalho. Eu tenho atuado sempre buscando o progresso n\u00e3o s\u00f3 do curso de Arquivologia mas do Campus V como um todo e, talvez seja isso que tenham considerado para me escolherem como paraninfa\u201d, avaliou.<\/p>\n<p>A solenidade de Cola\u00e7\u00e3o de Grau do semestre 2016.1 do Campus V ser\u00e1 realizada no dia 9 de novembro, \u00e0s 18h, em local a ser definido.<\/p>\n","protected":false},"excerpt":{"rendered":"<p>Com uma extensa contribui\u00e7\u00e3o para a Arquivologia paraibana e oito anos de servi\u00e7os prestados \u00e0 Universidade Estadual da Para\u00edba, a professora Esmeralda Porf\u00edrio de Sales foi escolhida paraninfa das turmas concluintes do per\u00edodo letivo 2016.1 do Centro de Ci\u00eancias Biol\u00f3gicas e Sociais Aplicadas. Graduada em Biblioteconomia, especialista em Organiza\u00e7\u00e3o de Arquivos e mestre em Ci\u00eancia <a class=\"leiamais\" href=\"https:\/\/centros.uepb.edu.br\/ccbsa\/professora-esmeralda-porfirio-de-sales-e-eleita-paraninfa-das-turmas-concluintes-do-periodo-letivo-2016-1-do-ccbsa\/\">Leia Mais&#8230;<\/a><\/p>\n","protected":false},"author":8,"featured_media":3522,"comment_status":"closed","ping_status":"closed","sticky":false,"template":"","format":"standard","meta":{"footnotes":""},"categories":[3,11],"tags":[],"class_list":["post-3521","post","type-post","status-publish","format-standard","has-post-thumbnail","hentry","category-noticias","category-noticias-destaque-img"],"jetpack_featured_media_url":"https:\/\/centros.uepb.edu.br\/ccbsa\/files\/2016\/09\/DSC02431.png","_links":{"self":[{"href":"https:\/\/centros.uepb.edu.br\/ccbsa\/wp-json\/wp\/v2\/posts\/3521","targetHints":{"allow":["GET"]}}],"collection":[{"href":"https:\/\/centros.uepb.edu.br\/ccbsa\/wp-json\/wp\/v2\/posts"}],"about":[{"href":"https:\/\/centros.uepb.edu.br\/ccbsa\/wp-json\/wp\/v2\/types\/post"}],"author":[{"embeddable":true,"href":"https:\/\/centros.uepb.edu.br\/ccbsa\/wp-json\/wp\/v2\/users\/8"}],"replies":[{"embeddable":true,"href":"https:\/\/centros.uepb.edu.br\/ccbsa\/wp-json\/wp\/v2\/comments?post=3521"}],"version-history":[{"count":0,"href":"https:\/\/centros.uepb.edu.br\/ccbsa\/wp-json\/wp\/v2\/posts\/3521\/revisions"}],"wp:featuredmedia":[{"embeddable":true,"href":"https:\/\/centros.uepb.edu.br\/ccbsa\/wp-json\/wp\/v2\/media\/3522"}],"wp:attachment":[{"href":"https:\/\/centros.uepb.edu.br\/ccbsa\/wp-json\/wp\/v2\/media?parent=3521"}],"wp:term":[{"taxonomy":"category","embeddable":true,"href":"https:\/\/centros.uepb.edu.br\/ccbsa\/wp-json\/wp\/v2\/categories?post=3521"},{"taxonomy":"post_tag","embeddable":true,"href":"https:\/\/centros.uepb.edu.br\/ccbsa\/wp-json\/wp\/v2\/tags?post=3521"}],"curies":[{"name":"wp","href":"https:\/\/api.w.org\/{rel}","templated":true}]}}