{"id":3495,"date":"2016-09-12T15:14:51","date_gmt":"2016-09-12T15:14:51","guid":{"rendered":"https:\/\/centros.uepb.edu.br\/ccbsa\/?p=3495"},"modified":"2016-09-12T15:19:35","modified_gmt":"2016-09-12T15:19:35","slug":"encontro-de-genetica-e-biotecnologia-da-paraiba-que-sera-realizado-no-campus-v-discutira-tecnologias-e-descobertas-da-area","status":"publish","type":"post","link":"https:\/\/centros.uepb.edu.br\/ccbsa\/encontro-de-genetica-e-biotecnologia-da-paraiba-que-sera-realizado-no-campus-v-discutira-tecnologias-e-descobertas-da-area\/","title":{"rendered":"Encontro de Gen\u00e9tica e Biotecnologia da Para\u00edba que ser\u00e1 realizado no Campus V discutir\u00e1 tecnologias e descobertas da \u00e1rea"},"content":{"rendered":"<p>&nbsp;<\/p>\n<p><a href=\"https:\/\/centros.uepb.edu.br\/ccbsa\/files\/2016\/09\/ENGEB-1.jpg\"><img loading=\"lazy\" decoding=\"async\" class=\"aligncenter size-full wp-image-3499 img-responsive\" src=\"https:\/\/centros.uepb.edu.br\/ccbsa\/files\/2016\/09\/ENGEB-1.jpg\" alt=\"engeb\" width=\"840\" height=\"454\" srcset=\"https:\/\/centros.uepb.edu.br\/ccbsa\/files\/2016\/09\/ENGEB-1.jpg 840w, https:\/\/centros.uepb.edu.br\/ccbsa\/files\/2016\/09\/ENGEB-1-300x162.jpg 300w, https:\/\/centros.uepb.edu.br\/ccbsa\/files\/2016\/09\/ENGEB-1-768x415.jpg 768w, https:\/\/centros.uepb.edu.br\/ccbsa\/files\/2016\/09\/ENGEB-1-370x200.jpg 370w\" sizes=\"auto, (max-width: 840px) 100vw, 840px\" \/><\/a><\/p>\n<p>Com o objetivo de reunir pesquisadores, professores e estudantes das \u00e1reas da gen\u00e9tica, biologia molecular e biotecnologia da Para\u00edba e de outras regi\u00f5es, o Centro Acad\u00eamico e coordena\u00e7\u00e3o da gradua\u00e7\u00e3o em Ci\u00eancias Biol\u00f3gicas do Campus V da Universidade Estadual da Para\u00edba, promove, entre os dias 16 e 18 de novembro, o Encontro de Gen\u00e9tica e Biotecnologia da Para\u00edba (ENGEB-PB), que discutir\u00e1 \u201cGenes e as tecnologias: estimulo cient\u00edfico rumo a novas e importantes descobertas\u201d. O evento contar\u00e1 com apresenta\u00e7\u00e3o de trabalhos, palestras, minicursos, mesas-redondas com pesquisadores de destaque na \u00e1rea.<\/p>\n<p>Est\u00e3o confirmadas no evento as palestras \u201cNovas abordagens sobre o \u00faltimo ancestral universal comum e suas implica\u00e7\u00f5es para o conceito de vida\u201d, com o professor da Universidade Federal da Para\u00edba, S\u00e1vio Torres de Farias; \u201cSolu\u00e7\u00f5es Biotecnol\u00f3gicas para a Preven\u00e7\u00e3o e Controle do Zika Virus\u201d, a ser ministrada pelo professor da Universidade Federal de Pernambuco e Universidade Federal Rural de Pernambuco, Lindomar Jos\u00e9 Pena; \u201cA Gen\u00e9tica Comunit\u00e1ria no Nordeste Brasileiro: pol\u00edticas, experi\u00eancias inovadoras e desafios\u201d, tendo como ministrante a docente da Universidade Estadual da Para\u00edba, Silvana Cristina dos Santos; \u201cOrganiza\u00e7\u00e3o gen\u00f4mica do HPV e o desenvolvimento do c\u00e2ncer cervical\u201d, com o professor da universidade Federal de Campina Grande, Ant\u00f4nio Humberto Pereira da Silva J\u00fanior.<\/p>\n<p>E ainda \u201cGenes e as tecnologias: est\u00edmulo cient\u00edfico rumo a novas e importantes descobertas\u201d, a ser ministrada pelo professor da Universidade Federal de Pernambuco, Marcos Ant\u00f4nio de Morais J\u00fanior; \u201cO Projeto Genogr\u00e1fico e a hist\u00f3ria do povoamento da Am\u00e9rica do Sul\u201d, tendo como ministrante o professor da Universidade Federal de Minas Gerais, Fabr\u00edcio Rodrigues dos Santos, e \u201cEpigen\u00e9tica\u201d, com a docente da Universidade Federal da Para\u00edba, Naila Francis Paulo de Oliveira.<\/p>\n<p>O evento tamb\u00e9m ter\u00e1 as mesas redondas \u201cUtiliza\u00e7\u00f5es biotecnol\u00f3gicas das Bact\u00e9rias L\u00e1cticas\u201d; \u201cMedicina Gen\u00f4mica\u201d; \u201cDa bioprospec\u00e7\u00e3o aos bioprodutos: novas e antigas aplica\u00e7\u00f5es de microrganismos e plantas\u201d; e os minicursos \u201cBioinform\u00e1tica B\u00e1sica\u201d, com 17 vagas; \u201cCitogen\u00e9tica Animal e Humana\u201d, com 15 vagas; \u201cGen\u00e9tica Forense: Universidade e Aplicabilidade\u201d, com 15 vagas; \u201cDesenvolvimento de nanossistemas aplicados a sa\u00fade\u201d, com 12 vagas, e \u201cGen\u00e9tica da conserva\u00e7\u00e3o aplicada \u00e0 biodiversidade neotropical\u201d, com 19 vagas.<\/p>\n<p>A submiss\u00e3o dos resumos para apresenta\u00e7\u00e3o de trabalhos em formato de p\u00f4ster poder\u00e1 ser feita at\u00e9 o dia 30 de setembro por meio do e-mail: engeb-pb@outlook.com. Os resumos dever\u00e3o ser submetidos com a indica\u00e7\u00e3o de sua respectiva \u00e1rea tem\u00e1tica: Gen\u00e9tica e Biotecnologia de microrganismos; Gen\u00e9tica e Biotecnologia vegetal; Gen\u00e9tica e Biotecnologia animal; Gen\u00e9tica e Biotecnologia humana e Evolu\u00e7\u00e3o e Bioinform\u00e1tica. Cada inscrito tem direito a submeter dois trabalhos para avalia\u00e7\u00e3o sendo necess\u00e1ria a inscri\u00e7\u00e3o no evento para validar a participa\u00e7\u00e3o.<\/p>\n<p>Outras informa\u00e7\u00f5es: <a href=\"http:\/\/engeb-pb.wixsite.com\/engebpb\">http:\/\/engeb-pb.wixsite.com\/engebpb<\/a><\/p>\n","protected":false},"excerpt":{"rendered":"<p>&nbsp; Com o objetivo de reunir pesquisadores, professores e estudantes das \u00e1reas da gen\u00e9tica, biologia molecular e biotecnologia da Para\u00edba e de outras regi\u00f5es, o Centro Acad\u00eamico e coordena\u00e7\u00e3o da gradua\u00e7\u00e3o em Ci\u00eancias Biol\u00f3gicas do Campus V da Universidade Estadual da Para\u00edba, promove, entre os dias 16 e 18 de novembro, o Encontro de Gen\u00e9tica <a class=\"leiamais\" href=\"https:\/\/centros.uepb.edu.br\/ccbsa\/encontro-de-genetica-e-biotecnologia-da-paraiba-que-sera-realizado-no-campus-v-discutira-tecnologias-e-descobertas-da-area\/\">Leia Mais&#8230;<\/a><\/p>\n","protected":false},"author":8,"featured_media":3499,"comment_status":"closed","ping_status":"closed","sticky":false,"template":"","format":"standard","meta":{"footnotes":""},"categories":[3,11],"tags":[],"class_list":["post-3495","post","type-post","status-publish","format-standard","has-post-thumbnail","hentry","category-noticias","category-noticias-destaque-img"],"jetpack_featured_media_url":"https:\/\/centros.uepb.edu.br\/ccbsa\/files\/2016\/09\/ENGEB-1.jpg","_links":{"self":[{"href":"https:\/\/centros.uepb.edu.br\/ccbsa\/wp-json\/wp\/v2\/posts\/3495","targetHints":{"allow":["GET"]}}],"collection":[{"href":"https:\/\/centros.uepb.edu.br\/ccbsa\/wp-json\/wp\/v2\/posts"}],"about":[{"href":"https:\/\/centros.uepb.edu.br\/ccbsa\/wp-json\/wp\/v2\/types\/post"}],"author":[{"embeddable":true,"href":"https:\/\/centros.uepb.edu.br\/ccbsa\/wp-json\/wp\/v2\/users\/8"}],"replies":[{"embeddable":true,"href":"https:\/\/centros.uepb.edu.br\/ccbsa\/wp-json\/wp\/v2\/comments?post=3495"}],"version-history":[{"count":0,"href":"https:\/\/centros.uepb.edu.br\/ccbsa\/wp-json\/wp\/v2\/posts\/3495\/revisions"}],"wp:featuredmedia":[{"embeddable":true,"href":"https:\/\/centros.uepb.edu.br\/ccbsa\/wp-json\/wp\/v2\/media\/3499"}],"wp:attachment":[{"href":"https:\/\/centros.uepb.edu.br\/ccbsa\/wp-json\/wp\/v2\/media?parent=3495"}],"wp:term":[{"taxonomy":"category","embeddable":true,"href":"https:\/\/centros.uepb.edu.br\/ccbsa\/wp-json\/wp\/v2\/categories?post=3495"},{"taxonomy":"post_tag","embeddable":true,"href":"https:\/\/centros.uepb.edu.br\/ccbsa\/wp-json\/wp\/v2\/tags?post=3495"}],"curies":[{"name":"wp","href":"https:\/\/api.w.org\/{rel}","templated":true}]}}