{"id":3488,"date":"2016-09-09T13:43:01","date_gmt":"2016-09-09T13:43:01","guid":{"rendered":"https:\/\/centros.uepb.edu.br\/ccbsa\/?p=3488"},"modified":"2016-09-20T13:27:32","modified_gmt":"2016-09-20T13:27:32","slug":"jornada-nacional-de-administracao-publica-sera-realizada-no-campus-v-na-proxima-sexta-e-sabado","status":"publish","type":"post","link":"https:\/\/centros.uepb.edu.br\/ccbsa\/jornada-nacional-de-administracao-publica-sera-realizada-no-campus-v-na-proxima-sexta-e-sabado\/","title":{"rendered":"Jornada Nacional de Administra\u00e7\u00e3o P\u00fablica ser\u00e1 realizada no Campus V na pr\u00f3xima sexta e s\u00e1bado"},"content":{"rendered":"<div class=\"row\"><\/div>\n<div class=\"row margem-topo-20\">\n<div id=\"conteudo-principal\" class=\"col-lg-8 col-md-8 col-sm-12 col-xs-12 principal\">\n<article>\n<div class=\"conteudo\">\n<div class=\"data\">\u00a0<a href=\"https:\/\/centros.uepb.edu.br\/ccbsa\/files\/2016\/09\/jonap_slide_site-UEPB_2-1.png\"><img loading=\"lazy\" decoding=\"async\" class=\"aligncenter size-full wp-image-3518 img-responsive\" src=\"https:\/\/centros.uepb.edu.br\/ccbsa\/files\/2016\/09\/jonap_slide_site-UEPB_2-1.png\" alt=\"jonap_slide_site-uepb_2\" width=\"840\" height=\"454\" srcset=\"https:\/\/centros.uepb.edu.br\/ccbsa\/files\/2016\/09\/jonap_slide_site-UEPB_2-1.png 840w, https:\/\/centros.uepb.edu.br\/ccbsa\/files\/2016\/09\/jonap_slide_site-UEPB_2-1-300x162.png 300w, https:\/\/centros.uepb.edu.br\/ccbsa\/files\/2016\/09\/jonap_slide_site-UEPB_2-1-768x415.png 768w, https:\/\/centros.uepb.edu.br\/ccbsa\/files\/2016\/09\/jonap_slide_site-UEPB_2-1-370x200.png 370w\" sizes=\"auto, (max-width: 840px) 100vw, 840px\" \/><\/a><\/div>\n<div class=\"texto entry-content content\">\n<p>&nbsp;<\/p>\n<p>O Campus V da Universidade Estadual da Para\u00edba sediar\u00e1 a 1\u00aa Jornada Nacional de Administra\u00e7\u00e3o P\u00fablica (JONAP) promovida pelo curso de Administra\u00e7\u00e3o P\u00fablica da Universidade Estadual da Para\u00edba (UEPB), juntamente com a Pr\u00f3-Reitoria de Ensino M\u00e9dio, T\u00e9cnico e Educa\u00e7\u00e3o a Dist\u00e2ncia (PROEAD), que ser\u00e1 realizada durante os dias 23 e 24 de setembro.\u00a0Os interessados em inscrever-se no evento devem acessar o site (<a href=\"http:\/\/congresso.uepb.edu.br\/jonap\">http:\/\/congresso.uepb.edu.br\/jonap<\/a>) e confirmar seu interesse em participar com ou sem envio de trabalho.<\/p>\n<p>As inscri\u00e7\u00f5es s\u00e3o gratuitas para alunos do curso de Administra\u00e7\u00e3o P\u00fablica da UEPB, modalidade Educa\u00e7\u00e3o a Dist\u00e2ncia (EaD), mas no momento do credenciamento ser\u00e1 solicitada a doa\u00e7\u00e3o de dois quilos de alimentos n\u00e3o perec\u00edveis, que posteriormente ser\u00e3o doados a institui\u00e7\u00f5es sociais. A programa\u00e7\u00e3o conta com a realiza\u00e7\u00e3o de palestras que abordam temas atuais sobre a gest\u00e3o p\u00fablica, al\u00e9m de oficinas sobre temas afins do evento, com atividades orientadas por um facilitador respons\u00e1vel pelo conte\u00fado e din\u00e2mica da atividade, atrav\u00e9s da pr\u00e1tica e da partilha coletiva de experi\u00eancias, e ainda a apresenta\u00e7\u00e3o dos trabalhos inscritos.<\/p>\n<p>Os interessados em participar com apresenta\u00e7\u00e3o de trabalho podem se inscrever at\u00e9 o dia 12 de setembro, sendo necess\u00e1rio escolher uma das seguintes \u00e1reas dispon\u00edveis no JONAP: Gest\u00e3o P\u00fablica, Qualidade em Servi\u00e7os, Gest\u00e3o e Sustentabilidade, Gest\u00e3o de Pessoas, Gest\u00e3o Estrat\u00e9gica, Gest\u00e3o de Projetos, Gest\u00e3o da Inova\u00e7\u00e3o, Gest\u00e3o da Informa\u00e7\u00e3o, Gest\u00e3o Financeira e Gest\u00e3o da Produ\u00e7\u00e3o.<\/p>\n<p>A programa\u00e7\u00e3o ainda conta com as oficinas \u201cEmpreendimentos econ\u00f4mico e solid\u00e1rios: implanta\u00e7\u00e3o de projetos de coleta seletiva de materiais recicl\u00e1veis\u201d e \u201cCoaching de excel\u00eancia para a sua carreira profissional\u201d. J\u00e1 o minicurso oferecido ser\u00e1 \u201cElabora\u00e7\u00e3o de projetos e capta\u00e7\u00e3o de recursos p\u00fablicos\u201d. A palestra de abertura ser\u00e1 ministrada pelo gestor p\u00fablico, Murilo Henrique Alves Baihe, da Secretaria de Planejamento, Or\u00e7amento e Gest\u00e3o (SEPLAG\/PE), que abordar\u00e1 o tema \u201cGest\u00e3o Estrat\u00e9gica na Gest\u00e3o P\u00fablica\u201d.<\/p>\n<p>Outras informa\u00e7\u00f5es podem ser obtidas pelo e-mail jornadadeadmpub@gmail.com ou pelo telefone (83) 3315-3431.<\/p>\n<p><em><strong>Texto<\/strong>: Givaldo Cavalcanti<\/em><\/p>\n<\/div>\n<\/div>\n<\/article>\n<\/div>\n<\/div>\n","protected":false},"excerpt":{"rendered":"<p>\u00a0 &nbsp; O Campus V da Universidade Estadual da Para\u00edba sediar\u00e1 a 1\u00aa Jornada Nacional de Administra\u00e7\u00e3o P\u00fablica (JONAP) promovida pelo curso de Administra\u00e7\u00e3o P\u00fablica da Universidade Estadual da Para\u00edba (UEPB), juntamente com a Pr\u00f3-Reitoria de Ensino M\u00e9dio, T\u00e9cnico e Educa\u00e7\u00e3o a Dist\u00e2ncia (PROEAD), que ser\u00e1 realizada durante os dias 23 e 24 de setembro.\u00a0Os <a class=\"leiamais\" href=\"https:\/\/centros.uepb.edu.br\/ccbsa\/jornada-nacional-de-administracao-publica-sera-realizada-no-campus-v-na-proxima-sexta-e-sabado\/\">Leia Mais&#8230;<\/a><\/p>\n","protected":false},"author":8,"featured_media":3489,"comment_status":"closed","ping_status":"closed","sticky":false,"template":"","format":"standard","meta":{"footnotes":""},"categories":[3,11],"tags":[],"class_list":["post-3488","post","type-post","status-publish","format-standard","has-post-thumbnail","hentry","category-noticias","category-noticias-destaque-img"],"jetpack_featured_media_url":"https:\/\/centros.uepb.edu.br\/ccbsa\/files\/2016\/09\/jonap_slide_site-UEPB_2.png","_links":{"self":[{"href":"https:\/\/centros.uepb.edu.br\/ccbsa\/wp-json\/wp\/v2\/posts\/3488","targetHints":{"allow":["GET"]}}],"collection":[{"href":"https:\/\/centros.uepb.edu.br\/ccbsa\/wp-json\/wp\/v2\/posts"}],"about":[{"href":"https:\/\/centros.uepb.edu.br\/ccbsa\/wp-json\/wp\/v2\/types\/post"}],"author":[{"embeddable":true,"href":"https:\/\/centros.uepb.edu.br\/ccbsa\/wp-json\/wp\/v2\/users\/8"}],"replies":[{"embeddable":true,"href":"https:\/\/centros.uepb.edu.br\/ccbsa\/wp-json\/wp\/v2\/comments?post=3488"}],"version-history":[{"count":0,"href":"https:\/\/centros.uepb.edu.br\/ccbsa\/wp-json\/wp\/v2\/posts\/3488\/revisions"}],"wp:featuredmedia":[{"embeddable":true,"href":"https:\/\/centros.uepb.edu.br\/ccbsa\/wp-json\/wp\/v2\/media\/3489"}],"wp:attachment":[{"href":"https:\/\/centros.uepb.edu.br\/ccbsa\/wp-json\/wp\/v2\/media?parent=3488"}],"wp:term":[{"taxonomy":"category","embeddable":true,"href":"https:\/\/centros.uepb.edu.br\/ccbsa\/wp-json\/wp\/v2\/categories?post=3488"},{"taxonomy":"post_tag","embeddable":true,"href":"https:\/\/centros.uepb.edu.br\/ccbsa\/wp-json\/wp\/v2\/tags?post=3488"}],"curies":[{"name":"wp","href":"https:\/\/api.w.org\/{rel}","templated":true}]}}