{"id":3479,"date":"2016-09-09T13:03:12","date_gmt":"2016-09-09T13:03:12","guid":{"rendered":"https:\/\/centros.uepb.edu.br\/ccbsa\/?p=3479"},"modified":"2016-09-09T13:03:12","modified_gmt":"2016-09-09T13:03:12","slug":"campus-v-da-uepb-sedia-debate-sobre-cultura-e-relacoes-internacionais-e-apresentacao-de-revista-da-secult","status":"publish","type":"post","link":"https:\/\/centros.uepb.edu.br\/ccbsa\/campus-v-da-uepb-sedia-debate-sobre-cultura-e-relacoes-internacionais-e-apresentacao-de-revista-da-secult\/","title":{"rendered":"Campus V da UEPB sedia debate sobre Cultura e Rela\u00e7\u00f5es Internacionais e apresenta\u00e7\u00e3o de revista da Secult"},"content":{"rendered":"<p>&nbsp;<\/p>\n<p><a href=\"https:\/\/centros.uepb.edu.br\/ccbsa\/files\/2016\/09\/DSC04908.jpg\"><img loading=\"lazy\" decoding=\"async\" class=\"aligncenter wp-image-3481 size-full img-responsive\" src=\"https:\/\/centros.uepb.edu.br\/ccbsa\/files\/2016\/09\/DSC04908.jpg\" width=\"840\" height=\"454\" srcset=\"https:\/\/centros.uepb.edu.br\/ccbsa\/files\/2016\/09\/DSC04908.jpg 840w, https:\/\/centros.uepb.edu.br\/ccbsa\/files\/2016\/09\/DSC04908-300x162.jpg 300w, https:\/\/centros.uepb.edu.br\/ccbsa\/files\/2016\/09\/DSC04908-768x415.jpg 768w, https:\/\/centros.uepb.edu.br\/ccbsa\/files\/2016\/09\/DSC04908-370x200.jpg 370w\" sizes=\"auto, (max-width: 840px) 100vw, 840px\" \/><\/a><\/p>\n<p>\u201cAs institui\u00e7\u00f5es de cultura precisam cada vez mais estar dentro das universidades e as universidades precisam povoar as institui\u00e7\u00f5es de cultura\u201d, essa perspectiva do secret\u00e1rio de cultura do Estado da Para\u00edba Lau Siqueira, foi apresentada durante o debate sobre cultura e Rela\u00e7\u00f5es Internacionais realizado nesta quinta-feira, 8, no Campus V da Universidade Estadual da Para\u00edba, que contou com a participa\u00e7\u00e3o do secret\u00e1rio, al\u00e9m de docentes do Centro de Ci\u00eancias Biol\u00f3gicas e Sociais Aplicadas e do gerente-executivo de Promo\u00e7\u00e3o Cultural da Secretaria de Cultura da Para\u00edba, Milton Dornellas.<\/p>\n<p>Durante a discuss\u00e3o tamb\u00e9m foi apresentada \u00e0 comunidade acad\u00eamica a nova publica\u00e7\u00e3o da Secult, a \u201cRevista Piriah\u201d, que re\u00fane o conte\u00fado produzido por poetas, comunic\u00f3logos, gestores e professores que discorrem sobre as diversas vertentes da cultura erudita e popular. Entre os artigos divulgados est\u00e1 o texto \u201cManifesto pol\u00edtico cosmopolita antropof\u00e1gico\u201d, de autoria do professor do Campus V, Carlos Enrique Ruiz.<\/p>\n<p>Participaram dos debates os docentes da UEPB Carlos Enrique Ruiz, Henrique Fran\u00e7a, Julio Cabrera, Murilo Mesquita e Vancarder Brito. Na oportunidade, o professor Vancarder Brito destacou a import\u00e2ncia da cultura que surge num cen\u00e1rio de sustentabilidade humana, sensibilidade, baseado na ideia de um discurso social inclusivo, numa dimens\u00e3o de solidariedade.<\/p>\n<p>Segundo Lau Siqueira j\u00e1 est\u00e1 sendo preparada chamada p\u00fablica para a segunda edi\u00e7\u00e3o da Piriah, que \u00e9 semestral, buscando reconhecer os valores hist\u00f3ricos e culturais da Para\u00edba, e possibilitando um debate definido pelos idealizadores como \u201cest\u00e9tico e voltado a express\u00e3o de pensamentos\u201d.<\/p>\n","protected":false},"excerpt":{"rendered":"<p>&nbsp; \u201cAs institui\u00e7\u00f5es de cultura precisam cada vez mais estar dentro das universidades e as universidades precisam povoar as institui\u00e7\u00f5es de cultura\u201d, essa perspectiva do secret\u00e1rio de cultura do Estado da Para\u00edba Lau Siqueira, foi apresentada durante o debate sobre cultura e Rela\u00e7\u00f5es Internacionais realizado nesta quinta-feira, 8, no Campus V da Universidade Estadual da <a class=\"leiamais\" href=\"https:\/\/centros.uepb.edu.br\/ccbsa\/campus-v-da-uepb-sedia-debate-sobre-cultura-e-relacoes-internacionais-e-apresentacao-de-revista-da-secult\/\">Leia Mais&#8230;<\/a><\/p>\n","protected":false},"author":8,"featured_media":3481,"comment_status":"closed","ping_status":"closed","sticky":false,"template":"","format":"standard","meta":{"footnotes":""},"categories":[3,11],"tags":[],"class_list":["post-3479","post","type-post","status-publish","format-standard","has-post-thumbnail","hentry","category-noticias","category-noticias-destaque-img"],"jetpack_featured_media_url":"https:\/\/centros.uepb.edu.br\/ccbsa\/files\/2016\/09\/DSC04908.jpg","_links":{"self":[{"href":"https:\/\/centros.uepb.edu.br\/ccbsa\/wp-json\/wp\/v2\/posts\/3479","targetHints":{"allow":["GET"]}}],"collection":[{"href":"https:\/\/centros.uepb.edu.br\/ccbsa\/wp-json\/wp\/v2\/posts"}],"about":[{"href":"https:\/\/centros.uepb.edu.br\/ccbsa\/wp-json\/wp\/v2\/types\/post"}],"author":[{"embeddable":true,"href":"https:\/\/centros.uepb.edu.br\/ccbsa\/wp-json\/wp\/v2\/users\/8"}],"replies":[{"embeddable":true,"href":"https:\/\/centros.uepb.edu.br\/ccbsa\/wp-json\/wp\/v2\/comments?post=3479"}],"version-history":[{"count":0,"href":"https:\/\/centros.uepb.edu.br\/ccbsa\/wp-json\/wp\/v2\/posts\/3479\/revisions"}],"wp:featuredmedia":[{"embeddable":true,"href":"https:\/\/centros.uepb.edu.br\/ccbsa\/wp-json\/wp\/v2\/media\/3481"}],"wp:attachment":[{"href":"https:\/\/centros.uepb.edu.br\/ccbsa\/wp-json\/wp\/v2\/media?parent=3479"}],"wp:term":[{"taxonomy":"category","embeddable":true,"href":"https:\/\/centros.uepb.edu.br\/ccbsa\/wp-json\/wp\/v2\/categories?post=3479"},{"taxonomy":"post_tag","embeddable":true,"href":"https:\/\/centros.uepb.edu.br\/ccbsa\/wp-json\/wp\/v2\/tags?post=3479"}],"curies":[{"name":"wp","href":"https:\/\/api.w.org\/{rel}","templated":true}]}}